{"id":13310,"date":"2025-03-05T20:18:38","date_gmt":"2025-03-05T19:18:38","guid":{"rendered":"https:\/\/www.fayence-steinzeug-vogt.de\/de\/?p=13310"},"modified":"2025-03-05T20:18:39","modified_gmt":"2025-03-05T19:18:39","slug":"nuremberg-faience-tankard-dated-1757","status":"publish","type":"post","link":"https:\/\/www.fayence-steinzeug-vogt.de\/de\/nuremberg-faience-tankard-dated-1757\/","title":{"rendered":"Nuremberg Faience Tankard dated 1757"},"content":{"rendered":"\n<h2 class=\"wp-block-heading\">The Raising of Lazarus painted by Georg Friedrich Kordenbusch<\/h2>\n\n\n\n<figure class=\"wp-block-gallery has-nested-images columns-default is-cropped wp-block-gallery-1 is-layout-flex wp-block-gallery-is-layout-flex\">\n<figure data-wp-context=\"{&quot;imageId&quot;:&quot;69ef2774c405f&quot;}\" data-wp-interactive=\"core\/image\" data-wp-key=\"69ef2774c405f\" class=\"wp-block-image size-large wp-lightbox-container\"><img loading=\"lazy\" decoding=\"async\" width=\"720\" height=\"1024\" data-wp-class--hide=\"state.isContentHidden\" data-wp-class--show=\"state.isContentVisible\" data-wp-init=\"callbacks.setButtonStyles\" data-wp-on--click=\"actions.showLightbox\" data-wp-on--load=\"callbacks.setButtonStyles\" data-wp-on-window--resize=\"callbacks.setButtonStyles\" data-id=\"12893\" src=\"https:\/\/www.fayence-steinzeug-vogt.de\/wp-content\/uploads\/2025\/02\/Nueremberg-Faience-tankard-kordenbusch-lazarus-dated-1757-720x1024.jpg\" alt=\"Nueremberg-Faience-tankard-kordenbusch-lazarus-dated-1757\" class=\"wp-image-12893\" srcset=\"https:\/\/www.fayence-steinzeug-vogt.de\/wp-content\/uploads\/2025\/02\/Nueremberg-Faience-tankard-kordenbusch-lazarus-dated-1757-720x1024.jpg 720w, https:\/\/www.fayence-steinzeug-vogt.de\/wp-content\/uploads\/2025\/02\/Nueremberg-Faience-tankard-kordenbusch-lazarus-dated-1757-211x300.jpg 211w, https:\/\/www.fayence-steinzeug-vogt.de\/wp-content\/uploads\/2025\/02\/Nueremberg-Faience-tankard-kordenbusch-lazarus-dated-1757-768x1093.jpg 768w, https:\/\/www.fayence-steinzeug-vogt.de\/wp-content\/uploads\/2025\/02\/Nueremberg-Faience-tankard-kordenbusch-lazarus-dated-1757-1079x1536.jpg 1079w, https:\/\/www.fayence-steinzeug-vogt.de\/wp-content\/uploads\/2025\/02\/Nueremberg-Faience-tankard-kordenbusch-lazarus-dated-1757-1439x2048.jpg 1439w, https:\/\/www.fayence-steinzeug-vogt.de\/wp-content\/uploads\/2025\/02\/Nueremberg-Faience-tankard-kordenbusch-lazarus-dated-1757-scaled.jpg 1799w\" sizes=\"(max-width: 720px) 100vw, 720px\" \/><button\n\t\t\tclass=\"lightbox-trigger\"\n\t\t\ttype=\"button\"\n\t\t\taria-haspopup=\"dialog\"\n\t\t\taria-label=\"Vergr\u00f6\u00dfern\"\n\t\t\tdata-wp-init=\"callbacks.initTriggerButton\"\n\t\t\tdata-wp-on--click=\"actions.showLightbox\"\n\t\t\tdata-wp-style--right=\"state.imageButtonRight\"\n\t\t\tdata-wp-style--top=\"state.imageButtonTop\"\n\t\t>\n\t\t\t<svg xmlns=\"http:\/\/www.w3.org\/2000\/svg\" width=\"12\" height=\"12\" fill=\"none\" viewBox=\"0 0 12 12\">\n\t\t\t\t<path fill=\"#fff\" d=\"M2 0a2 2 0 0 0-2 2v2h1.5V2a.5.5 0 0 1 .5-.5h2V0H2Zm2 10.5H2a.5.5 0 0 1-.5-.5V8H0v2a2 2 0 0 0 2 2h2v-1.5ZM8 12v-1.5h2a.5.5 0 0 0 .5-.5V8H12v2a2 2 0 0 1-2 2H8Zm2-12a2 2 0 0 1 2 2v2h-1.5V2a.5.5 0 0 0-.5-.5H8V0h2Z\" \/>\n\t\t\t<\/svg>\n\t\t<\/button><figcaption class=\"wp-element-caption\">Nuremberg Faience Tankard dated 1757, Nuremberg Pewter Mounts by Johann Georg Marx, H. 23 cm<\/figcaption><\/figure>\n\n\n\n<figure data-wp-context=\"{&quot;imageId&quot;:&quot;69ef2774c4863&quot;}\" data-wp-interactive=\"core\/image\" data-wp-key=\"69ef2774c4863\" class=\"wp-block-image size-large wp-lightbox-container\"><img loading=\"lazy\" decoding=\"async\" width=\"767\" height=\"1024\" data-wp-class--hide=\"state.isContentHidden\" data-wp-class--show=\"state.isContentVisible\" data-wp-init=\"callbacks.setButtonStyles\" data-wp-on--click=\"actions.showLightbox\" data-wp-on--load=\"callbacks.setButtonStyles\" data-wp-on-window--resize=\"callbacks.setButtonStyles\" data-id=\"13312\" src=\"https:\/\/www.fayence-steinzeug-vogt.de\/wp-content\/uploads\/2025\/03\/Nueremberg-Faience-tankard-kordenbusch-ressurection-lazarus-dated-1757-767x1024.jpg\" alt=\"Nueremberg-Faience-tankard-kordenbusch-ressurection-lazarus-dated-1757\" class=\"wp-image-13312\" srcset=\"https:\/\/www.fayence-steinzeug-vogt.de\/wp-content\/uploads\/2025\/03\/Nueremberg-Faience-tankard-kordenbusch-ressurection-lazarus-dated-1757-767x1024.jpg 767w, https:\/\/www.fayence-steinzeug-vogt.de\/wp-content\/uploads\/2025\/03\/Nueremberg-Faience-tankard-kordenbusch-ressurection-lazarus-dated-1757-225x300.jpg 225w, https:\/\/www.fayence-steinzeug-vogt.de\/wp-content\/uploads\/2025\/03\/Nueremberg-Faience-tankard-kordenbusch-ressurection-lazarus-dated-1757-768x1026.jpg 768w, https:\/\/www.fayence-steinzeug-vogt.de\/wp-content\/uploads\/2025\/03\/Nueremberg-Faience-tankard-kordenbusch-ressurection-lazarus-dated-1757-1150x1536.jpg 1150w, https:\/\/www.fayence-steinzeug-vogt.de\/wp-content\/uploads\/2025\/03\/Nueremberg-Faience-tankard-kordenbusch-ressurection-lazarus-dated-1757-1534x2048.jpg 1534w, https:\/\/www.fayence-steinzeug-vogt.de\/wp-content\/uploads\/2025\/03\/Nueremberg-Faience-tankard-kordenbusch-ressurection-lazarus-dated-1757-scaled.jpg 1917w\" sizes=\"(max-width: 767px) 100vw, 767px\" \/><button\n\t\t\tclass=\"lightbox-trigger\"\n\t\t\ttype=\"button\"\n\t\t\taria-haspopup=\"dialog\"\n\t\t\taria-label=\"Vergr\u00f6\u00dfern\"\n\t\t\tdata-wp-init=\"callbacks.initTriggerButton\"\n\t\t\tdata-wp-on--click=\"actions.showLightbox\"\n\t\t\tdata-wp-style--right=\"state.imageButtonRight\"\n\t\t\tdata-wp-style--top=\"state.imageButtonTop\"\n\t\t>\n\t\t\t<svg xmlns=\"http:\/\/www.w3.org\/2000\/svg\" width=\"12\" height=\"12\" fill=\"none\" viewBox=\"0 0 12 12\">\n\t\t\t\t<path fill=\"#fff\" d=\"M2 0a2 2 0 0 0-2 2v2h1.5V2a.5.5 0 0 1 .5-.5h2V0H2Zm2 10.5H2a.5.5 0 0 1-.5-.5V8H0v2a2 2 0 0 0 2 2h2v-1.5ZM8 12v-1.5h2a.5.5 0 0 0 .5-.5V8H12v2a2 2 0 0 1-2 2H8Zm2-12a2 2 0 0 1 2 2v2h-1.5V2a.5.5 0 0 0-.5-.5H8V0h2Z\" \/>\n\t\t\t<\/svg>\n\t\t<\/button><figcaption class=\"wp-element-caption\">Raising of Lazarus painted by Georg Friedrich Kordenbusch<\/figcaption><\/figure>\n<\/figure>\n\n\n\n<p>Known for a refined blue and white decorative style inspired by Dutch Delft pottery, this tankard exemplifies the exceptional skill of the painter Georg Friedrich Kordenbusch creating decorations with narrative depth depicting biblical scenes using the blue and white palette in an intricate composition. Sophisticated use of blue pigments, ranging from deep cobalt to softer azure tones and precise, delicate brushwork that captured fine details and emotional nuances are the hallmarks of the Kordenbusch workshop&#8217;s distinctive style. <\/p>\n\n\n\n<h4 class=\"wp-block-heading\">Kordenbusch Workshop and Georg Friedrich Kordenbusch<\/h4>\n\n\n\n<p>The heyday of the Nuremberg faience workshop is particularly associated with the name Kordenbusch. Andreas Kordenbusch, who died on March 25, 1754, first appears as an \u201chonorable and artistically experienced painter\u201d. Then the even superior painter Georg Friedrich Kordenbusch, who died on May 20, 1763, is also described in the death register as \u201chonorable and famous for his art\u201d. His works can be identified by the three dots he placed next to his initials or name. (see mark below)<\/p>\n\n\n\n<figure data-wp-context=\"{&quot;imageId&quot;:&quot;69ef2774c5cdd&quot;}\" data-wp-interactive=\"core\/image\" data-wp-key=\"69ef2774c5cdd\" class=\"wp-block-image size-large is-resized wp-lightbox-container\"><img loading=\"lazy\" decoding=\"async\" width=\"1024\" height=\"977\" data-wp-class--hide=\"state.isContentHidden\" data-wp-class--show=\"state.isContentVisible\" data-wp-init=\"callbacks.setButtonStyles\" data-wp-on--click=\"actions.showLightbox\" data-wp-on--load=\"callbacks.setButtonStyles\" data-wp-on-window--resize=\"callbacks.setButtonStyles\" src=\"https:\/\/www.fayence-steinzeug-vogt.de\/wp-content\/uploads\/2025\/03\/Nuremberg-faience-kordenbusch-mark-1024x977.jpg\" alt=\"\" class=\"wp-image-13334\" style=\"width:454px;height:auto\" srcset=\"https:\/\/www.fayence-steinzeug-vogt.de\/wp-content\/uploads\/2025\/03\/Nuremberg-faience-kordenbusch-mark-1024x977.jpg 1024w, https:\/\/www.fayence-steinzeug-vogt.de\/wp-content\/uploads\/2025\/03\/Nuremberg-faience-kordenbusch-mark-300x286.jpg 300w, https:\/\/www.fayence-steinzeug-vogt.de\/wp-content\/uploads\/2025\/03\/Nuremberg-faience-kordenbusch-mark-768x733.jpg 768w, https:\/\/www.fayence-steinzeug-vogt.de\/wp-content\/uploads\/2025\/03\/Nuremberg-faience-kordenbusch-mark-1536x1466.jpg 1536w, https:\/\/www.fayence-steinzeug-vogt.de\/wp-content\/uploads\/2025\/03\/Nuremberg-faience-kordenbusch-mark.jpg 1920w\" sizes=\"(max-width: 1024px) 100vw, 1024px\" \/><button\n\t\t\tclass=\"lightbox-trigger\"\n\t\t\ttype=\"button\"\n\t\t\taria-haspopup=\"dialog\"\n\t\t\taria-label=\"Vergr\u00f6\u00dfern\"\n\t\t\tdata-wp-init=\"callbacks.initTriggerButton\"\n\t\t\tdata-wp-on--click=\"actions.showLightbox\"\n\t\t\tdata-wp-style--right=\"state.imageButtonRight\"\n\t\t\tdata-wp-style--top=\"state.imageButtonTop\"\n\t\t>\n\t\t\t<svg xmlns=\"http:\/\/www.w3.org\/2000\/svg\" width=\"12\" height=\"12\" fill=\"none\" viewBox=\"0 0 12 12\">\n\t\t\t\t<path fill=\"#fff\" d=\"M2 0a2 2 0 0 0-2 2v2h1.5V2a.5.5 0 0 1 .5-.5h2V0H2Zm2 10.5H2a.5.5 0 0 1-.5-.5V8H0v2a2 2 0 0 0 2 2h2v-1.5ZM8 12v-1.5h2a.5.5 0 0 0 .5-.5V8H12v2a2 2 0 0 1-2 2H8Zm2-12a2 2 0 0 1 2 2v2h-1.5V2a.5.5 0 0 0-.5-.5H8V0h2Z\" \/>\n\t\t\t<\/svg>\n\t\t<\/button><figcaption class=\"wp-element-caption\">Marks of Georg Friedrich Kordenbusch and his Workshop <\/figcaption><\/figure>\n\n\n\n<h4 class=\"wp-block-heading\">Biblical Context<\/h4>\n\n\n\n<p>John 11:1-44 describes Jesus performing one of his most powerful miracles:<br>Lazarus, brother of Mary and Martha, had been dead for four days Jesus calls Lazarus out of the tomb, dramatically bringing him back to life. <br>The Resurrection of Lazarus is a theological narrative with emphasis on the miraculous moment of raising symbolizing hope, divine power, and the promise of salvation.<\/p>\n\n\n\n<h4 class=\"wp-block-heading\">Engraving by Matth\u00e4us Merian the Elder:<\/h4>\n\n\n\n<div class=\"wp-block-media-text is-stacked-on-mobile\" style=\"grid-template-columns:52% auto\"><figure class=\"wp-block-media-text__media\"><a href=\"https:\/\/online-sammlung.hamburger-kunsthalle.de\/de\/objekt\/kb-1915-554-200\" target=\"_blank\" rel=\" noreferrer noopener\"><img loading=\"lazy\" decoding=\"async\" width=\"1024\" height=\"854\" src=\"https:\/\/www.fayence-steinzeug-vogt.de\/wp-content\/uploads\/2025\/03\/sammlung-online-kunsthalle-hamburg-merian-auferweckung-lazarus-johannis-xi-1024x854.jpg\" alt=\"\" class=\"wp-image-13324 size-full\" srcset=\"https:\/\/www.fayence-steinzeug-vogt.de\/wp-content\/uploads\/2025\/03\/sammlung-online-kunsthalle-hamburg-merian-auferweckung-lazarus-johannis-xi-1024x854.jpg 1024w, https:\/\/www.fayence-steinzeug-vogt.de\/wp-content\/uploads\/2025\/03\/sammlung-online-kunsthalle-hamburg-merian-auferweckung-lazarus-johannis-xi-300x250.jpg 300w, https:\/\/www.fayence-steinzeug-vogt.de\/wp-content\/uploads\/2025\/03\/sammlung-online-kunsthalle-hamburg-merian-auferweckung-lazarus-johannis-xi-768x641.jpg 768w, https:\/\/www.fayence-steinzeug-vogt.de\/wp-content\/uploads\/2025\/03\/sammlung-online-kunsthalle-hamburg-merian-auferweckung-lazarus-johannis-xi.jpg 1250w\" sizes=\"(max-width: 1024px) 100vw, 1024px\" \/><\/a><\/figure><div class=\"wp-block-media-text__content\">\n<p>Matthaeus Merian der \u00c4ltere, Radierer<br>Verlag Lazarus Zetzners Erben, Stra\u00dfburg, Drucker, Verleger<br>Auferweckung des Lazarus, 1629<br>In: &#8222;ICONES BIBLICAE&#8220;; Stra\u00dfburg 1629, Pars IV, S.79 (fol. Kk4 recto)<\/p>\n\n\n\n<p>Hamburger Kunsthalle, Bibliothek<br>Inv. Nr.: kb-1915-554-200<br><a href=\"https:\/\/online-sammlung.hamburger-kunsthalle.de\/de\/objekt\/kb-1915-554-200\">https:\/\/online-sammlung.hamburger-kunsthalle.de\/de\/objekt\/kb-1915-554-200<\/a><\/p>\n<\/div><\/div>\n\n\n\n<h4 class=\"wp-block-heading\">Reference Object Germanisches Nationalmuseum, N\u00fcrnberg<\/h4>\n\n\n\n<div class=\"wp-block-media-text is-stacked-on-mobile\"><figure class=\"wp-block-media-text__media\"><a href=\"http:\/\/objektkatalog.gnm.de\/objekt\/Ke5684\" target=\"_blank\" rel=\" noreferrer noopener\"><img loading=\"lazy\" decoding=\"async\" width=\"754\" height=\"1024\" src=\"https:\/\/www.fayence-steinzeug-vogt.de\/wp-content\/uploads\/2025\/03\/GNM-Nuernberg-fayence-walzenkrug-kordenbusch-754x1024.jpg\" alt=\"\" class=\"wp-image-13330 size-full\" srcset=\"https:\/\/www.fayence-steinzeug-vogt.de\/wp-content\/uploads\/2025\/03\/GNM-Nuernberg-fayence-walzenkrug-kordenbusch-754x1024.jpg 754w, https:\/\/www.fayence-steinzeug-vogt.de\/wp-content\/uploads\/2025\/03\/GNM-Nuernberg-fayence-walzenkrug-kordenbusch-221x300.jpg 221w, https:\/\/www.fayence-steinzeug-vogt.de\/wp-content\/uploads\/2025\/03\/GNM-Nuernberg-fayence-walzenkrug-kordenbusch-768x1043.jpg 768w, https:\/\/www.fayence-steinzeug-vogt.de\/wp-content\/uploads\/2025\/03\/GNM-Nuernberg-fayence-walzenkrug-kordenbusch.jpg 892w\" sizes=\"(max-width: 754px) 100vw, 754px\" \/><\/a><\/figure><div class=\"wp-block-media-text__content\">\n<p><br>N\u00fcrnberg um 1750 <br>Kordenbusch Werkstatt <br>Der Krug zeigt die Auferstehung Christi<br><\/p>\n\n\n\n<p>H\u00f6he mit Standring 20,1 cm, <br>Durchmesser oben 16 cm, <br>H\u00f6he gesamt 26,7 cm<\/p>\n\n\n\n<p>Permalink<br>http:\/\/objektkatalog.gnm.de\/objekt\/Ke5684Copyright Germanisches Nationalmuseum<\/p>\n<\/div><\/div>\n\n\n\n<h4 class=\"wp-block-heading\">Reference Object Victoria + Albert Museum, London<\/h4>\n\n\n\n<div class=\"wp-block-media-text is-stacked-on-mobile\"><figure class=\"wp-block-media-text__media\"><a href=\"https:\/\/collections.vam.ac.uk\/item\/O161651\/tankard-kordenbusch-georg-friedrich\/\" target=\"_blank\" rel=\" noreferrer noopener\"><img loading=\"lazy\" decoding=\"async\" width=\"768\" height=\"1024\" src=\"https:\/\/www.fayence-steinzeug-vogt.de\/wp-content\/uploads\/2025\/03\/VA-London-nuremberg-faience-tankard-kordenbusch-768x1024.jpg\" alt=\"\" class=\"wp-image-13328 size-full\" srcset=\"https:\/\/www.fayence-steinzeug-vogt.de\/wp-content\/uploads\/2025\/03\/VA-London-nuremberg-faience-tankard-kordenbusch-768x1024.jpg 768w, https:\/\/www.fayence-steinzeug-vogt.de\/wp-content\/uploads\/2025\/03\/VA-London-nuremberg-faience-tankard-kordenbusch-225x300.jpg 225w, https:\/\/www.fayence-steinzeug-vogt.de\/wp-content\/uploads\/2025\/03\/VA-London-nuremberg-faience-tankard-kordenbusch-1152x1536.jpg 1152w, https:\/\/www.fayence-steinzeug-vogt.de\/wp-content\/uploads\/2025\/03\/VA-London-nuremberg-faience-tankard-kordenbusch-1536x2048.jpg 1536w, https:\/\/www.fayence-steinzeug-vogt.de\/wp-content\/uploads\/2025\/03\/VA-London-nuremberg-faience-tankard-kordenbusch.jpg 1875w\" sizes=\"(max-width: 768px) 100vw, 768px\" \/><\/a><\/figure><div class=\"wp-block-media-text__content\">\n<p>Blue tinted tin-glazed earthenware painted with an image of the Baptism of Christ. Probably painted in the workshop of Georg Kordenbusch. <\/p>\n\n\n\n<p>German (Nuremberg), about 1740<br>Marks and inscriptions<br>&#8218;K&#8216;<\/p>\n\n\n\n<p><\/p>\n\n\n\n<p>copyright V&amp;A&#8217;s collections<br><a href=\"https:\/\/collections.vam.ac.uk\/item\/O161651\/tankard-kordenbusch-georg-friedrich\/\">https:\/\/collections.vam.ac.uk\/item\/O161651\/tankard-kordenbusch-georg-friedrich\/<\/a><\/p>\n<\/div><\/div>\n\n\n\n<h4 class=\"wp-block-heading\">Literature<\/h4>\n\n\n\n<div class=\"wp-block-media-text is-stacked-on-mobile\"><figure class=\"wp-block-media-text__media\"><img loading=\"lazy\" decoding=\"async\" width=\"581\" height=\"748\" src=\"https:\/\/www.fayence-steinzeug-vogt.de\/wp-content\/uploads\/2015\/02\/Bosch-hans.jpg\" alt=\"Bosch, Helmut: Deutsche Fayencekr\u00fcge des 17. und 18. Jahrhunderts. Sammlungen Hans Cohn, Los Angeles.\" class=\"wp-image-403 size-full\" srcset=\"https:\/\/www.fayence-steinzeug-vogt.de\/wp-content\/uploads\/2015\/02\/Bosch-hans.jpg 581w, https:\/\/www.fayence-steinzeug-vogt.de\/wp-content\/uploads\/2015\/02\/Bosch-hans-233x300.jpg 233w\" sizes=\"(max-width: 581px) 100vw, 581px\" \/><\/figure><div class=\"wp-block-media-text__content\">\n<p>Bosch, Helmut: Deutsche Fayencekr\u00fcge des 17. und 18. Jahrhunderts. Sammlungen Hans Cohn, Los Angeles. Siegfried Kramarsky, New York.<\/p>\n\n\n\n<p>Mainz: Von Zabern 1983.<\/p>\n<\/div><\/div>\n\n\n\n<div class=\"wp-block-media-text is-stacked-on-mobile\"><figure class=\"wp-block-media-text__media\"><img loading=\"lazy\" decoding=\"async\" width=\"411\" height=\"500\" src=\"https:\/\/www.fayence-steinzeug-vogt.de\/wp-content\/uploads\/2018\/01\/Silvia-Glaser-Nurnberger-Fayencen-Germanisches-Nationalmuseum.jpg\" alt=\"N\u00fcrnberger Fayencen : Geschichte und Erzeugnisse einer Manufaktur in der Reichsstadt: Bestandskatalog des Germanischen Nationalmuseums\" class=\"wp-image-3942 size-full\" srcset=\"https:\/\/www.fayence-steinzeug-vogt.de\/wp-content\/uploads\/2018\/01\/Silvia-Glaser-Nurnberger-Fayencen-Germanisches-Nationalmuseum.jpg 411w, https:\/\/www.fayence-steinzeug-vogt.de\/wp-content\/uploads\/2018\/01\/Silvia-Glaser-Nurnberger-Fayencen-Germanisches-Nationalmuseum-247x300.jpg 247w\" sizes=\"(max-width: 411px) 100vw, 411px\" \/><\/figure><div class=\"wp-block-media-text__content\">\n<p>GLASER, Silvia. N\u00fcrnberger Fayencen.\u00a0<\/p>\n\n\n\n<p><em>Geschichte und Erzeugnisse einer Manufaktur in der Reichsstadt: Bestandskatalog des Germanischen Nationalmuseums<\/em>. <\/p>\n\n\n\n<p>Germanisches Nationalmuseum Abt. Verlag, 2017.<\/p>\n<\/div><\/div>\n\n\n\n<div class=\"wp-block-media-text is-stacked-on-mobile\"><figure class=\"wp-block-media-text__media\"><img loading=\"lazy\" decoding=\"async\" width=\"583\" height=\"736\" src=\"https:\/\/www.fayence-steinzeug-vogt.de\/wp-content\/uploads\/2025\/03\/internet-archive-die-deutschen-fayencen-riesebieter-leipzig-1921.jpg\" alt=\"\" class=\"wp-image-13317 size-full\" srcset=\"https:\/\/www.fayence-steinzeug-vogt.de\/wp-content\/uploads\/2025\/03\/internet-archive-die-deutschen-fayencen-riesebieter-leipzig-1921.jpg 583w, https:\/\/www.fayence-steinzeug-vogt.de\/wp-content\/uploads\/2025\/03\/internet-archive-die-deutschen-fayencen-riesebieter-leipzig-1921-238x300.jpg 238w\" sizes=\"(max-width: 583px) 100vw, 583px\" \/><\/figure><div class=\"wp-block-media-text__content\">\n<p>O Riesebieter<br>Die deutschen Fayencen des 17. und 18. Jahrhunderts.<br>Klinkhardt &amp; Biermann, Leipzig<br>1921<\/p>\n\n\n\n<p>p 73 &#8211; 78<\/p>\n\n\n\n<p>Online Access of this book via Internet Archive<\/p>\n\n\n\n<p><a href=\"https:\/\/archive.org\/details\/diedeutschenfaye00ries\">https:\/\/archive.org\/details\/diedeutschenfaye00ries<\/a><\/p>\n<\/div><\/div>\n","protected":false},"excerpt":{"rendered":"<p>The Raising of Lazarus painted by Georg Friedrich Kordenbusch Known for a refined blue and white decorative style inspired by Dutch Delft pottery, this tankard exemplifies the exceptional skill of the painter Georg Friedrich Kordenbusch creating decorations with narrative depth depicting biblical scenes using the blue and white palette in an intricate composition. Sophisticated use [&hellip;]<\/p>\n","protected":false},"author":2,"featured_media":13311,"comment_status":"closed","ping_status":"open","sticky":false,"template":"","format":"standard","meta":{"footnotes":""},"categories":[28,31],"tags":[42,43,44],"class_list":["post-13310","post","type-post","status-publish","format-standard","has-post-thumbnail","hentry","category-european-ceramics","category-fayence","tag-18-jhd","tag-18th-century","tag-18th-century-works-of-art"],"_links":{"self":[{"href":"https:\/\/www.fayence-steinzeug-vogt.de\/de\/wp-json\/wp\/v2\/posts\/13310","targetHints":{"allow":["GET"]}}],"collection":[{"href":"https:\/\/www.fayence-steinzeug-vogt.de\/de\/wp-json\/wp\/v2\/posts"}],"about":[{"href":"https:\/\/www.fayence-steinzeug-vogt.de\/de\/wp-json\/wp\/v2\/types\/post"}],"author":[{"embeddable":true,"href":"https:\/\/www.fayence-steinzeug-vogt.de\/de\/wp-json\/wp\/v2\/users\/2"}],"replies":[{"embeddable":true,"href":"https:\/\/www.fayence-steinzeug-vogt.de\/de\/wp-json\/wp\/v2\/comments?post=13310"}],"version-history":[{"count":26,"href":"https:\/\/www.fayence-steinzeug-vogt.de\/de\/wp-json\/wp\/v2\/posts\/13310\/revisions"}],"predecessor-version":[{"id":13343,"href":"https:\/\/www.fayence-steinzeug-vogt.de\/de\/wp-json\/wp\/v2\/posts\/13310\/revisions\/13343"}],"wp:featuredmedia":[{"embeddable":true,"href":"https:\/\/www.fayence-steinzeug-vogt.de\/de\/wp-json\/wp\/v2\/media\/13311"}],"wp:attachment":[{"href":"https:\/\/www.fayence-steinzeug-vogt.de\/de\/wp-json\/wp\/v2\/media?parent=13310"}],"wp:term":[{"taxonomy":"category","embeddable":true,"href":"https:\/\/www.fayence-steinzeug-vogt.de\/de\/wp-json\/wp\/v2\/categories?post=13310"},{"taxonomy":"post_tag","embeddable":true,"href":"https:\/\/www.fayence-steinzeug-vogt.de\/de\/wp-json\/wp\/v2\/tags?post=13310"}],"curies":[{"name":"wp","href":"https:\/\/api.w.org\/{rel}","templated":true}]}}