{"id":13387,"date":"2025-03-08T11:39:22","date_gmt":"2025-03-08T10:39:22","guid":{"rendered":"https:\/\/www.fayence-steinzeug-vogt.de\/de\/?p=13387"},"modified":"2025-03-08T11:39:24","modified_gmt":"2025-03-08T10:39:24","slug":"raeren-armorial-bottle-dated-1591","status":"publish","type":"post","link":"https:\/\/www.fayence-steinzeug-vogt.de\/de\/raeren-armorial-bottle-dated-1591\/","title":{"rendered":"Raeren Armorial Bottle dated 1591"},"content":{"rendered":"\n<h2 class=\"wp-block-heading\">16th Century Raeren Armorial Bottle <br><\/h2>\n\n\n\n<h3 class=\"wp-block-heading\">by Jan Emens with the Bentheim-Teckenburg Coat of Arms<\/h3>\n\n\n\n<figure class=\"wp-block-gallery has-nested-images columns-default is-cropped wp-block-gallery-1 is-layout-flex wp-block-gallery-is-layout-flex\">\n<figure data-wp-context=\"{&quot;imageId&quot;:&quot;69f0c805e5e0d&quot;}\" data-wp-interactive=\"core\/image\" data-wp-key=\"69f0c805e5e0d\" class=\"wp-block-image size-large wp-lightbox-container\"><img loading=\"lazy\" decoding=\"async\" width=\"767\" height=\"1024\" data-wp-class--hide=\"state.isContentHidden\" data-wp-class--show=\"state.isContentVisible\" data-wp-init=\"callbacks.setButtonStyles\" data-wp-on--click=\"actions.showLightbox\" data-wp-on--load=\"callbacks.setButtonStyles\" data-wp-on-window--resize=\"callbacks.setButtonStyles\" data-id=\"12668\" src=\"https:\/\/www.fayence-steinzeug-vogt.de\/wp-content\/uploads\/2025\/02\/16th-century-raeren-jan-emens-armorial-stoneware-jug-767x1024.jpg\" alt=\"\" class=\"wp-image-12668\" srcset=\"https:\/\/www.fayence-steinzeug-vogt.de\/wp-content\/uploads\/2025\/02\/16th-century-raeren-jan-emens-armorial-stoneware-jug-767x1024.jpg 767w, https:\/\/www.fayence-steinzeug-vogt.de\/wp-content\/uploads\/2025\/02\/16th-century-raeren-jan-emens-armorial-stoneware-jug-225x300.jpg 225w, https:\/\/www.fayence-steinzeug-vogt.de\/wp-content\/uploads\/2025\/02\/16th-century-raeren-jan-emens-armorial-stoneware-jug-768x1025.jpg 768w, https:\/\/www.fayence-steinzeug-vogt.de\/wp-content\/uploads\/2025\/02\/16th-century-raeren-jan-emens-armorial-stoneware-jug-1151x1536.jpg 1151w, https:\/\/www.fayence-steinzeug-vogt.de\/wp-content\/uploads\/2025\/02\/16th-century-raeren-jan-emens-armorial-stoneware-jug-1534x2048.jpg 1534w, https:\/\/www.fayence-steinzeug-vogt.de\/wp-content\/uploads\/2025\/02\/16th-century-raeren-jan-emens-armorial-stoneware-jug-scaled.jpg 1918w\" sizes=\"(max-width: 767px) 100vw, 767px\" \/><button\n\t\t\tclass=\"lightbox-trigger\"\n\t\t\ttype=\"button\"\n\t\t\taria-haspopup=\"dialog\"\n\t\t\taria-label=\"Vergr\u00f6\u00dfern\"\n\t\t\tdata-wp-init=\"callbacks.initTriggerButton\"\n\t\t\tdata-wp-on--click=\"actions.showLightbox\"\n\t\t\tdata-wp-style--right=\"state.imageButtonRight\"\n\t\t\tdata-wp-style--top=\"state.imageButtonTop\"\n\t\t>\n\t\t\t<svg xmlns=\"http:\/\/www.w3.org\/2000\/svg\" width=\"12\" height=\"12\" fill=\"none\" viewBox=\"0 0 12 12\">\n\t\t\t\t<path fill=\"#fff\" d=\"M2 0a2 2 0 0 0-2 2v2h1.5V2a.5.5 0 0 1 .5-.5h2V0H2Zm2 10.5H2a.5.5 0 0 1-.5-.5V8H0v2a2 2 0 0 0 2 2h2v-1.5ZM8 12v-1.5h2a.5.5 0 0 0 .5-.5V8H12v2a2 2 0 0 1-2 2H8Zm2-12a2 2 0 0 1 2 2v2h-1.5V2a.5.5 0 0 0-.5-.5H8V0h2Z\" \/>\n\t\t\t<\/svg>\n\t\t<\/button><figcaption class=\"wp-element-caption\">Raeren Stoneware Armorial Jug signed Jan Emens,  H. 43 cm<\/figcaption><\/figure>\n\n\n\n<figure data-wp-context=\"{&quot;imageId&quot;:&quot;69f0c805e6249&quot;}\" data-wp-interactive=\"core\/image\" data-wp-key=\"69f0c805e6249\" class=\"wp-block-image size-large wp-lightbox-container\"><img loading=\"lazy\" decoding=\"async\" width=\"702\" height=\"1024\" data-wp-class--hide=\"state.isContentHidden\" data-wp-class--show=\"state.isContentVisible\" data-wp-init=\"callbacks.setButtonStyles\" data-wp-on--click=\"actions.showLightbox\" data-wp-on--load=\"callbacks.setButtonStyles\" data-wp-on-window--resize=\"callbacks.setButtonStyles\" data-id=\"12667\" src=\"https:\/\/www.fayence-steinzeug-vogt.de\/wp-content\/uploads\/2025\/02\/16th-century-raeren-emens-armorial-stoneware-jug-702x1024.jpg\" alt=\"\" class=\"wp-image-12667\" srcset=\"https:\/\/www.fayence-steinzeug-vogt.de\/wp-content\/uploads\/2025\/02\/16th-century-raeren-emens-armorial-stoneware-jug-702x1024.jpg 702w, https:\/\/www.fayence-steinzeug-vogt.de\/wp-content\/uploads\/2025\/02\/16th-century-raeren-emens-armorial-stoneware-jug-206x300.jpg 206w, https:\/\/www.fayence-steinzeug-vogt.de\/wp-content\/uploads\/2025\/02\/16th-century-raeren-emens-armorial-stoneware-jug-768x1121.jpg 768w, https:\/\/www.fayence-steinzeug-vogt.de\/wp-content\/uploads\/2025\/02\/16th-century-raeren-emens-armorial-stoneware-jug-1053x1536.jpg 1053w, https:\/\/www.fayence-steinzeug-vogt.de\/wp-content\/uploads\/2025\/02\/16th-century-raeren-emens-armorial-stoneware-jug-1403x2048.jpg 1403w, https:\/\/www.fayence-steinzeug-vogt.de\/wp-content\/uploads\/2025\/02\/16th-century-raeren-emens-armorial-stoneware-jug-scaled.jpg 1754w\" sizes=\"(max-width: 702px) 100vw, 702px\" \/><button\n\t\t\tclass=\"lightbox-trigger\"\n\t\t\ttype=\"button\"\n\t\t\taria-haspopup=\"dialog\"\n\t\t\taria-label=\"Vergr\u00f6\u00dfern\"\n\t\t\tdata-wp-init=\"callbacks.initTriggerButton\"\n\t\t\tdata-wp-on--click=\"actions.showLightbox\"\n\t\t\tdata-wp-style--right=\"state.imageButtonRight\"\n\t\t\tdata-wp-style--top=\"state.imageButtonTop\"\n\t\t>\n\t\t\t<svg xmlns=\"http:\/\/www.w3.org\/2000\/svg\" width=\"12\" height=\"12\" fill=\"none\" viewBox=\"0 0 12 12\">\n\t\t\t\t<path fill=\"#fff\" d=\"M2 0a2 2 0 0 0-2 2v2h1.5V2a.5.5 0 0 1 .5-.5h2V0H2Zm2 10.5H2a.5.5 0 0 1-.5-.5V8H0v2a2 2 0 0 0 2 2h2v-1.5ZM8 12v-1.5h2a.5.5 0 0 0 .5-.5V8H12v2a2 2 0 0 1-2 2H8Zm2-12a2 2 0 0 1 2 2v2h-1.5V2a.5.5 0 0 0-.5-.5H8V0h2Z\" \/>\n\t\t\t<\/svg>\n\t\t<\/button><figcaption class=\"wp-element-caption\">dated applications 1589 and 1591, Coat of Arms Bentheim-Tecklenburg<\/figcaption><\/figure>\n<\/figure>\n\n\n\n<h4 class=\"wp-block-heading\">Jan Emens: Master Potter of Raeren<\/h4>\n\n\n\n<p>Jan Emens Mennicken (also known as Jan Emens or Jan Mennicken) was one of the preeminent master potters of the Raeren region during the second half of the 16th century the golden age of Raeren stoneware. Born around 1540 in Raeren, which is now part of eastern Belgium near the German border, Emens belonged to the distinguished Mennicken family, who had established themselves as leading stoneware producers in the region. He was recognized as the premier master potter of Raeren and one of the most accomplished ceramic artists in the Rhineland. His reputation extended throughout the Holy Roman Empire and the Low Countries, attracting commissions from noble families and wealthy merchants.<\/p>\n\n\n\n<figure class=\"wp-block-gallery has-nested-images columns-default is-cropped wp-block-gallery-2 is-layout-flex wp-block-gallery-is-layout-flex\">\n<figure data-wp-context=\"{&quot;imageId&quot;:&quot;69f0c805e6c36&quot;}\" data-wp-interactive=\"core\/image\" data-wp-key=\"69f0c805e6c36\" class=\"wp-block-image size-large wp-lightbox-container\"><img loading=\"lazy\" decoding=\"async\" width=\"927\" height=\"1024\" data-wp-class--hide=\"state.isContentHidden\" data-wp-class--show=\"state.isContentVisible\" data-wp-init=\"callbacks.setButtonStyles\" data-wp-on--click=\"actions.showLightbox\" data-wp-on--load=\"callbacks.setButtonStyles\" data-wp-on-window--resize=\"callbacks.setButtonStyles\" data-id=\"13389\" src=\"https:\/\/www.fayence-steinzeug-vogt.de\/wp-content\/uploads\/2025\/03\/16th-century-raeren-jan-emens-armorial-stoneware-jug-detail-front-927x1024.jpg\" alt=\"\" class=\"wp-image-13389\" srcset=\"https:\/\/www.fayence-steinzeug-vogt.de\/wp-content\/uploads\/2025\/03\/16th-century-raeren-jan-emens-armorial-stoneware-jug-detail-front-927x1024.jpg 927w, https:\/\/www.fayence-steinzeug-vogt.de\/wp-content\/uploads\/2025\/03\/16th-century-raeren-jan-emens-armorial-stoneware-jug-detail-front-272x300.jpg 272w, https:\/\/www.fayence-steinzeug-vogt.de\/wp-content\/uploads\/2025\/03\/16th-century-raeren-jan-emens-armorial-stoneware-jug-detail-front-768x848.jpg 768w, https:\/\/www.fayence-steinzeug-vogt.de\/wp-content\/uploads\/2025\/03\/16th-century-raeren-jan-emens-armorial-stoneware-jug-detail-front-1391x1536.jpg 1391w, https:\/\/www.fayence-steinzeug-vogt.de\/wp-content\/uploads\/2025\/03\/16th-century-raeren-jan-emens-armorial-stoneware-jug-detail-front-1855x2048.jpg 1855w, https:\/\/www.fayence-steinzeug-vogt.de\/wp-content\/uploads\/2025\/03\/16th-century-raeren-jan-emens-armorial-stoneware-jug-detail-front.jpg 1920w\" sizes=\"(max-width: 927px) 100vw, 927px\" \/><button\n\t\t\tclass=\"lightbox-trigger\"\n\t\t\ttype=\"button\"\n\t\t\taria-haspopup=\"dialog\"\n\t\t\taria-label=\"Vergr\u00f6\u00dfern\"\n\t\t\tdata-wp-init=\"callbacks.initTriggerButton\"\n\t\t\tdata-wp-on--click=\"actions.showLightbox\"\n\t\t\tdata-wp-style--right=\"state.imageButtonRight\"\n\t\t\tdata-wp-style--top=\"state.imageButtonTop\"\n\t\t>\n\t\t\t<svg xmlns=\"http:\/\/www.w3.org\/2000\/svg\" width=\"12\" height=\"12\" fill=\"none\" viewBox=\"0 0 12 12\">\n\t\t\t\t<path fill=\"#fff\" d=\"M2 0a2 2 0 0 0-2 2v2h1.5V2a.5.5 0 0 1 .5-.5h2V0H2Zm2 10.5H2a.5.5 0 0 1-.5-.5V8H0v2a2 2 0 0 0 2 2h2v-1.5ZM8 12v-1.5h2a.5.5 0 0 0 .5-.5V8H12v2a2 2 0 0 1-2 2H8Zm2-12a2 2 0 0 1 2 2v2h-1.5V2a.5.5 0 0 0-.5-.5H8V0h2Z\" \/>\n\t\t\t<\/svg>\n\t\t<\/button><figcaption class=\"wp-element-caption\">applied arms with decorative abundance <\/figcaption><\/figure>\n\n\n\n<figure data-wp-context=\"{&quot;imageId&quot;:&quot;69f0c805e7132&quot;}\" data-wp-interactive=\"core\/image\" data-wp-key=\"69f0c805e7132\" class=\"wp-block-image size-large wp-lightbox-container\"><img loading=\"lazy\" decoding=\"async\" width=\"767\" height=\"1024\" data-wp-class--hide=\"state.isContentHidden\" data-wp-class--show=\"state.isContentVisible\" data-wp-init=\"callbacks.setButtonStyles\" data-wp-on--click=\"actions.showLightbox\" data-wp-on--load=\"callbacks.setButtonStyles\" data-wp-on-window--resize=\"callbacks.setButtonStyles\" data-id=\"13390\" src=\"https:\/\/www.fayence-steinzeug-vogt.de\/wp-content\/uploads\/2025\/03\/16th-century-raeren-jan-emens-armorial-stoneware-jug-detail-verso-767x1024.jpg\" alt=\"\" class=\"wp-image-13390\" srcset=\"https:\/\/www.fayence-steinzeug-vogt.de\/wp-content\/uploads\/2025\/03\/16th-century-raeren-jan-emens-armorial-stoneware-jug-detail-verso-767x1024.jpg 767w, https:\/\/www.fayence-steinzeug-vogt.de\/wp-content\/uploads\/2025\/03\/16th-century-raeren-jan-emens-armorial-stoneware-jug-detail-verso-225x300.jpg 225w, https:\/\/www.fayence-steinzeug-vogt.de\/wp-content\/uploads\/2025\/03\/16th-century-raeren-jan-emens-armorial-stoneware-jug-detail-verso-768x1025.jpg 768w, https:\/\/www.fayence-steinzeug-vogt.de\/wp-content\/uploads\/2025\/03\/16th-century-raeren-jan-emens-armorial-stoneware-jug-detail-verso-1151x1536.jpg 1151w, https:\/\/www.fayence-steinzeug-vogt.de\/wp-content\/uploads\/2025\/03\/16th-century-raeren-jan-emens-armorial-stoneware-jug-detail-verso-1534x2048.jpg 1534w, https:\/\/www.fayence-steinzeug-vogt.de\/wp-content\/uploads\/2025\/03\/16th-century-raeren-jan-emens-armorial-stoneware-jug-detail-verso-scaled.jpg 1918w\" sizes=\"(max-width: 767px) 100vw, 767px\" \/><button\n\t\t\tclass=\"lightbox-trigger\"\n\t\t\ttype=\"button\"\n\t\t\taria-haspopup=\"dialog\"\n\t\t\taria-label=\"Vergr\u00f6\u00dfern\"\n\t\t\tdata-wp-init=\"callbacks.initTriggerButton\"\n\t\t\tdata-wp-on--click=\"actions.showLightbox\"\n\t\t\tdata-wp-style--right=\"state.imageButtonRight\"\n\t\t\tdata-wp-style--top=\"state.imageButtonTop\"\n\t\t>\n\t\t\t<svg xmlns=\"http:\/\/www.w3.org\/2000\/svg\" width=\"12\" height=\"12\" fill=\"none\" viewBox=\"0 0 12 12\">\n\t\t\t\t<path fill=\"#fff\" d=\"M2 0a2 2 0 0 0-2 2v2h1.5V2a.5.5 0 0 1 .5-.5h2V0H2Zm2 10.5H2a.5.5 0 0 1-.5-.5V8H0v2a2 2 0 0 0 2 2h2v-1.5ZM8 12v-1.5h2a.5.5 0 0 0 .5-.5V8H12v2a2 2 0 0 1-2 2H8Zm2-12a2 2 0 0 1 2 2v2h-1.5V2a.5.5 0 0 0-.5-.5H8V0h2Z\" \/>\n\t\t\t<\/svg>\n\t\t<\/button><figcaption class=\"wp-element-caption\">elaborate relief with Inscription dated 1591<\/figcaption><\/figure>\n<\/figure>\n\n\n\n<p><em><strong>Inscription<\/strong><\/em><br>&#8222;Wilt dll Herren W. T. lieffden \/\/met loefsanck sengen \/\/und makandren ur.ntelick \/\/einen toe brengen \/\/1591&#8220;<\/p>\n\n\n\n<p>Jan Emens&#8216; active period spans from approximately 1560 to 1593, with his most productive and innovative period occurring during the 1570s and 1580s. His workshop reached its zenith of production and artistic excellence between 1575 and 1585. Emens perfected the technique of applying detailed heraldic relief work to stoneware vessels, achieving unprecedented precision in depicting complex coats of arms. He developed more sophisticated multi-part molds that allowed for the creation of complex reliefs with greater detail and deeper undercutting than previously possible. <br>He was among the first Raeren potters to systematically incorporate Renaissance motifs and compositional principles into the traditionally Gothic decorative vocabulary of Rhenish stoneware.<\/p>\n\n\n\n<h4 class=\"wp-block-heading\">The Bentheim-Teckenburg Coat of Arms<\/h4>\n\n\n\n<figure data-wp-context=\"{&quot;imageId&quot;:&quot;69f0c805e76f1&quot;}\" data-wp-interactive=\"core\/image\" data-wp-key=\"69f0c805e76f1\" class=\"wp-block-image size-large wp-lightbox-container\"><img loading=\"lazy\" decoding=\"async\" width=\"740\" height=\"1024\" data-wp-class--hide=\"state.isContentHidden\" data-wp-class--show=\"state.isContentVisible\" data-wp-init=\"callbacks.setButtonStyles\" data-wp-on--click=\"actions.showLightbox\" data-wp-on--load=\"callbacks.setButtonStyles\" data-wp-on-window--resize=\"callbacks.setButtonStyles\" src=\"https:\/\/www.fayence-steinzeug-vogt.de\/wp-content\/uploads\/2025\/03\/16th-century-raeren-emens-armorial-stoneware-jug-tecklenburg-bentheim-740x1024.jpg\" alt=\"\" class=\"wp-image-13388\" srcset=\"https:\/\/www.fayence-steinzeug-vogt.de\/wp-content\/uploads\/2025\/03\/16th-century-raeren-emens-armorial-stoneware-jug-tecklenburg-bentheim-740x1024.jpg 740w, https:\/\/www.fayence-steinzeug-vogt.de\/wp-content\/uploads\/2025\/03\/16th-century-raeren-emens-armorial-stoneware-jug-tecklenburg-bentheim-217x300.jpg 217w, https:\/\/www.fayence-steinzeug-vogt.de\/wp-content\/uploads\/2025\/03\/16th-century-raeren-emens-armorial-stoneware-jug-tecklenburg-bentheim-768x1062.jpg 768w, https:\/\/www.fayence-steinzeug-vogt.de\/wp-content\/uploads\/2025\/03\/16th-century-raeren-emens-armorial-stoneware-jug-tecklenburg-bentheim-1110x1536.jpg 1110w, https:\/\/www.fayence-steinzeug-vogt.de\/wp-content\/uploads\/2025\/03\/16th-century-raeren-emens-armorial-stoneware-jug-tecklenburg-bentheim-1480x2048.jpg 1480w, https:\/\/www.fayence-steinzeug-vogt.de\/wp-content\/uploads\/2025\/03\/16th-century-raeren-emens-armorial-stoneware-jug-tecklenburg-bentheim-scaled.jpg 1851w\" sizes=\"(max-width: 740px) 100vw, 740px\" \/><button\n\t\t\tclass=\"lightbox-trigger\"\n\t\t\ttype=\"button\"\n\t\t\taria-haspopup=\"dialog\"\n\t\t\taria-label=\"Vergr\u00f6\u00dfern\"\n\t\t\tdata-wp-init=\"callbacks.initTriggerButton\"\n\t\t\tdata-wp-on--click=\"actions.showLightbox\"\n\t\t\tdata-wp-style--right=\"state.imageButtonRight\"\n\t\t\tdata-wp-style--top=\"state.imageButtonTop\"\n\t\t>\n\t\t\t<svg xmlns=\"http:\/\/www.w3.org\/2000\/svg\" width=\"12\" height=\"12\" fill=\"none\" viewBox=\"0 0 12 12\">\n\t\t\t\t<path fill=\"#fff\" d=\"M2 0a2 2 0 0 0-2 2v2h1.5V2a.5.5 0 0 1 .5-.5h2V0H2Zm2 10.5H2a.5.5 0 0 1-.5-.5V8H0v2a2 2 0 0 0 2 2h2v-1.5ZM8 12v-1.5h2a.5.5 0 0 0 .5-.5V8H12v2a2 2 0 0 1-2 2H8Zm2-12a2 2 0 0 1 2 2v2h-1.5V2a.5.5 0 0 0-.5-.5H8V0h2Z\" \/>\n\t\t\t<\/svg>\n\t\t<\/button><\/figure>\n\n\n\n<p>The coat of arms displayed on the bottle represents the combined heraldic achievement of the Bentheim-Teckenburg family, featuring a complex quartered shield with multiple elements that reflect their lineage and territorial claims.<\/p>\n\n\n\n<ul class=\"wp-block-list\">\n<li>The arms of Bentheim: featuring three hearts<\/li>\n\n\n\n<li>The arms of Tecklenburg: displaying an anchor and a peacock with spread tail feathers <\/li>\n\n\n\n<li>Arms representing Rheda: showing a crowned upright lion<\/li>\n\n\n\n<li>The Arms of Steinfurt: depicted by a spotted swan<\/li>\n<\/ul>\n\n\n\n<p>The composition is framed by decorative scrollwork and Renaissance ornamental motifs that were characteristic of late 16th century heraldic representation.<\/p>\n\n\n\n<p>The integration of these elements into a unified heraldic composition demonstrates  the skilled craftsmanship of Jan Emens, who translated these intricate heraldic elements into three-dimensional relief work with remarkable precision.<\/p>\n\n\n\n<h4 class=\"wp-block-heading\">Heraldry Grafen von Bentheim-Tecklenburg<\/h4>\n\n\n\n<div class=\"wp-block-media-text is-stacked-on-mobile\"><figure class=\"wp-block-media-text__media\"><a href=\"https:\/\/de.wikipedia.org\/wiki\/Bentheim-Tecklenburg#\/media\/Datei:Bentheim-Rheda-Wappen_028_1.jpg\" target=\"_blank\" rel=\" noreferrer noopener\"><img loading=\"lazy\" decoding=\"async\" width=\"933\" height=\"916\" src=\"https:\/\/www.fayence-steinzeug-vogt.de\/wp-content\/uploads\/2025\/03\/Tecklenburg-Bentheim-Rheda-Wappen_17-jh.jpg\" alt=\"\" class=\"wp-image-13403 size-full\" srcset=\"https:\/\/www.fayence-steinzeug-vogt.de\/wp-content\/uploads\/2025\/03\/Tecklenburg-Bentheim-Rheda-Wappen_17-jh.jpg 933w, https:\/\/www.fayence-steinzeug-vogt.de\/wp-content\/uploads\/2025\/03\/Tecklenburg-Bentheim-Rheda-Wappen_17-jh-300x295.jpg 300w, https:\/\/www.fayence-steinzeug-vogt.de\/wp-content\/uploads\/2025\/03\/Tecklenburg-Bentheim-Rheda-Wappen_17-jh-768x754.jpg 768w\" sizes=\"(max-width: 933px) 100vw, 933px\" \/><\/a><\/figure><div class=\"wp-block-media-text__content\">\n<p><br>Die Grafen von Bentheim-Tecklenburg (1562\u20131817)<br>Das Wappen der fr\u00fcheren Reichsgrafen und heutigen F\u00fcrsten zu Bentheim-Tecklenburg seit Arnold IV<br>Zeichnung von Professor Ad. M. Hildebrandt&nbsp;&#8211;&nbsp;Max von Spie\u00dfen: Wappenbuch des Westf\u00e4lischen Adels, G\u00f6rlitz 1901-1903\/Band 2\/Tafel 028-1<\/p>\n<\/div><\/div>\n\n\n\n<p>Bentheim a Moor with an oriental hat | Tecklenburg a peacock with spread tail feathers<br>Steinfurt a spotted swan | Limburg a lion between two peacock tails<br>Source Wikipedia: <a href=\"https:\/\/de.wikipedia.org\/wiki\/Bentheim-Tecklenburg#Wappen\">https:\/\/de.wikipedia.org\/wiki\/Bentheim-Tecklenburg#Wappen<\/a><\/p>\n\n\n\n<h4 class=\"wp-block-heading\">Historical Background of the Bentheim-Teckenburg Family and Political Significance in the Holy Roman Empire<\/h4>\n\n\n\n<p>The Bentheim-Teckenburg family emerged from the union of two prominent noble houses of northwestern Germany. The Counts of Bentheim had been established since the 11th century in Lower Saxony, while the Counts of Tecklenburg held territories in Westphalia since the early Middle Ages.<\/p>\n\n\n\n<p>The specific branch represented on this bottle was established in 1562 when Count Arnold II of Bentheim-Bentheim (1554-1606) married Magdalena of Neuenahr-Alpen, Countess of Limburg and heiress to Tecklenburg. This marriage brought together the territories of Bentheim, Tecklenburg, Steinfurt, and Rheda under a single ruler, creating a significant territorial complex in northwestern Germany.<\/p>\n\n\n\n<p>The timing of this bottle (1589-1591) coincides with Count Arnold&#8217;s most active period of territorial consolidation and political activity. During this period, he was strengthening his position both domestically and in broader Imperial politics, making the commissioning of such a prestigious object with the family&#8217;s full armorial achievement particularly significant.<\/p>\n\n\n\n<p>The Bentheim-Teckenburg family occupied a position of considerable regional importance within the complex political landscape of the Holy Roman Empire during the 16th century. As Imperial Counts (Reichsgrafen), they held their territories directly from the Emperor, giving them a degree of political autonomy and a seat in the Imperial Diet.<\/p>\n\n\n\n<h4 class=\"wp-block-heading\">Reference Object <a href=\"https:\/\/www.heylshof.de\/\" target=\"_blank\" rel=\"noreferrer noopener\">Museum Heylshof Worms<\/a><\/h4>\n\n\n\n<figure class=\"wp-block-gallery has-nested-images columns-2 is-cropped wp-block-gallery-3 is-layout-flex wp-block-gallery-is-layout-flex\">\n<figure data-wp-context=\"{&quot;imageId&quot;:&quot;69f0c805e7e9a&quot;}\" data-wp-interactive=\"core\/image\" data-wp-key=\"69f0c805e7e9a\" class=\"wp-block-image size-large wp-lightbox-container\"><img loading=\"lazy\" decoding=\"async\" width=\"683\" height=\"1024\" data-wp-class--hide=\"state.isContentHidden\" data-wp-class--show=\"state.isContentVisible\" data-wp-init=\"callbacks.setButtonStyles\" data-wp-on--click=\"actions.showLightbox\" data-wp-on--load=\"callbacks.setButtonStyles\" data-wp-on-window--resize=\"callbacks.setButtonStyles\" data-id=\"13421\" src=\"https:\/\/www.fayence-steinzeug-vogt.de\/wp-content\/uploads\/2025\/03\/raeren_flachkanne-jan-emens-Heylshof-Worms-1-683x1024.jpg\" alt=\"\" class=\"wp-image-13421\" srcset=\"https:\/\/www.fayence-steinzeug-vogt.de\/wp-content\/uploads\/2025\/03\/raeren_flachkanne-jan-emens-Heylshof-Worms-1-683x1024.jpg 683w, https:\/\/www.fayence-steinzeug-vogt.de\/wp-content\/uploads\/2025\/03\/raeren_flachkanne-jan-emens-Heylshof-Worms-1-200x300.jpg 200w, https:\/\/www.fayence-steinzeug-vogt.de\/wp-content\/uploads\/2025\/03\/raeren_flachkanne-jan-emens-Heylshof-Worms-1-768x1152.jpg 768w, https:\/\/www.fayence-steinzeug-vogt.de\/wp-content\/uploads\/2025\/03\/raeren_flachkanne-jan-emens-Heylshof-Worms-1-1024x1536.jpg 1024w, https:\/\/www.fayence-steinzeug-vogt.de\/wp-content\/uploads\/2025\/03\/raeren_flachkanne-jan-emens-Heylshof-Worms-1-1365x2048.jpg 1365w, https:\/\/www.fayence-steinzeug-vogt.de\/wp-content\/uploads\/2025\/03\/raeren_flachkanne-jan-emens-Heylshof-Worms-1-scaled.jpg 1707w\" sizes=\"(max-width: 683px) 100vw, 683px\" \/><button\n\t\t\tclass=\"lightbox-trigger\"\n\t\t\ttype=\"button\"\n\t\t\taria-haspopup=\"dialog\"\n\t\t\taria-label=\"Vergr\u00f6\u00dfern\"\n\t\t\tdata-wp-init=\"callbacks.initTriggerButton\"\n\t\t\tdata-wp-on--click=\"actions.showLightbox\"\n\t\t\tdata-wp-style--right=\"state.imageButtonRight\"\n\t\t\tdata-wp-style--top=\"state.imageButtonTop\"\n\t\t>\n\t\t\t<svg xmlns=\"http:\/\/www.w3.org\/2000\/svg\" width=\"12\" height=\"12\" fill=\"none\" viewBox=\"0 0 12 12\">\n\t\t\t\t<path fill=\"#fff\" d=\"M2 0a2 2 0 0 0-2 2v2h1.5V2a.5.5 0 0 1 .5-.5h2V0H2Zm2 10.5H2a.5.5 0 0 1-.5-.5V8H0v2a2 2 0 0 0 2 2h2v-1.5ZM8 12v-1.5h2a.5.5 0 0 0 .5-.5V8H12v2a2 2 0 0 1-2 2H8Zm2-12a2 2 0 0 1 2 2v2h-1.5V2a.5.5 0 0 0-.5-.5H8V0h2Z\" \/>\n\t\t\t<\/svg>\n\t\t<\/button><figcaption class=\"wp-element-caption\"><a href=\"https:\/\/nat.museum-digital.de\/object\/1209003\" target=\"_blank\" rel=\"noreferrer noopener\">https:\/\/nat.museum-digital.de\/object\/1209003<\/a><\/figcaption><\/figure>\n\n\n\n<figure data-wp-context=\"{&quot;imageId&quot;:&quot;69f0c805e82db&quot;}\" data-wp-interactive=\"core\/image\" data-wp-key=\"69f0c805e82db\" class=\"wp-block-image size-large wp-lightbox-container\"><img loading=\"lazy\" decoding=\"async\" width=\"683\" height=\"1024\" data-wp-class--hide=\"state.isContentHidden\" data-wp-class--show=\"state.isContentVisible\" data-wp-init=\"callbacks.setButtonStyles\" data-wp-on--click=\"actions.showLightbox\" data-wp-on--load=\"callbacks.setButtonStyles\" data-wp-on-window--resize=\"callbacks.setButtonStyles\" data-id=\"13424\" src=\"https:\/\/www.fayence-steinzeug-vogt.de\/wp-content\/uploads\/2025\/03\/raeren_flachkanne-jan-emens-Heylshof-Worms-2-683x1024.jpg\" alt=\"\" class=\"wp-image-13424\" srcset=\"https:\/\/www.fayence-steinzeug-vogt.de\/wp-content\/uploads\/2025\/03\/raeren_flachkanne-jan-emens-Heylshof-Worms-2-683x1024.jpg 683w, https:\/\/www.fayence-steinzeug-vogt.de\/wp-content\/uploads\/2025\/03\/raeren_flachkanne-jan-emens-Heylshof-Worms-2-200x300.jpg 200w, https:\/\/www.fayence-steinzeug-vogt.de\/wp-content\/uploads\/2025\/03\/raeren_flachkanne-jan-emens-Heylshof-Worms-2-768x1152.jpg 768w, https:\/\/www.fayence-steinzeug-vogt.de\/wp-content\/uploads\/2025\/03\/raeren_flachkanne-jan-emens-Heylshof-Worms-2-1024x1536.jpg 1024w, https:\/\/www.fayence-steinzeug-vogt.de\/wp-content\/uploads\/2025\/03\/raeren_flachkanne-jan-emens-Heylshof-Worms-2-1365x2048.jpg 1365w, https:\/\/www.fayence-steinzeug-vogt.de\/wp-content\/uploads\/2025\/03\/raeren_flachkanne-jan-emens-Heylshof-Worms-2-scaled.jpg 1707w\" sizes=\"(max-width: 683px) 100vw, 683px\" \/><button\n\t\t\tclass=\"lightbox-trigger\"\n\t\t\ttype=\"button\"\n\t\t\taria-haspopup=\"dialog\"\n\t\t\taria-label=\"Vergr\u00f6\u00dfern\"\n\t\t\tdata-wp-init=\"callbacks.initTriggerButton\"\n\t\t\tdata-wp-on--click=\"actions.showLightbox\"\n\t\t\tdata-wp-style--right=\"state.imageButtonRight\"\n\t\t\tdata-wp-style--top=\"state.imageButtonTop\"\n\t\t>\n\t\t\t<svg xmlns=\"http:\/\/www.w3.org\/2000\/svg\" width=\"12\" height=\"12\" fill=\"none\" viewBox=\"0 0 12 12\">\n\t\t\t\t<path fill=\"#fff\" d=\"M2 0a2 2 0 0 0-2 2v2h1.5V2a.5.5 0 0 1 .5-.5h2V0H2Zm2 10.5H2a.5.5 0 0 1-.5-.5V8H0v2a2 2 0 0 0 2 2h2v-1.5ZM8 12v-1.5h2a.5.5 0 0 0 .5-.5V8H12v2a2 2 0 0 1-2 2H8Zm2-12a2 2 0 0 1 2 2v2h-1.5V2a.5.5 0 0 0-.5-.5H8V0h2Z\" \/>\n\t\t\t<\/svg>\n\t\t<\/button><figcaption class=\"wp-element-caption\"><a href=\"https:\/\/nat.museum-digital.de\/object\/1209003\" target=\"_blank\" rel=\"noreferrer noopener\">https:\/\/nat.museum-digital.de\/object\/1209003<\/a><\/figcaption><\/figure>\n\n\n\n<figure data-wp-context=\"{&quot;imageId&quot;:&quot;69f0c805e86fb&quot;}\" data-wp-interactive=\"core\/image\" data-wp-key=\"69f0c805e86fb\" class=\"wp-block-image size-large wp-lightbox-container\"><img loading=\"lazy\" decoding=\"async\" width=\"683\" height=\"1024\" data-wp-class--hide=\"state.isContentHidden\" data-wp-class--show=\"state.isContentVisible\" data-wp-init=\"callbacks.setButtonStyles\" data-wp-on--click=\"actions.showLightbox\" data-wp-on--load=\"callbacks.setButtonStyles\" data-wp-on-window--resize=\"callbacks.setButtonStyles\" data-id=\"13422\" src=\"https:\/\/www.fayence-steinzeug-vogt.de\/wp-content\/uploads\/2025\/03\/raeren_flachkanne-jan-emens-Heylshof-Worms-3-683x1024.jpg\" alt=\"\" class=\"wp-image-13422\" srcset=\"https:\/\/www.fayence-steinzeug-vogt.de\/wp-content\/uploads\/2025\/03\/raeren_flachkanne-jan-emens-Heylshof-Worms-3-683x1024.jpg 683w, https:\/\/www.fayence-steinzeug-vogt.de\/wp-content\/uploads\/2025\/03\/raeren_flachkanne-jan-emens-Heylshof-Worms-3-200x300.jpg 200w, https:\/\/www.fayence-steinzeug-vogt.de\/wp-content\/uploads\/2025\/03\/raeren_flachkanne-jan-emens-Heylshof-Worms-3-768x1152.jpg 768w, https:\/\/www.fayence-steinzeug-vogt.de\/wp-content\/uploads\/2025\/03\/raeren_flachkanne-jan-emens-Heylshof-Worms-3-1024x1536.jpg 1024w, https:\/\/www.fayence-steinzeug-vogt.de\/wp-content\/uploads\/2025\/03\/raeren_flachkanne-jan-emens-Heylshof-Worms-3-1365x2048.jpg 1365w, https:\/\/www.fayence-steinzeug-vogt.de\/wp-content\/uploads\/2025\/03\/raeren_flachkanne-jan-emens-Heylshof-Worms-3-scaled.jpg 1706w\" sizes=\"(max-width: 683px) 100vw, 683px\" \/><button\n\t\t\tclass=\"lightbox-trigger\"\n\t\t\ttype=\"button\"\n\t\t\taria-haspopup=\"dialog\"\n\t\t\taria-label=\"Vergr\u00f6\u00dfern\"\n\t\t\tdata-wp-init=\"callbacks.initTriggerButton\"\n\t\t\tdata-wp-on--click=\"actions.showLightbox\"\n\t\t\tdata-wp-style--right=\"state.imageButtonRight\"\n\t\t\tdata-wp-style--top=\"state.imageButtonTop\"\n\t\t>\n\t\t\t<svg xmlns=\"http:\/\/www.w3.org\/2000\/svg\" width=\"12\" height=\"12\" fill=\"none\" viewBox=\"0 0 12 12\">\n\t\t\t\t<path fill=\"#fff\" d=\"M2 0a2 2 0 0 0-2 2v2h1.5V2a.5.5 0 0 1 .5-.5h2V0H2Zm2 10.5H2a.5.5 0 0 1-.5-.5V8H0v2a2 2 0 0 0 2 2h2v-1.5ZM8 12v-1.5h2a.5.5 0 0 0 .5-.5V8H12v2a2 2 0 0 1-2 2H8Zm2-12a2 2 0 0 1 2 2v2h-1.5V2a.5.5 0 0 0-.5-.5H8V0h2Z\" \/>\n\t\t\t<\/svg>\n\t\t<\/button><figcaption class=\"wp-element-caption\"><a href=\"https:\/\/nat.museum-digital.de\/object\/1209003\" target=\"_blank\" rel=\"noreferrer noopener\">https:\/\/nat.museum-digital.de\/object\/1209003<\/a><\/figcaption><\/figure>\n\n\n\n<figure data-wp-context=\"{&quot;imageId&quot;:&quot;69f0c805e8b35&quot;}\" data-wp-interactive=\"core\/image\" data-wp-key=\"69f0c805e8b35\" class=\"wp-block-image size-large wp-lightbox-container\"><img loading=\"lazy\" decoding=\"async\" width=\"683\" height=\"1024\" data-wp-class--hide=\"state.isContentHidden\" data-wp-class--show=\"state.isContentVisible\" data-wp-init=\"callbacks.setButtonStyles\" data-wp-on--click=\"actions.showLightbox\" data-wp-on--load=\"callbacks.setButtonStyles\" data-wp-on-window--resize=\"callbacks.setButtonStyles\" data-id=\"13423\" src=\"https:\/\/www.fayence-steinzeug-vogt.de\/wp-content\/uploads\/2025\/03\/raeren_flachkanne-jan-emens-Heylshof-Worms-4-683x1024.jpg\" alt=\"\" class=\"wp-image-13423\" srcset=\"https:\/\/www.fayence-steinzeug-vogt.de\/wp-content\/uploads\/2025\/03\/raeren_flachkanne-jan-emens-Heylshof-Worms-4-683x1024.jpg 683w, https:\/\/www.fayence-steinzeug-vogt.de\/wp-content\/uploads\/2025\/03\/raeren_flachkanne-jan-emens-Heylshof-Worms-4-200x300.jpg 200w, https:\/\/www.fayence-steinzeug-vogt.de\/wp-content\/uploads\/2025\/03\/raeren_flachkanne-jan-emens-Heylshof-Worms-4-768x1152.jpg 768w, https:\/\/www.fayence-steinzeug-vogt.de\/wp-content\/uploads\/2025\/03\/raeren_flachkanne-jan-emens-Heylshof-Worms-4-1024x1536.jpg 1024w, https:\/\/www.fayence-steinzeug-vogt.de\/wp-content\/uploads\/2025\/03\/raeren_flachkanne-jan-emens-Heylshof-Worms-4-1365x2048.jpg 1365w, https:\/\/www.fayence-steinzeug-vogt.de\/wp-content\/uploads\/2025\/03\/raeren_flachkanne-jan-emens-Heylshof-Worms-4-scaled.jpg 1707w\" sizes=\"(max-width: 683px) 100vw, 683px\" \/><button\n\t\t\tclass=\"lightbox-trigger\"\n\t\t\ttype=\"button\"\n\t\t\taria-haspopup=\"dialog\"\n\t\t\taria-label=\"Vergr\u00f6\u00dfern\"\n\t\t\tdata-wp-init=\"callbacks.initTriggerButton\"\n\t\t\tdata-wp-on--click=\"actions.showLightbox\"\n\t\t\tdata-wp-style--right=\"state.imageButtonRight\"\n\t\t\tdata-wp-style--top=\"state.imageButtonTop\"\n\t\t>\n\t\t\t<svg xmlns=\"http:\/\/www.w3.org\/2000\/svg\" width=\"12\" height=\"12\" fill=\"none\" viewBox=\"0 0 12 12\">\n\t\t\t\t<path fill=\"#fff\" d=\"M2 0a2 2 0 0 0-2 2v2h1.5V2a.5.5 0 0 1 .5-.5h2V0H2Zm2 10.5H2a.5.5 0 0 1-.5-.5V8H0v2a2 2 0 0 0 2 2h2v-1.5ZM8 12v-1.5h2a.5.5 0 0 0 .5-.5V8H12v2a2 2 0 0 1-2 2H8Zm2-12a2 2 0 0 1 2 2v2h-1.5V2a.5.5 0 0 0-.5-.5H8V0h2Z\" \/>\n\t\t\t<\/svg>\n\t\t<\/button><figcaption class=\"wp-element-caption\"><a href=\"https:\/\/nat.museum-digital.de\/object\/1209003\" target=\"_blank\" rel=\"noreferrer noopener\">https:\/\/nat.museum-digital.de\/object\/1209003<\/a><\/figcaption><\/figure>\n<\/figure>\n\n\n\n<p>Graue Kanne, kobaltblau bemalt, glasiert; runder K\u00f6rper auf hohem, gekehltem Fu\u00df; hoher Kelchhals mit Ausguss; auf der Stirnseite Wappen Bentheim-Tecklenburg mit Pfau als Helmzier, bezeichnet 1589, I. E.<\/p>\n\n\n\n<h4 class=\"wp-block-heading\">Literature<\/h4>\n\n\n\n<div class=\"wp-block-media-text is-stacked-on-mobile\"><figure class=\"wp-block-media-text__media\"><img loading=\"lazy\" decoding=\"async\" width=\"568\" height=\"811\" src=\"https:\/\/www.fayence-steinzeug-vogt.de\/wp-content\/uploads\/2025\/03\/O.-von-Falcke-Graue-Feldflasche-Jan-Emens-1588.jpg\" alt=\"\" class=\"wp-image-13436 size-full\" srcset=\"https:\/\/www.fayence-steinzeug-vogt.de\/wp-content\/uploads\/2025\/03\/O.-von-Falcke-Graue-Feldflasche-Jan-Emens-1588.jpg 568w, https:\/\/www.fayence-steinzeug-vogt.de\/wp-content\/uploads\/2025\/03\/O.-von-Falcke-Graue-Feldflasche-Jan-Emens-1588-210x300.jpg 210w\" sizes=\"(max-width: 568px) 100vw, 568px\" \/><\/figure><div class=\"wp-block-media-text__content\">\n<p>Graue  Flasche von Jan Emens mit dem Wappen von Bentheim-Tecklenburg in Schlo\u00df Stolzenberg (Tafel XIV)<\/p>\n\n\n\n<p>Das Rheinische Steinzeug Otto von Falke, Berlin 1908<\/p>\n\n\n\n<p>S. 28 ff<\/p>\n<\/div><\/div>\n\n\n\n<div class=\"wp-block-media-text is-stacked-on-mobile\"><figure class=\"wp-block-media-text__media\"><img loading=\"lazy\" decoding=\"async\" width=\"499\" height=\"679\" src=\"https:\/\/www.fayence-steinzeug-vogt.de\/wp-content\/uploads\/2018\/02\/Das-Rheinische-Steinzeug-Otto-von-Falke-Berlin-1908.jpg\" alt=\"Das Rheinische Steinzeug Otto von Falke Berlin 1908\" class=\"wp-image-4297 size-full\" srcset=\"https:\/\/www.fayence-steinzeug-vogt.de\/wp-content\/uploads\/2018\/02\/Das-Rheinische-Steinzeug-Otto-von-Falke-Berlin-1908.jpg 499w, https:\/\/www.fayence-steinzeug-vogt.de\/wp-content\/uploads\/2018\/02\/Das-Rheinische-Steinzeug-Otto-von-Falke-Berlin-1908-220x300.jpg 220w\" sizes=\"(max-width: 499px) 100vw, 499px\" \/><\/figure><div class=\"wp-block-media-text__content\">\n<p>Das Rheinische Steinzeug Otto von Falke, Berlin 1908<\/p>\n\n\n\n<p>Volume 2 | Band II, S. 102, Tafel XIV<\/p>\n\n\n\n<p><a href=\"https:\/\/archive.org\/details\/dasrheinischeste01falk\">https:\/\/archive.org\/details\/dasrheinischeste01falk<\/a><\/p>\n\n\n\n<p>digital version of the book Volume 1 and 2 \u2013&nbsp;<a href=\"https:\/\/archive.org\/\">Internet Archive<\/a><\/p>\n\n\n\n<p><a href=\"https:\/\/archive.org\/details\/dasrheinischeste02falk\">https:\/\/archive.org\/details\/dasrheinischeste02falk<\/a><\/p>\n<\/div><\/div>\n\n\n\n<div class=\"wp-block-media-text is-stacked-on-mobile\"><figure class=\"wp-block-media-text__media\"><img loading=\"lazy\" decoding=\"async\" width=\"187\" height=\"269\" src=\"https:\/\/www.fayence-steinzeug-vogt.de\/wp-content\/uploads\/2022\/02\/Mennicken-R-Raerener-Steinzeug-2013.jpg\" alt=\"Raerener Steinzeug Ralph Mennicken 2013\" class=\"wp-image-7524 size-full\"\/><\/figure><div class=\"wp-block-media-text__content\">\n<p>Ralph MENNICKEN<br>Raerener Steinzeug &#8211; Europ\u00e4isches Kulturerbe.<br>Raeren, T\u00f6pfereimuseum <br>Grenz-Echo 2013<\/p>\n\n\n\n<p>S. 254<br><\/p>\n<\/div><\/div>\n\n\n\n<div class=\"wp-block-media-text is-stacked-on-mobile\"><figure class=\"wp-block-media-text__media\"><img loading=\"lazy\" decoding=\"async\" width=\"808\" height=\"1024\" src=\"https:\/\/www.fayence-steinzeug-vogt.de\/wp-content\/uploads\/2025\/03\/Die-Kunstsammlung-im-Heylshof-zu-Worms-Katalog-Georg-Swarzenski-Frankfurt-1927-808x1024.jpg\" alt=\"\" class=\"wp-image-13420 size-full\" srcset=\"https:\/\/www.fayence-steinzeug-vogt.de\/wp-content\/uploads\/2025\/03\/Die-Kunstsammlung-im-Heylshof-zu-Worms-Katalog-Georg-Swarzenski-Frankfurt-1927-808x1024.jpg 808w, https:\/\/www.fayence-steinzeug-vogt.de\/wp-content\/uploads\/2025\/03\/Die-Kunstsammlung-im-Heylshof-zu-Worms-Katalog-Georg-Swarzenski-Frankfurt-1927-237x300.jpg 237w, https:\/\/www.fayence-steinzeug-vogt.de\/wp-content\/uploads\/2025\/03\/Die-Kunstsammlung-im-Heylshof-zu-Worms-Katalog-Georg-Swarzenski-Frankfurt-1927-768x974.jpg 768w, https:\/\/www.fayence-steinzeug-vogt.de\/wp-content\/uploads\/2025\/03\/Die-Kunstsammlung-im-Heylshof-zu-Worms-Katalog-Georg-Swarzenski-Frankfurt-1927-1212x1536.jpg 1212w, https:\/\/www.fayence-steinzeug-vogt.de\/wp-content\/uploads\/2025\/03\/Die-Kunstsammlung-im-Heylshof-zu-Worms-Katalog-Georg-Swarzenski-Frankfurt-1927.jpg 1247w\" sizes=\"(max-width: 808px) 100vw, 808px\" \/><\/figure><div class=\"wp-block-media-text__content\">\n<p>Swarzenski, Georg (1927): Die Kunstsammlung im Heylshof zu Worms. Frankfurt am Main, Seite 124 f.<\/p>\n<\/div><\/div>\n","protected":false},"excerpt":{"rendered":"<p>16th Century Raeren Armorial Bottle by Jan Emens with the Bentheim-Teckenburg Coat of Arms Jan Emens: Master Potter of Raeren Jan Emens Mennicken (also known as Jan Emens or Jan Mennicken) was one of the preeminent master potters of the Raeren region during the second half of the 16th century the golden age of Raeren [&hellip;]<\/p>\n","protected":false},"author":2,"featured_media":12946,"comment_status":"closed","ping_status":"open","sticky":false,"template":"","format":"standard","meta":{"footnotes":""},"categories":[28,33,34],"tags":[36,37,305,1287,1288],"class_list":["post-13387","post","type-post","status-publish","format-standard","has-post-thumbnail","hentry","category-european-ceramics","category-steinzeug","category-works-of-art","tag-16-jahrhundert","tag-16th-century","tag-jan-emens","tag-bentheim-teckenburg","tag-armorial"],"_links":{"self":[{"href":"https:\/\/www.fayence-steinzeug-vogt.de\/de\/wp-json\/wp\/v2\/posts\/13387","targetHints":{"allow":["GET"]}}],"collection":[{"href":"https:\/\/www.fayence-steinzeug-vogt.de\/de\/wp-json\/wp\/v2\/posts"}],"about":[{"href":"https:\/\/www.fayence-steinzeug-vogt.de\/de\/wp-json\/wp\/v2\/types\/post"}],"author":[{"embeddable":true,"href":"https:\/\/www.fayence-steinzeug-vogt.de\/de\/wp-json\/wp\/v2\/users\/2"}],"replies":[{"embeddable":true,"href":"https:\/\/www.fayence-steinzeug-vogt.de\/de\/wp-json\/wp\/v2\/comments?post=13387"}],"version-history":[{"count":37,"href":"https:\/\/www.fayence-steinzeug-vogt.de\/de\/wp-json\/wp\/v2\/posts\/13387\/revisions"}],"predecessor-version":[{"id":13478,"href":"https:\/\/www.fayence-steinzeug-vogt.de\/de\/wp-json\/wp\/v2\/posts\/13387\/revisions\/13478"}],"wp:featuredmedia":[{"embeddable":true,"href":"https:\/\/www.fayence-steinzeug-vogt.de\/de\/wp-json\/wp\/v2\/media\/12946"}],"wp:attachment":[{"href":"https:\/\/www.fayence-steinzeug-vogt.de\/de\/wp-json\/wp\/v2\/media?parent=13387"}],"wp:term":[{"taxonomy":"category","embeddable":true,"href":"https:\/\/www.fayence-steinzeug-vogt.de\/de\/wp-json\/wp\/v2\/categories?post=13387"},{"taxonomy":"post_tag","embeddable":true,"href":"https:\/\/www.fayence-steinzeug-vogt.de\/de\/wp-json\/wp\/v2\/tags?post=13387"}],"curies":[{"name":"wp","href":"https:\/\/api.w.org\/{rel}","templated":true}]}}