{"id":14820,"date":"2026-03-03T19:44:49","date_gmt":"2026-03-03T18:44:49","guid":{"rendered":"https:\/\/www.fayence-steinzeug-vogt.de\/de\/?p=14820"},"modified":"2026-03-13T19:45:39","modified_gmt":"2026-03-13T18:45:39","slug":"franz-bruns-bacchus-scenes-on-raeren-stoneware","status":"publish","type":"post","link":"https:\/\/www.fayence-steinzeug-vogt.de\/de\/franz-bruns-bacchus-scenes-on-raeren-stoneware\/","title":{"rendered":"Franz Brun&#8217;s Bacchus Scenes on Raeren Stoneware"},"content":{"rendered":"\n<h2 class=\"wp-block-heading\"><strong>Raeren Frieze Jug JAN EMENS MENNICKEN signed and dated 1590<\/strong><\/h2>\n\n\n\n<figure class=\"wp-block-gallery has-nested-images columns-default is-cropped wp-block-gallery-1 is-layout-flex wp-block-gallery-is-layout-flex\">\n<figure class=\"wp-block-image size-large\"><a href=\"https:\/\/www.fayence-steinzeug-vogt.de\/wp-content\/uploads\/2026\/03\/raeren-stoneware-frieze-jug-jan-emens-dated-1590.jpg\" target=\"_blank\" rel=\" noreferrer noopener\"><img loading=\"lazy\" decoding=\"async\" width=\"683\" height=\"1024\" data-id=\"14826\" src=\"https:\/\/www.fayence-steinzeug-vogt.de\/wp-content\/uploads\/2026\/03\/raeren-stoneware-frieze-jug-jan-emens-dated-1590-683x1024.jpg\" alt=\"\" class=\"wp-image-14826\" srcset=\"https:\/\/www.fayence-steinzeug-vogt.de\/wp-content\/uploads\/2026\/03\/raeren-stoneware-frieze-jug-jan-emens-dated-1590-683x1024.jpg 683w, https:\/\/www.fayence-steinzeug-vogt.de\/wp-content\/uploads\/2026\/03\/raeren-stoneware-frieze-jug-jan-emens-dated-1590-200x300.jpg 200w, https:\/\/www.fayence-steinzeug-vogt.de\/wp-content\/uploads\/2026\/03\/raeren-stoneware-frieze-jug-jan-emens-dated-1590-768x1152.jpg 768w, https:\/\/www.fayence-steinzeug-vogt.de\/wp-content\/uploads\/2026\/03\/raeren-stoneware-frieze-jug-jan-emens-dated-1590-1024x1536.jpg 1024w, https:\/\/www.fayence-steinzeug-vogt.de\/wp-content\/uploads\/2026\/03\/raeren-stoneware-frieze-jug-jan-emens-dated-1590-1366x2048.jpg 1366w, https:\/\/www.fayence-steinzeug-vogt.de\/wp-content\/uploads\/2026\/03\/raeren-stoneware-frieze-jug-jan-emens-dated-1590.jpg 1707w\" sizes=\"(max-width: 683px) 100vw, 683px\" \/><\/a><figcaption class=\"wp-element-caption\">Raerener Mittelfrieskrug 1590 datiert, im Fries signiert \u201eIM\u201c f\u00fcr Jan Mennicken, H. 26 cm<\/figcaption><\/figure>\n\n\n\n<figure class=\"wp-block-image size-large\"><a href=\"https:\/\/www.fayence-steinzeug-vogt.de\/wp-content\/uploads\/2026\/03\/raeren-stoneware-frieze-jug-jan-emens-mennicken-dated-1590-scaled.jpg\" target=\"_blank\" rel=\" noreferrer noopener\"><img loading=\"lazy\" decoding=\"async\" width=\"683\" height=\"1024\" data-id=\"14827\" src=\"https:\/\/www.fayence-steinzeug-vogt.de\/wp-content\/uploads\/2026\/03\/raeren-stoneware-frieze-jug-jan-emens-mennicken-dated-1590-683x1024.jpg\" alt=\"\" class=\"wp-image-14827\" srcset=\"https:\/\/www.fayence-steinzeug-vogt.de\/wp-content\/uploads\/2026\/03\/raeren-stoneware-frieze-jug-jan-emens-mennicken-dated-1590-683x1024.jpg 683w, https:\/\/www.fayence-steinzeug-vogt.de\/wp-content\/uploads\/2026\/03\/raeren-stoneware-frieze-jug-jan-emens-mennicken-dated-1590-200x300.jpg 200w, https:\/\/www.fayence-steinzeug-vogt.de\/wp-content\/uploads\/2026\/03\/raeren-stoneware-frieze-jug-jan-emens-mennicken-dated-1590-768x1152.jpg 768w, https:\/\/www.fayence-steinzeug-vogt.de\/wp-content\/uploads\/2026\/03\/raeren-stoneware-frieze-jug-jan-emens-mennicken-dated-1590-1024x1536.jpg 1024w, https:\/\/www.fayence-steinzeug-vogt.de\/wp-content\/uploads\/2026\/03\/raeren-stoneware-frieze-jug-jan-emens-mennicken-dated-1590-1365x2048.jpg 1365w, https:\/\/www.fayence-steinzeug-vogt.de\/wp-content\/uploads\/2026\/03\/raeren-stoneware-frieze-jug-jan-emens-mennicken-dated-1590-scaled.jpg 1707w\" sizes=\"(max-width: 683px) 100vw, 683px\" \/><\/a><figcaption class=\"wp-element-caption\">Raeren Stoneware Frieze Jug dated 1590, signed &#8222;IM&#8220; in the frieze for Jan Mennicken, H. 26 cm<\/figcaption><\/figure>\n<\/figure>\n\n\n\n<p><strong>Raerener Mittelfrieskrug. JAN EMENS MENNICKEN signiert, 1590 datiert, graues salzglasiertes Steinzeug, kobaltblau staffiert, profiliert und reliefiert, umlaufend Figurenfries und Inschrift<\/strong>:<\/p>\n\n\n\n<p>SOE.GOET.DET.DY.FOL.SVPERS AO 1590.ES MOS. SEIN Im Fries signiert &#8222;IM&#8220;<\/p>\n\n\n\n<div class=\"wp-block-media-text alignwide is-stacked-on-mobile\" style=\"grid-template-columns:62% auto\"><figure class=\"wp-block-media-text__media\"><a href=\"https:\/\/www.fayence-steinzeug-vogt.de\/wp-content\/uploads\/2026\/03\/raeren-stoneware-frieze-jug-jan-emens-dated-1590-detail-women.jpg\" target=\"_blank\" rel=\" noreferrer noopener\"><img loading=\"lazy\" decoding=\"async\" width=\"1024\" height=\"601\" src=\"https:\/\/www.fayence-steinzeug-vogt.de\/wp-content\/uploads\/2026\/03\/raeren-stoneware-frieze-jug-jan-emens-dated-1590-detail-women-1024x601.jpg\" alt=\"\" class=\"wp-image-14830 size-full\" srcset=\"https:\/\/www.fayence-steinzeug-vogt.de\/wp-content\/uploads\/2026\/03\/raeren-stoneware-frieze-jug-jan-emens-dated-1590-detail-women-1024x601.jpg 1024w, https:\/\/www.fayence-steinzeug-vogt.de\/wp-content\/uploads\/2026\/03\/raeren-stoneware-frieze-jug-jan-emens-dated-1590-detail-women-300x176.jpg 300w, https:\/\/www.fayence-steinzeug-vogt.de\/wp-content\/uploads\/2026\/03\/raeren-stoneware-frieze-jug-jan-emens-dated-1590-detail-women-768x450.jpg 768w, https:\/\/www.fayence-steinzeug-vogt.de\/wp-content\/uploads\/2026\/03\/raeren-stoneware-frieze-jug-jan-emens-dated-1590-detail-women-1536x901.jpg 1536w, https:\/\/www.fayence-steinzeug-vogt.de\/wp-content\/uploads\/2026\/03\/raeren-stoneware-frieze-jug-jan-emens-dated-1590-detail-women.jpg 1920w\" sizes=\"(max-width: 1024px) 100vw, 1024px\" \/><\/a><\/figure><div class=\"wp-block-media-text__content\">\n<p>Frieze band with the peasant drinking scene and the inscription &#8222;SOE.GOET.DET.DY.FOL.SVPERS \/ AO 1590 .ES MOS. SEIN&#8220;<\/p>\n<\/div><\/div>\n\n\n\n<h4 class=\"wp-block-heading\">Reference Object with similar inscription in literature<\/h4>\n\n\n\n<p>The object becomes both a participant in and a commentary on the very behavior it portrays. Someone drinking from this vessel would be confronted with an image of the consequences of excess &#8211; though whether that served as a warning or was simply accepted as the way things were is an open question.<\/p>\n\n\n\n<div class=\"wp-block-media-text is-stacked-on-mobile\" style=\"grid-template-columns:56% auto\"><figure class=\"wp-block-media-text__media\"><a href=\"https:\/\/www.fayence-steinzeug-vogt.de\/wp-content\/uploads\/2026\/03\/Oswald-Schaefer-.jpg\" target=\"_blank\" rel=\" noreferrer noopener\"><img loading=\"lazy\" decoding=\"async\" width=\"751\" height=\"281\" src=\"https:\/\/www.fayence-steinzeug-vogt.de\/wp-content\/uploads\/2026\/03\/Oswald-Schaefer-.jpg\" alt=\"\" class=\"wp-image-14853 size-full\" srcset=\"https:\/\/www.fayence-steinzeug-vogt.de\/wp-content\/uploads\/2026\/03\/Oswald-Schaefer-.jpg 751w, https:\/\/www.fayence-steinzeug-vogt.de\/wp-content\/uploads\/2026\/03\/Oswald-Schaefer--300x112.jpg 300w\" sizes=\"(max-width: 751px) 100vw, 751px\" \/><\/a><\/figure><div class=\"wp-block-media-text__content\">\n<p class=\"has-small-font-size\">Auf einem aus dem Jahre 1590 stammenden Kr\u00fcglein des St\u00e4dtischen Museums in Schweinfurt Frankenland Zeitschrift f\u00fcr das Frankenvolk und seine Freunde Bd. 23 1971 Autor Oswald Sch\u00e4fer<br><a href=\"https:\/\/journals.bibliothek.uni-wuerzburg.de\/frl-nf\/article\/view\/3321\" target=\"_blank\" rel=\"noreferrer noopener\">https:\/\/journals.bibliothek.uni-wuerzburg.de\/frl-nf\/article\/view\/3321<\/a><\/p>\n<\/div><\/div>\n\n\n\n<p>Translation and summary of the article:<br>The inscription &#8222;SOE \u00b7 GOET \u00b7 DET \u00b7 DY \u00b7 FOL \u00b7 SVPERS&#8220; is in Low German dialect and translates roughly to &#8222;That&#8217;s what happens to those who have gotten drunk.&#8220;The phrase serves as a commentary on the relief scenes depicted below it &#8211; showing the consequences of excessive drinking and debauchery.<br><\/p>\n\n\n\n<figure data-wp-context=\"{&quot;imageId&quot;:&quot;69f0cc0c5a6ab&quot;}\" data-wp-interactive=\"core\/image\" data-wp-key=\"69f0cc0c5a6ab\" class=\"wp-block-image size-full is-resized wp-lightbox-container\"><img loading=\"lazy\" decoding=\"async\" width=\"631\" height=\"648\" data-wp-class--hide=\"state.isContentHidden\" data-wp-class--show=\"state.isContentVisible\" data-wp-init=\"callbacks.setButtonStyles\" data-wp-on--click=\"actions.showLightbox\" data-wp-on--load=\"callbacks.setButtonStyles\" data-wp-on-window--resize=\"callbacks.setButtonStyles\" src=\"https:\/\/www.fayence-steinzeug-vogt.de\/wp-content\/uploads\/2026\/03\/Oswald-Schaefer-Krug-Detail-Raeren-Schweinfurt.jpg\" alt=\"\" class=\"wp-image-14855\" style=\"width:771px;height:auto\" srcset=\"https:\/\/www.fayence-steinzeug-vogt.de\/wp-content\/uploads\/2026\/03\/Oswald-Schaefer-Krug-Detail-Raeren-Schweinfurt.jpg 631w, https:\/\/www.fayence-steinzeug-vogt.de\/wp-content\/uploads\/2026\/03\/Oswald-Schaefer-Krug-Detail-Raeren-Schweinfurt-292x300.jpg 292w\" sizes=\"(max-width: 631px) 100vw, 631px\" \/><button\n\t\t\tclass=\"lightbox-trigger\"\n\t\t\ttype=\"button\"\n\t\t\taria-haspopup=\"dialog\"\n\t\t\taria-label=\"Vergr\u00f6\u00dfern\"\n\t\t\tdata-wp-init=\"callbacks.initTriggerButton\"\n\t\t\tdata-wp-on--click=\"actions.showLightbox\"\n\t\t\tdata-wp-style--right=\"state.imageButtonRight\"\n\t\t\tdata-wp-style--top=\"state.imageButtonTop\"\n\t\t>\n\t\t\t<svg xmlns=\"http:\/\/www.w3.org\/2000\/svg\" width=\"12\" height=\"12\" fill=\"none\" viewBox=\"0 0 12 12\">\n\t\t\t\t<path fill=\"#fff\" d=\"M2 0a2 2 0 0 0-2 2v2h1.5V2a.5.5 0 0 1 .5-.5h2V0H2Zm2 10.5H2a.5.5 0 0 1-.5-.5V8H0v2a2 2 0 0 0 2 2h2v-1.5ZM8 12v-1.5h2a.5.5 0 0 0 .5-.5V8H12v2a2 2 0 0 1-2 2H8Zm2-12a2 2 0 0 1 2 2v2h-1.5V2a.5.5 0 0 0-.5-.5H8V0h2Z\" \/>\n\t\t\t<\/svg>\n\t\t<\/button><\/figure>\n\n\n\n<h4 class=\"wp-block-heading\">Inspiration Engraving Franz Isaac Brun<\/h4>\n\n\n\n<figure class=\"wp-block-image\"><a href=\"https:\/\/onlinekatalog.kunsthalle-bremen.de\/DE-MUS-027614\/object\/58650\" target=\"_blank\" rel=\" noreferrer noopener\"><img loading=\"lazy\" decoding=\"async\" width=\"1024\" height=\"228\" src=\"https:\/\/www.fayence-steinzeug-vogt.de\/wp-content\/uploads\/2026\/03\/Franz-Isaac-Brun-Bachhus-und-Bauern-Kunsthalle-Bremen-1024x228.jpg\" alt=\"\" class=\"wp-image-14823\" srcset=\"https:\/\/www.fayence-steinzeug-vogt.de\/wp-content\/uploads\/2026\/03\/Franz-Isaac-Brun-Bachhus-und-Bauern-Kunsthalle-Bremen-1024x228.jpg 1024w, https:\/\/www.fayence-steinzeug-vogt.de\/wp-content\/uploads\/2026\/03\/Franz-Isaac-Brun-Bachhus-und-Bauern-Kunsthalle-Bremen-300x67.jpg 300w, https:\/\/www.fayence-steinzeug-vogt.de\/wp-content\/uploads\/2026\/03\/Franz-Isaac-Brun-Bachhus-und-Bauern-Kunsthalle-Bremen-768x171.jpg 768w, https:\/\/www.fayence-steinzeug-vogt.de\/wp-content\/uploads\/2026\/03\/Franz-Isaac-Brun-Bachhus-und-Bauern-Kunsthalle-Bremen-1536x343.jpg 1536w, https:\/\/www.fayence-steinzeug-vogt.de\/wp-content\/uploads\/2026\/03\/Franz-Isaac-Brun-Bachhus-und-Bauern-Kunsthalle-Bremen-2048x457.jpg 2048w\" sizes=\"(max-width: 1024px) 100vw, 1024px\" \/><\/a><figcaption class=\"wp-element-caption\">Franz Isaac Brun (*1539 &#8211; \u2020 1601), Stecher<br>Trunkene Bauern und ihre Ehefrauen, Blatt 2 der Folge &#8222;Bachhus und Bauern&#8220;, 1554-1601<br><a href=\"https:\/\/onlinekatalog.kunsthalle-bremen.de\/DE-MUS-027614\/object\/58650\">https:\/\/onlinekatalog.kunsthalle-bremen.de\/DE-MUS-027614\/object\/58650<\/a><br><em>Kunsthalle Bremen &#8211; Der Kunstverein in Bremen, Foto: Die Kulturgutscanner, Public Domain Mark 1.0<\/em><\/figcaption><\/figure>\n\n\n\n<h4 class=\"wp-block-heading\">Museum Reference<\/h4>\n\n\n\n<h4 class=\"wp-block-heading\"><strong><a href=\"https:\/\/www.vam.ac.uk\/collections?type=featured\" target=\"_blank\" rel=\"noreferrer noopener\" title=\"Victoria and Albert Museum\">Victoria and Albert Museum<\/a> London<\/strong><\/h4>\n\n\n\n<div class=\"wp-block-media-text is-stacked-on-mobile\"><figure class=\"wp-block-media-text__media\"><a href=\"https:\/\/collections.vam.ac.uk\/item\/O159800\/jug-mennicken-jan-emens\/\" target=\"_blank\" rel=\" noreferrer noopener\"><img loading=\"lazy\" decoding=\"async\" width=\"768\" height=\"1024\" src=\"https:\/\/www.fayence-steinzeug-vogt.de\/wp-content\/uploads\/2026\/03\/VA-Raeren-Stoneware-Jug-Jan-Emens-Mennicken-768x1024.jpg\" alt=\"\" class=\"wp-image-14842 size-full\" srcset=\"https:\/\/www.fayence-steinzeug-vogt.de\/wp-content\/uploads\/2026\/03\/VA-Raeren-Stoneware-Jug-Jan-Emens-Mennicken-768x1024.jpg 768w, https:\/\/www.fayence-steinzeug-vogt.de\/wp-content\/uploads\/2026\/03\/VA-Raeren-Stoneware-Jug-Jan-Emens-Mennicken-225x300.jpg 225w, https:\/\/www.fayence-steinzeug-vogt.de\/wp-content\/uploads\/2026\/03\/VA-Raeren-Stoneware-Jug-Jan-Emens-Mennicken-1152x1536.jpg 1152w, https:\/\/www.fayence-steinzeug-vogt.de\/wp-content\/uploads\/2026\/03\/VA-Raeren-Stoneware-Jug-Jan-Emens-Mennicken-1536x2048.jpg 1536w, https:\/\/www.fayence-steinzeug-vogt.de\/wp-content\/uploads\/2026\/03\/VA-Raeren-Stoneware-Jug-Jan-Emens-Mennicken.jpg 1875w\" sizes=\"(max-width: 768px) 100vw, 768px\" \/><\/a><\/figure><div class=\"wp-block-media-text__content\">\n<p>Jug depicting the sovreigns of France, Spain and Poland<br>from a mould signed IE and dated 1587<br>Workshop of Jan Emens Mennicken, Raeren, Germany about 1580-1600<br>Stoneware with incised, stamped and applied moulded decoration <br>\u00a9 Victoria and Albert Museum, London <a href=\"https:\/\/collections.vam.ac.uk\/item\/O159800\/jug-mennicken-jan-emens\/\">https:\/\/collections.vam.ac.uk\/item\/O159800\/jug-mennicken-jan-emens\/<\/a><\/p>\n<\/div><\/div>\n\n\n\n<h4 class=\"wp-block-heading\">Literature<\/h4>\n\n\n\n<div class=\"wp-block-media-text alignwide is-stacked-on-mobile\" style=\"grid-template-columns:38% auto\"><figure class=\"wp-block-media-text__media\"><img loading=\"lazy\" decoding=\"async\" width=\"187\" height=\"269\" src=\"https:\/\/stage.fayence-steinzeug-vogt.de\/wp-content\/uploads\/2022\/02\/Mennicken-R-Raerener-Steinzeug-2013.jpg\" alt=\"\" class=\"wp-image-7524 size-full\"\/><\/figure><div class=\"wp-block-media-text__content\">\n<p>MENNICKEN, Ralph.&nbsp;<em>Raerener Steinzeug. Europ\u00e4isches Kulturerbe<\/em>. Grenz-Echo, 2013.<br>Jan Emens Mennicken S. 226 ff<br>Inschriften S. 252<\/p>\n<\/div><\/div>\n\n\n\n<div class=\"wp-block-media-text is-stacked-on-mobile\" style=\"grid-template-columns:38% auto\"><figure class=\"wp-block-media-text__media\"><img loading=\"lazy\" decoding=\"async\" width=\"727\" height=\"1024\" src=\"https:\/\/www.fayence-steinzeug-vogt.de\/wp-content\/uploads\/2026\/02\/MENNICKEN-Ralph.-Schaetze-aus-Raerener-Erde-Hetjens-2009-727x1024.jpg\" alt=\"\" class=\"wp-image-14544 size-full\" srcset=\"https:\/\/www.fayence-steinzeug-vogt.de\/wp-content\/uploads\/2026\/02\/MENNICKEN-Ralph.-Schaetze-aus-Raerener-Erde-Hetjens-2009-727x1024.jpg 727w, https:\/\/www.fayence-steinzeug-vogt.de\/wp-content\/uploads\/2026\/02\/MENNICKEN-Ralph.-Schaetze-aus-Raerener-Erde-Hetjens-2009-213x300.jpg 213w, https:\/\/www.fayence-steinzeug-vogt.de\/wp-content\/uploads\/2026\/02\/MENNICKEN-Ralph.-Schaetze-aus-Raerener-Erde-Hetjens-2009-768x1081.jpg 768w, https:\/\/www.fayence-steinzeug-vogt.de\/wp-content\/uploads\/2026\/02\/MENNICKEN-Ralph.-Schaetze-aus-Raerener-Erde-Hetjens-2009-1091x1536.jpg 1091w, https:\/\/www.fayence-steinzeug-vogt.de\/wp-content\/uploads\/2026\/02\/MENNICKEN-Ralph.-Schaetze-aus-Raerener-Erde-Hetjens-2009-1455x2048.jpg 1455w, https:\/\/www.fayence-steinzeug-vogt.de\/wp-content\/uploads\/2026\/02\/MENNICKEN-Ralph.-Schaetze-aus-Raerener-Erde-Hetjens-2009-scaled.jpg 1818w\" sizes=\"(max-width: 727px) 100vw, 727px\" \/><\/figure><div class=\"wp-block-media-text__content\">\n<p>MENNICKEN, Ralph. Sch\u00e4tze aus Raerener Erde.&nbsp;<em>Katalog des Raerener Steinzeug aus dem Hetjens-Museum Deutsches Keramikmuseum D\u00fcsseldorf<\/em>, 2009.<\/p>\n<\/div><\/div>\n\n\n\n<div class=\"wp-block-media-text is-stacked-on-mobile\" style=\"grid-template-columns:38% auto\"><figure class=\"wp-block-media-text__media\"><img loading=\"lazy\" decoding=\"async\" width=\"375\" height=\"500\" src=\"https:\/\/www.fayence-steinzeug-vogt.de\/wp-content\/uploads\/2021\/02\/German-stoneware-1200-1900-David-Gaimster.jpg\" alt=\"German-stoneware-1200-1900-David-Gaimster.\" class=\"wp-image-6730 size-full\" srcset=\"https:\/\/www.fayence-steinzeug-vogt.de\/wp-content\/uploads\/2021\/02\/German-stoneware-1200-1900-David-Gaimster.jpg 375w, https:\/\/www.fayence-steinzeug-vogt.de\/wp-content\/uploads\/2021\/02\/German-stoneware-1200-1900-David-Gaimster-225x300.jpg 225w\" sizes=\"(max-width: 375px) 100vw, 375px\" \/><\/figure><div class=\"wp-block-media-text__content\">\n<p>German stoneware, 1200-1900 : archaeology and cultural history : containing a guide to the collections of the British Museum, Victoria &amp; Albert Museum, and Museum of London<\/p>\n\n\n\n<p>by Gaimster, David R. M<\/p>\n\n\n\n<p>Online access at Internet archive with this link:<\/p>\n\n\n\n<p><a href=\"https:\/\/archive.org\/details\/germanstoneware10000gaim\">https:\/\/archive.org\/details\/germanstoneware10000gaim<\/a><\/p>\n<\/div><\/div>\n\n\n\n<h4 class=\"wp-block-heading\">Related Articles<\/h4>\n\n\n\n<figure class=\"wp-block-embed is-type-wp-embed is-provider-peter-vogt-fayence-und-steinzeug-aus-vier-jahrhunderten wp-block-embed-peter-vogt-fayence-und-steinzeug-aus-vier-jahrhunderten\"><div class=\"wp-block-embed__wrapper\">\n<blockquote class=\"wp-embedded-content\" data-secret=\"7YxkJ0XtrI\"><a href=\"https:\/\/www.fayence-steinzeug-vogt.de\/de\/raeren-mittelfrieskrug-jan-emens-1586-datiert\/\">Raeren Mittelfrieskrug Jan Emens 1586 datiert<\/a><\/blockquote><iframe loading=\"lazy\" class=\"wp-embedded-content\" sandbox=\"allow-scripts\" security=\"restricted\" style=\"position: absolute; visibility: hidden;\" title=\"&#8222;Raeren Mittelfrieskrug Jan Emens 1586 datiert&#8220; &#8211; Peter Vogt Fayence und Steinzeug aus vier Jahrhunderten\" src=\"https:\/\/www.fayence-steinzeug-vogt.de\/de\/raeren-mittelfrieskrug-jan-emens-1586-datiert\/embed\/#?secret=xGbdUhbczX#?secret=7YxkJ0XtrI\" data-secret=\"7YxkJ0XtrI\" width=\"500\" height=\"282\" frameborder=\"0\" marginwidth=\"0\" marginheight=\"0\" scrolling=\"no\"><\/iframe>\n<\/div><\/figure>\n\n\n\n<figure class=\"wp-block-embed is-type-wp-embed is-provider-peter-vogt-fayence-und-steinzeug-aus-vier-jahrhunderten wp-block-embed-peter-vogt-fayence-und-steinzeug-aus-vier-jahrhunderten\"><div class=\"wp-block-embed__wrapper\">\n<blockquote class=\"wp-embedded-content\" data-secret=\"IKwFW1QT73\"><a href=\"https:\/\/www.fayence-steinzeug-vogt.de\/de\/armorial-raeren-frieze-jug-dated-1598\/\">Armorial Raeren Frieze Jug dated 1598<\/a><\/blockquote><iframe loading=\"lazy\" class=\"wp-embedded-content\" sandbox=\"allow-scripts\" security=\"restricted\" style=\"position: absolute; visibility: hidden;\" title=\"&#8222;Armorial Raeren Frieze Jug dated 1598&#8220; &#8211; Peter Vogt Fayence und Steinzeug aus vier Jahrhunderten\" src=\"https:\/\/www.fayence-steinzeug-vogt.de\/de\/armorial-raeren-frieze-jug-dated-1598\/embed\/#?secret=K37kdgztBD#?secret=IKwFW1QT73\" data-secret=\"IKwFW1QT73\" width=\"500\" height=\"282\" frameborder=\"0\" marginwidth=\"0\" marginheight=\"0\" scrolling=\"no\"><\/iframe>\n<\/div><\/figure>\n\n\n\n<figure class=\"wp-block-embed is-type-wp-embed is-provider-peter-vogt-fayence-und-steinzeug-aus-vier-jahrhunderten wp-block-embed-peter-vogt-fayence-und-steinzeug-aus-vier-jahrhunderten\"><div class=\"wp-block-embed__wrapper\">\n<blockquote class=\"wp-embedded-content\" data-secret=\"xemyUoDJ7R\"><a href=\"https:\/\/www.fayence-steinzeug-vogt.de\/de\/raeren-armorial-bottle-dated-1591\/\">Raeren Armorial Bottle dated 1591<\/a><\/blockquote><iframe loading=\"lazy\" class=\"wp-embedded-content\" sandbox=\"allow-scripts\" security=\"restricted\" style=\"position: absolute; visibility: hidden;\" title=\"&#8222;Raeren Armorial Bottle dated 1591&#8220; &#8211; Peter Vogt Fayence und Steinzeug aus vier Jahrhunderten\" src=\"https:\/\/www.fayence-steinzeug-vogt.de\/de\/raeren-armorial-bottle-dated-1591\/embed\/#?secret=tg0zXKL6BN#?secret=xemyUoDJ7R\" data-secret=\"xemyUoDJ7R\" width=\"500\" height=\"282\" frameborder=\"0\" marginwidth=\"0\" marginheight=\"0\" scrolling=\"no\"><\/iframe>\n<\/div><\/figure>\n\n\n\n<figure class=\"wp-block-embed is-type-wp-embed is-provider-peter-vogt-fayence-und-steinzeug-aus-vier-jahrhunderten wp-block-embed-peter-vogt-fayence-und-steinzeug-aus-vier-jahrhunderten\"><div class=\"wp-block-embed__wrapper\">\n<blockquote class=\"wp-embedded-content\" data-secret=\"9rzHNnONyt\"><a href=\"https:\/\/www.fayence-steinzeug-vogt.de\/de\/cobalt-blue-raeren-armorial-stoneware\/\">Cobalt Blue Raeren Armorial Stoneware<\/a><\/blockquote><iframe loading=\"lazy\" class=\"wp-embedded-content\" sandbox=\"allow-scripts\" security=\"restricted\" style=\"position: absolute; visibility: hidden;\" title=\"&#8222;Cobalt Blue Raeren Armorial Stoneware&#8220; &#8211; Peter Vogt Fayence und Steinzeug aus vier Jahrhunderten\" src=\"https:\/\/www.fayence-steinzeug-vogt.de\/de\/cobalt-blue-raeren-armorial-stoneware\/embed\/#?secret=mmVr5GyCNG#?secret=9rzHNnONyt\" data-secret=\"9rzHNnONyt\" width=\"500\" height=\"282\" frameborder=\"0\" marginwidth=\"0\" marginheight=\"0\" scrolling=\"no\"><\/iframe>\n<\/div><\/figure>\n\n\n\n<figure class=\"wp-block-embed is-type-wp-embed is-provider-peter-vogt-fayence-und-steinzeug-aus-vier-jahrhunderten wp-block-embed-peter-vogt-fayence-und-steinzeug-aus-vier-jahrhunderten\"><div class=\"wp-block-embed__wrapper\">\n<blockquote class=\"wp-embedded-content\" data-secret=\"31ARy7qAry\"><a href=\"https:\/\/www.fayence-steinzeug-vogt.de\/de\/raeren-stoneware-armorial-schnelle\/\">Raeren Stoneware Armorial Schnelle<\/a><\/blockquote><iframe loading=\"lazy\" class=\"wp-embedded-content\" sandbox=\"allow-scripts\" security=\"restricted\" style=\"position: absolute; visibility: hidden;\" title=\"&#8222;Raeren Stoneware Armorial Schnelle&#8220; &#8211; Peter Vogt Fayence und Steinzeug aus vier Jahrhunderten\" src=\"https:\/\/www.fayence-steinzeug-vogt.de\/de\/raeren-stoneware-armorial-schnelle\/embed\/#?secret=SnLyZ5JwbD#?secret=31ARy7qAry\" data-secret=\"31ARy7qAry\" width=\"500\" height=\"282\" frameborder=\"0\" marginwidth=\"0\" marginheight=\"0\" scrolling=\"no\"><\/iframe>\n<\/div><\/figure>\n\n\n\n<h4 class=\"wp-block-heading\">Museum Virtual Tour Raeren Museum<\/h4>\n\n\n\n<p><a href=\"http:\/\/toepfereimuseum.org\/Aktuelles\/News-und-Events\/Behind-the-Museum?fbclid=IwAR3ZGawwSTy0Dtski8T7u1kfLDbdcMR1Let7WoS1rhNUr4eEx_nU81zrnCI\">T\u00f6pfereimuseum Raeren :: Behind the Museum (toepfereimuseum.org)<\/a><br>Das Projekt&nbsp;<a href=\"https:\/\/behindthemuseum.be\/\"><strong>Behind the Museum<\/strong><\/a>&nbsp;ist eine gemeinsame Initiative der belgischen Vereinigungen&nbsp;<a href=\"http:\/\/msw.be\/\">Mus\u00e9es et Soci\u00e9t\u00e9 en Wallonie<\/a>&nbsp;und&nbsp;<a href=\"https:\/\/meta-morphosis.info\/\">Epicentro<\/a>&nbsp;mit dem Ziel, das Verborgene in Museen zu zeigen, die Erinnerung an einen Ort zu bewahren und auch das kulturelle Erbe f\u00fcr die Zukunft festzuhalten.<br>Anfang 2021 bekam das T\u00f6pfereimuseum Raeren als erstes und bisher einziges Museum der Deutschsprachigen Gemeinschaft die Chance, sich ebenfalls an diesem Projekt zu beteiligen: Das komplette Museum in der Burg Raeren wurde digitalisiert und ist nun in Form eines digitalen Puppenhauses bereit zum Besuch von Zuhause aus.<\/p>\n\n\n\n<figure class=\"wp-block-image\"><img loading=\"lazy\" decoding=\"async\" width=\"1024\" height=\"876\" src=\"https:\/\/stage.fayence-steinzeug-vogt.de\/wp-content\/uploads\/2021\/02\/behind-the-museum-raeren-1024x876.jpg\" alt=\"\" class=\"wp-image-6817\" srcset=\"https:\/\/www.fayence-steinzeug-vogt.de\/wp-content\/uploads\/2021\/02\/behind-the-museum-raeren-1024x876.jpg 1024w, https:\/\/www.fayence-steinzeug-vogt.de\/wp-content\/uploads\/2021\/02\/behind-the-museum-raeren-300x257.jpg 300w, https:\/\/www.fayence-steinzeug-vogt.de\/wp-content\/uploads\/2021\/02\/behind-the-museum-raeren-768x657.jpg 768w, https:\/\/www.fayence-steinzeug-vogt.de\/wp-content\/uploads\/2021\/02\/behind-the-museum-raeren.jpg 1090w\" sizes=\"(max-width: 1024px) 100vw, 1024px\" \/><figcaption class=\"wp-element-caption\"><a href=\"https:\/\/behindthemuseum.be\/project\/musee-de-la-poterie-de-raeren\/\" target=\"_blank\" rel=\"noreferrer noopener\">https:\/\/behindthemuseum.be\/project\/musee-de-la-poterie-de-raeren\/<\/a><\/figcaption><\/figure>\n","protected":false},"excerpt":{"rendered":"<p>Raeren Frieze Jug JAN EMENS MENNICKEN signed and dated 1590 Raerener Mittelfrieskrug. JAN EMENS MENNICKEN signiert, 1590 datiert, graues salzglasiertes Steinzeug, kobaltblau staffiert, profiliert und reliefiert, umlaufend Figurenfries und Inschrift: SOE.GOET.DET.DY.FOL.SVPERS AO 1590.ES MOS. SEIN Im Fries signiert &#8222;IM&#8220; Frieze band with the peasant drinking scene and the inscription &#8222;SOE.GOET.DET.DY.FOL.SVPERS \/ AO 1590 .ES MOS. [&hellip;]<\/p>\n","protected":false},"author":2,"featured_media":14829,"comment_status":"closed","ping_status":"closed","sticky":false,"template":"","format":"standard","meta":{"footnotes":""},"categories":[28,33,30],"tags":[560,595,603,36,37,226,305,398],"class_list":["post-14820","post","type-post","status-publish","format-standard","has-post-thumbnail","hentry","category-european-ceramics","category-steinzeug","category-experten-wissen","tag-staatliche-kunstsammlung-dresden","tag-toepfer","tag-victoria-albert-museum","tag-16-jahrhundert","tag-16th-century","tag-frieze-jug","tag-jan-emens","tag-mennicken"],"_links":{"self":[{"href":"https:\/\/www.fayence-steinzeug-vogt.de\/de\/wp-json\/wp\/v2\/posts\/14820","targetHints":{"allow":["GET"]}}],"collection":[{"href":"https:\/\/www.fayence-steinzeug-vogt.de\/de\/wp-json\/wp\/v2\/posts"}],"about":[{"href":"https:\/\/www.fayence-steinzeug-vogt.de\/de\/wp-json\/wp\/v2\/types\/post"}],"author":[{"embeddable":true,"href":"https:\/\/www.fayence-steinzeug-vogt.de\/de\/wp-json\/wp\/v2\/users\/2"}],"replies":[{"embeddable":true,"href":"https:\/\/www.fayence-steinzeug-vogt.de\/de\/wp-json\/wp\/v2\/comments?post=14820"}],"version-history":[{"count":39,"href":"https:\/\/www.fayence-steinzeug-vogt.de\/de\/wp-json\/wp\/v2\/posts\/14820\/revisions"}],"predecessor-version":[{"id":14868,"href":"https:\/\/www.fayence-steinzeug-vogt.de\/de\/wp-json\/wp\/v2\/posts\/14820\/revisions\/14868"}],"wp:featuredmedia":[{"embeddable":true,"href":"https:\/\/www.fayence-steinzeug-vogt.de\/de\/wp-json\/wp\/v2\/media\/14829"}],"wp:attachment":[{"href":"https:\/\/www.fayence-steinzeug-vogt.de\/de\/wp-json\/wp\/v2\/media?parent=14820"}],"wp:term":[{"taxonomy":"category","embeddable":true,"href":"https:\/\/www.fayence-steinzeug-vogt.de\/de\/wp-json\/wp\/v2\/categories?post=14820"},{"taxonomy":"post_tag","embeddable":true,"href":"https:\/\/www.fayence-steinzeug-vogt.de\/de\/wp-json\/wp\/v2\/tags?post=14820"}],"curies":[{"name":"wp","href":"https:\/\/api.w.org\/{rel}","templated":true}]}}