{"id":360,"date":"2015-02-20T11:00:03","date_gmt":"2015-02-20T11:00:03","guid":{"rendered":"http:\/\/www.fayence-steinzeug-vogt.de\/?p=360"},"modified":"2022-07-02T11:56:49","modified_gmt":"2022-07-02T11:56:49","slug":"kelsterbacher-wildschweinjagdkrug-um-1770","status":"publish","type":"post","link":"https:\/\/www.fayence-steinzeug-vogt.de\/de\/kelsterbacher-wildschweinjagdkrug-um-1770\/","title":{"rendered":"Kelsterbacher Wildschwein Jagdkrug um 1770"},"content":{"rendered":"<h3>Ein Highlight aus unserer diesj\u00e4hrigen Verkaufsausstellung:<\/h3>\n<h3>Kelsterbacher Wildschwein Jagdkrug um 1770<br \/>\nDarstellung: &#8222;Hunde stellen Eber&#8220;<\/h3>\n<figure id=\"attachment_39\" aria-describedby=\"caption-attachment-39\" style=\"width: 625px\" class=\"wp-caption alignnone\"><img loading=\"lazy\" decoding=\"async\" class=\"size-large wp-image-39\" src=\"https:\/\/stage.fayence-steinzeug-vogt.de\/wp-content\/uploads\/2015\/01\/027_2015_l-72dpiRGB-768x1024.jpg\" alt=\"Kelsterbacher Wildschweinjagdkrug um 1770 - Fayence Steinzeug Vogt Rathaus M\u00fcnchen\" width=\"625\" height=\"833\" srcset=\"https:\/\/www.fayence-steinzeug-vogt.de\/wp-content\/uploads\/2015\/01\/027_2015_l-72dpiRGB-768x1024.jpg 768w, https:\/\/www.fayence-steinzeug-vogt.de\/wp-content\/uploads\/2015\/01\/027_2015_l-72dpiRGB-225x300.jpg 225w, https:\/\/www.fayence-steinzeug-vogt.de\/wp-content\/uploads\/2015\/01\/027_2015_l-72dpiRGB-1152x1536.jpg 1152w, https:\/\/www.fayence-steinzeug-vogt.de\/wp-content\/uploads\/2015\/01\/027_2015_l-72dpiRGB.jpg 1299w\" sizes=\"(max-width: 625px) 100vw, 625px\" \/><figcaption id=\"caption-attachment-39\" class=\"wp-caption-text\">Kelsterbacher Wildschweinjagdkrug um 1770, mangane Manufakturmarke \u201eHD\u201c, H. 32 cm<\/figcaption><\/figure>\n<p><strong>Provenienz Sammlung Karl Schafft, Darmstadt<\/strong><\/p>\n<p><strong>Publiziert in:<\/strong><\/p>\n<p><a href=\"https:\/\/stage.fayence-steinzeug-vogt.de\/wp-content\/uploads\/2015\/02\/Kelsterbach.jpg\"><img loading=\"lazy\" decoding=\"async\" class=\"alignnone size-medium wp-image-423\" src=\"https:\/\/stage.fayence-steinzeug-vogt.de\/wp-content\/uploads\/2015\/02\/Kelsterbach-207x300.jpg\" alt=\"Schafft, Karl und Gudrun Illgen: Kelsterbacher Fayencen Roether Verlag 1988\" width=\"207\" height=\"300\" srcset=\"https:\/\/www.fayence-steinzeug-vogt.de\/wp-content\/uploads\/2015\/02\/Kelsterbach-207x300.jpg 207w, https:\/\/www.fayence-steinzeug-vogt.de\/wp-content\/uploads\/2015\/02\/Kelsterbach-707x1024.jpg 707w, https:\/\/www.fayence-steinzeug-vogt.de\/wp-content\/uploads\/2015\/02\/Kelsterbach-768x1112.jpg 768w, https:\/\/www.fayence-steinzeug-vogt.de\/wp-content\/uploads\/2015\/02\/Kelsterbach-1061x1536.jpg 1061w, https:\/\/www.fayence-steinzeug-vogt.de\/wp-content\/uploads\/2015\/02\/Kelsterbach-1415x2048.jpg 1415w, https:\/\/www.fayence-steinzeug-vogt.de\/wp-content\/uploads\/2015\/02\/Kelsterbach.jpg 1762w\" sizes=\"(max-width: 207px) 100vw, 207px\" \/><\/a><\/p>\n<p>S. 68<strong><br \/>\n<\/strong>Schafft, Karl und Gudrun Illgen:<b><br \/>\n<\/b><b>Kelsterbacher Fayencen und Steingut. Das Buch zur gleichnamigen Ausstellung aus Anla\u00df des 80j\u00e4hrigen Jubil\u00e4ums der <a title=\"Gro\u00dfherzogliche Porzellansammlung Darmstadt\" href=\"http:\/\/www.porzellanmuseum-darmstadt.de\/museum.html\" target=\"_blank\" rel=\"noopener noreferrer\">Gro\u00dfherzoglichen Porzellansammlung Darmstadt. <\/a><\/b> Ausstellung im Prinz-Georg-Palais vom 5.12.1987 bis 31.1.1988.<br \/>\nDarmstadt, Roether, 1987<\/p>\n<p>&nbsp;<\/p>\n<p><span style=\"border-radius: 2px; text-indent: 20px; width: auto; padding: 0px 4px 0px 0px; text-align: center; font: bold 11px\/20px 'Helvetica Neue',Helvetica,sans-serif; color: #ffffff; background: #bd081c  no-repeat scroll 3px 50% \/ 14px 14px; position: absolute; opacity: 1; z-index: 8675309; display: none; cursor: pointer; top: 185px; left: 24px;\">Merken<\/span><\/p>\n","protected":false},"excerpt":{"rendered":"<p>Ein Highlight aus unserer diesj\u00e4hrigen Verkaufsausstellung: Kelsterbacher Wildschwein Jagdkrug um 1770 Darstellung: &#8222;Hunde stellen Eber&#8220; Provenienz Sammlung Karl Schafft, Darmstadt Publiziert in: S. 68 Schafft, Karl und Gudrun Illgen: Kelsterbacher Fayencen und Steingut. Das Buch zur gleichnamigen Ausstellung aus Anla\u00df des 80j\u00e4hrigen Jubil\u00e4ums der Gro\u00dfherzoglichen Porzellansammlung Darmstadt. Ausstellung im Prinz-Georg-Palais vom 5.12.1987 bis 31.1.1988. Darmstadt, [&hellip;]<\/p>\n","protected":false},"author":2,"featured_media":40,"comment_status":"closed","ping_status":"closed","sticky":false,"template":"","format":"standard","meta":{"footnotes":""},"categories":[31],"tags":[42,210,302,328,391,511],"class_list":["post-360","post","type-post","status-publish","format-standard","has-post-thumbnail","hentry","category-fayence","tag-18-jhd","tag-fayence","tag-jagdkrug","tag-kelsterbach","tag-manufakturmarke","tag-sammlung-karl-schafft"],"_links":{"self":[{"href":"https:\/\/www.fayence-steinzeug-vogt.de\/de\/wp-json\/wp\/v2\/posts\/360","targetHints":{"allow":["GET"]}}],"collection":[{"href":"https:\/\/www.fayence-steinzeug-vogt.de\/de\/wp-json\/wp\/v2\/posts"}],"about":[{"href":"https:\/\/www.fayence-steinzeug-vogt.de\/de\/wp-json\/wp\/v2\/types\/post"}],"author":[{"embeddable":true,"href":"https:\/\/www.fayence-steinzeug-vogt.de\/de\/wp-json\/wp\/v2\/users\/2"}],"replies":[{"embeddable":true,"href":"https:\/\/www.fayence-steinzeug-vogt.de\/de\/wp-json\/wp\/v2\/comments?post=360"}],"version-history":[{"count":2,"href":"https:\/\/www.fayence-steinzeug-vogt.de\/de\/wp-json\/wp\/v2\/posts\/360\/revisions"}],"predecessor-version":[{"id":8445,"href":"https:\/\/www.fayence-steinzeug-vogt.de\/de\/wp-json\/wp\/v2\/posts\/360\/revisions\/8445"}],"wp:featuredmedia":[{"embeddable":true,"href":"https:\/\/www.fayence-steinzeug-vogt.de\/de\/wp-json\/wp\/v2\/media\/40"}],"wp:attachment":[{"href":"https:\/\/www.fayence-steinzeug-vogt.de\/de\/wp-json\/wp\/v2\/media?parent=360"}],"wp:term":[{"taxonomy":"category","embeddable":true,"href":"https:\/\/www.fayence-steinzeug-vogt.de\/de\/wp-json\/wp\/v2\/categories?post=360"},{"taxonomy":"post_tag","embeddable":true,"href":"https:\/\/www.fayence-steinzeug-vogt.de\/de\/wp-json\/wp\/v2\/tags?post=360"}],"curies":[{"name":"wp","href":"https:\/\/api.w.org\/{rel}","templated":true}]}}