{"id":4033,"date":"2018-02-08T12:51:29","date_gmt":"2018-02-08T11:51:29","guid":{"rendered":"http:\/\/www.fayence-steinzeug-vogt.de\/?p=4033"},"modified":"2023-08-21T10:03:27","modified_gmt":"2023-08-21T08:03:27","slug":"creussen-kurfuersten-humpen-1677","status":"publish","type":"post","link":"https:\/\/www.fayence-steinzeug-vogt.de\/de\/creussen-kurfuersten-humpen-1677\/","title":{"rendered":"Creussener Kurf\u00fcrstenkrug 1677 datiert"},"content":{"rendered":"<p><em>English Synopsis:<\/em><\/p>\n<p><em>Very rare Baroque ceramic object from the saltglazed stoneware<br \/>\nmanufactory in Creu\u00dfen<\/em><br \/>\n<em>second half of the 17th century dated 1677<\/em><br \/>\n<em>Decor pictures the Roman emperor and his elector<\/em><br \/>\n<em>partly in half relief with enamel painting.<br \/>\n(click on the fotos for enlargement and a more detailed view)<br \/>\n<\/em><\/p>\n<p><strong>Museales und seltenes Objekt aus der Manufaktur in Creu\u00dfen<\/strong><br \/>\n<strong> aus der zweiten H\u00e4lfte des 17. Jahrhunder mit der Datierung 1677<\/strong><br \/>\n<strong> sowie der Abbildung des r\u00f6mischen Kaisers nebst Kurf\u00fcrsten<br \/>\nteilweise im Halbrelief mit <\/strong><strong>Emailbemalung:<\/strong><\/p>\n<p><strong>Spruchband:<br \/>\n&#8222;Trinck mich au\u00df vnd schenck mich ein, da\u00df Du erfrischt da\u00df Hertze Dein,<br \/>\ntrinck vnd i\u00df, Gott vnd\u00a0 deine\u00df N\u00e4chsten nicht vergie\u00df&#8220;<\/strong><\/p>\n<p>(Klick auf das Bild f\u00fcr eine gr\u00f6\u00dfere Darstellung)<\/p>\n\n<div uk-grid class=\"uk-child-width-1-3\">\n\n            <div class='uk-text-center'>\n\n            \n            <a href='https:\/\/www.fayence-steinzeug-vogt.de\/de\/creussen-kurfuersten-humpen-1677\/creussener-kurfuersten-humpen-1677-dat\/'><img loading=\"lazy\" decoding=\"async\" width=\"225\" height=\"300\" src=\"https:\/\/www.fayence-steinzeug-vogt.de\/wp-content\/uploads\/2018\/02\/Creusener-Kurfursten-Humpen-1677-dat-225x300.jpg\" class=\"attachment-medium size-medium\" alt=\"Creu\u00dfener Kurf\u00fcrsten Humpen 1677 datiert\" srcset=\"https:\/\/www.fayence-steinzeug-vogt.de\/wp-content\/uploads\/2018\/02\/Creusener-Kurfursten-Humpen-1677-dat-225x300.jpg 225w, https:\/\/www.fayence-steinzeug-vogt.de\/wp-content\/uploads\/2018\/02\/Creusener-Kurfursten-Humpen-1677-dat-768x1024.jpg 768w, https:\/\/www.fayence-steinzeug-vogt.de\/wp-content\/uploads\/2018\/02\/Creusener-Kurfursten-Humpen-1677-dat-1152x1536.jpg 1152w, https:\/\/www.fayence-steinzeug-vogt.de\/wp-content\/uploads\/2018\/02\/Creusener-Kurfursten-Humpen-1677-dat.jpg 1280w\" sizes=\"(max-width: 225px) 100vw, 225px\" \/><\/a>\n                            <div class='uk-panel uk-padding-small'>Creu\u00dfener Kurf\u00fcrsten Humpen 1677 mit den Kurf\u00fcrsten aus K\u00f6ln, Trier und Mainz <\/div>\n            \n        <\/div>\n            <div class='uk-text-center'>\n\n            \n            <a href='https:\/\/www.fayence-steinzeug-vogt.de\/de\/creussen-kurfuersten-humpen-1677\/creussener-kurfuersten-humpen-1677-datiert\/'><img loading=\"lazy\" decoding=\"async\" width=\"225\" height=\"300\" src=\"https:\/\/www.fayence-steinzeug-vogt.de\/wp-content\/uploads\/2018\/02\/Creusener-Kurfursten-Humpen-1677-datiert-225x300.jpg\" class=\"attachment-medium size-medium\" alt=\"Creu\u00dfener Kurf\u00fcrsten Tankard 1677 dated\" srcset=\"https:\/\/www.fayence-steinzeug-vogt.de\/wp-content\/uploads\/2018\/02\/Creusener-Kurfursten-Humpen-1677-datiert-225x300.jpg 225w, https:\/\/www.fayence-steinzeug-vogt.de\/wp-content\/uploads\/2018\/02\/Creusener-Kurfursten-Humpen-1677-datiert-768x1024.jpg 768w, https:\/\/www.fayence-steinzeug-vogt.de\/wp-content\/uploads\/2018\/02\/Creusener-Kurfursten-Humpen-1677-datiert-1152x1536.jpg 1152w, https:\/\/www.fayence-steinzeug-vogt.de\/wp-content\/uploads\/2018\/02\/Creusener-Kurfursten-Humpen-1677-datiert.jpg 1280w\" sizes=\"(max-width: 225px) 100vw, 225px\" \/><\/a>\n                            <div class='uk-panel uk-padding-small'>Creu\u00dfener Kurf\u00fcrsten Humpen 1677 mit dem r\u00f6mischen Kaiser und Kurf\u00fcrsten aus Bayern und Sachsen<\/div>\n            \n        <\/div>\n            <div class='uk-text-center'>\n\n            \n            <a href='https:\/\/www.fayence-steinzeug-vogt.de\/de\/creussen-kurfuersten-humpen-1677\/creussener-kurfuersten-humpen-1677-dated\/'><img loading=\"lazy\" decoding=\"async\" width=\"225\" height=\"300\" src=\"https:\/\/www.fayence-steinzeug-vogt.de\/wp-content\/uploads\/2018\/02\/Creusener-Kurfursten-Humpen-1677-dated-225x300.jpg\" class=\"attachment-medium size-medium\" alt=\"Creu\u00dfener Kurf\u00fcrsten Humpen 1677 dated\" srcset=\"https:\/\/www.fayence-steinzeug-vogt.de\/wp-content\/uploads\/2018\/02\/Creusener-Kurfursten-Humpen-1677-dated-225x300.jpg 225w, https:\/\/www.fayence-steinzeug-vogt.de\/wp-content\/uploads\/2018\/02\/Creusener-Kurfursten-Humpen-1677-dated-768x1024.jpg 768w, https:\/\/www.fayence-steinzeug-vogt.de\/wp-content\/uploads\/2018\/02\/Creusener-Kurfursten-Humpen-1677-dated-1152x1536.jpg 1152w, https:\/\/www.fayence-steinzeug-vogt.de\/wp-content\/uploads\/2018\/02\/Creusener-Kurfursten-Humpen-1677-dated.jpg 1280w\" sizes=\"(max-width: 225px) 100vw, 225px\" \/><\/a>\n                            <div class='uk-panel uk-padding-small'>Creu\u00dfener Kurf\u00fcrsten Humpen 1677 mit den Kurf\u00fcrsten aus Heidelberg und Brandenburg<\/div>\n            \n        <\/div>\n    \n<\/div>\n\n<p><a href=\"https:\/\/stage.fayence-steinzeug-vogt.de\/wp-content\/uploads\/2018\/02\/Creussen-Kurfursten-Humpen-Detail-Koln-und-Trier.jpg\"><img loading=\"lazy\" decoding=\"async\" class=\"alignnone size-full wp-image-4112\" src=\"https:\/\/stage.fayence-steinzeug-vogt.de\/wp-content\/uploads\/2018\/02\/Creussen-Kurfursten-Humpen-Detail-Koln-und-Trier.jpg\" alt=\"Creussen Kurf\u00fcrsten Humpen Detail K\u00f6ln und Trier\" width=\"1280\" height=\"1086\" srcset=\"https:\/\/www.fayence-steinzeug-vogt.de\/wp-content\/uploads\/2018\/02\/Creussen-Kurfursten-Humpen-Detail-Koln-und-Trier.jpg 1280w, https:\/\/www.fayence-steinzeug-vogt.de\/wp-content\/uploads\/2018\/02\/Creussen-Kurfursten-Humpen-Detail-Koln-und-Trier-300x255.jpg 300w, https:\/\/www.fayence-steinzeug-vogt.de\/wp-content\/uploads\/2018\/02\/Creussen-Kurfursten-Humpen-Detail-Koln-und-Trier-1024x869.jpg 1024w, https:\/\/www.fayence-steinzeug-vogt.de\/wp-content\/uploads\/2018\/02\/Creussen-Kurfursten-Humpen-Detail-Koln-und-Trier-768x652.jpg 768w\" sizes=\"(max-width: 1280px) 100vw, 1280px\" \/><\/a> <a href=\"https:\/\/stage.fayence-steinzeug-vogt.de\/wp-content\/uploads\/2018\/02\/Creussen-Kurfursten-Humpen-Detail-romischer-Kaiser.jpg\"><img loading=\"lazy\" decoding=\"async\" class=\"alignnone size-full wp-image-4113\" src=\"https:\/\/stage.fayence-steinzeug-vogt.de\/wp-content\/uploads\/2018\/02\/Creussen-Kurfursten-Humpen-Detail-romischer-Kaiser.jpg\" alt=\"Creussen Kurf\u00fcrsten Humpen Detail r\u00f6mischer Kaiser\" width=\"1280\" height=\"1093\" srcset=\"https:\/\/www.fayence-steinzeug-vogt.de\/wp-content\/uploads\/2018\/02\/Creussen-Kurfursten-Humpen-Detail-romischer-Kaiser.jpg 1280w, https:\/\/www.fayence-steinzeug-vogt.de\/wp-content\/uploads\/2018\/02\/Creussen-Kurfursten-Humpen-Detail-romischer-Kaiser-300x256.jpg 300w, https:\/\/www.fayence-steinzeug-vogt.de\/wp-content\/uploads\/2018\/02\/Creussen-Kurfursten-Humpen-Detail-romischer-Kaiser-1024x874.jpg 1024w, https:\/\/www.fayence-steinzeug-vogt.de\/wp-content\/uploads\/2018\/02\/Creussen-Kurfursten-Humpen-Detail-romischer-Kaiser-768x656.jpg 768w\" sizes=\"(max-width: 1280px) 100vw, 1280px\" \/><\/a> <a href=\"https:\/\/stage.fayence-steinzeug-vogt.de\/wp-content\/uploads\/2018\/02\/Creussen-Kurfursten-Humpen-Heidelberg-Brandenburg.jpg\"><img loading=\"lazy\" decoding=\"async\" class=\"alignnone size-full wp-image-4114\" src=\"https:\/\/stage.fayence-steinzeug-vogt.de\/wp-content\/uploads\/2018\/02\/Creussen-Kurfursten-Humpen-Heidelberg-Brandenburg.jpg\" alt=\"Creussen Kurf\u00fcrsten Humpen Heidelberg Brandenburg\" width=\"1280\" height=\"915\" srcset=\"https:\/\/www.fayence-steinzeug-vogt.de\/wp-content\/uploads\/2018\/02\/Creussen-Kurfursten-Humpen-Heidelberg-Brandenburg.jpg 1280w, https:\/\/www.fayence-steinzeug-vogt.de\/wp-content\/uploads\/2018\/02\/Creussen-Kurfursten-Humpen-Heidelberg-Brandenburg-300x214.jpg 300w, https:\/\/www.fayence-steinzeug-vogt.de\/wp-content\/uploads\/2018\/02\/Creussen-Kurfursten-Humpen-Heidelberg-Brandenburg-1024x732.jpg 1024w, https:\/\/www.fayence-steinzeug-vogt.de\/wp-content\/uploads\/2018\/02\/Creussen-Kurfursten-Humpen-Heidelberg-Brandenburg-768x549.jpg 768w\" sizes=\"(max-width: 1280px) 100vw, 1280px\" \/><\/a><\/p>\n<p>Ein <a href=\"https:\/\/de.wikipedia.org\/wiki\/Kurf%C3%BCrst\" target=\"_blank\" rel=\"noopener\"><b>Kurf\u00fcrst<\/b> <\/a>(<a title=\"Latein\" href=\"https:\/\/de.wikipedia.org\/wiki\/Latein\">lateinisch<\/a> <span lang=\"la-Latn\"><i>princeps elector imperii<\/i><\/span> oder <span lang=\"la\"><i>elector<\/i><\/span>) war einer der urspr\u00fcnglich sieben, sp\u00e4ter neun und zuletzt zehn rangh\u00f6chsten <a title=\"Reichsf\u00fcrst\" href=\"https:\/\/de.wikipedia.org\/wiki\/Reichsf%C3%BCrst\">F\u00fcrsten<\/a> des <a title=\"Heiliges R\u00f6misches Reich\" href=\"https:\/\/de.wikipedia.org\/wiki\/Heiliges_R%C3%B6misches_Reich\">Heiligen R\u00f6mischen Reiches<\/a>, denen seit dem 13. Jahrhundert das alleinige Recht zur <a title=\"K\u00f6nigswahl\" href=\"https:\/\/de.wikipedia.org\/wiki\/K%C3%B6nigswahl\">Wahl<\/a> des <a title=\"R\u00f6misch-deutscher K\u00f6nig\" href=\"https:\/\/de.wikipedia.org\/wiki\/R%C3%B6misch-deutscher_K%C3%B6nig\">r\u00f6misch-deutschen K\u00f6nigs<\/a> zustand. Mit diesem K\u00f6nigstitel war traditionell der Anspruch auf die Kr\u00f6nung zum <a title=\"R\u00f6misch-deutscher Kaiser\" href=\"https:\/\/de.wikipedia.org\/wiki\/R%C3%B6misch-deutscher_Kaiser\">r\u00f6misch-deutschen Kaiser<\/a> durch den <a title=\"Papst\" href=\"https:\/\/de.wikipedia.org\/wiki\/Papst\">Papst<\/a> verbunden.<\/p>\n<h2><span id=\"Zusammensetzung_des_Kurf\u00fcrstenkollegiums\" class=\"mw-headline\">Zusammensetzung des Kurf\u00fcrstenkollegiums<\/span><\/h2>\n<p>Im <a title=\"Mittelalter\" href=\"https:\/\/de.wikipedia.org\/wiki\/Mittelalter\">Mittelalter<\/a> und in der <a title=\"Fr\u00fche Neuzeit\" href=\"https:\/\/de.wikipedia.org\/wiki\/Fr%C3%BChe_Neuzeit\">fr\u00fchen Neuzeit<\/a> geh\u00f6rten dem Kurf\u00fcrstenkollegium sieben, sp\u00e4ter neun <a title=\"Reichsf\u00fcrst\" href=\"https:\/\/de.wikipedia.org\/wiki\/Reichsf%C3%BCrst\">Reichsf\u00fcrsten<\/a> an. Jedem Kurf\u00fcrsten war eines der <a title=\"Erzamt\" href=\"https:\/\/de.wikipedia.org\/wiki\/Erzamt\">Reichserz\u00e4mter<\/a> zugeordnet. Zum urspr\u00fcnglichen Kollegium geh\u00f6rten:<\/p>\n<p>drei geistliche <a title=\"F\u00fcrstbischof\" href=\"https:\/\/de.wikipedia.org\/wiki\/F%C3%BCrstbischof\">F\u00fcrstbisch\u00f6fe<\/a>,<\/p>\n<ul>\n<li>der <a class=\"mw-redirect\" title=\"Erzbischof von Mainz\" href=\"https:\/\/de.wikipedia.org\/wiki\/Erzbischof_von_Mainz\">Erzbischof<\/a> von <a title=\"Kurmainz\" href=\"https:\/\/de.wikipedia.org\/wiki\/Kurmainz\">Mainz<\/a> als <a title=\"Reichserzkanzler\" href=\"https:\/\/de.wikipedia.org\/wiki\/Reichserzkanzler\">Reichserzkanzler<\/a> f\u00fcr Deutschland<\/li>\n<li>der <a class=\"mw-redirect\" title=\"Erzbischof von K\u00f6ln\" href=\"https:\/\/de.wikipedia.org\/wiki\/Erzbischof_von_K%C3%B6ln\">Erzbischof<\/a> von <a title=\"Kurk\u00f6ln\" href=\"https:\/\/de.wikipedia.org\/wiki\/Kurk%C3%B6ln\">K\u00f6ln<\/a> als Reichserzkanzler f\u00fcr <a title=\"Reichsitalien\" href=\"https:\/\/de.wikipedia.org\/wiki\/Reichsitalien\">Italien<\/a> und<\/li>\n<li>der <a class=\"mw-redirect\" title=\"Erzbischof von Trier\" href=\"https:\/\/de.wikipedia.org\/wiki\/Erzbischof_von_Trier\">Erzbischof<\/a> von <a title=\"Kurtrier\" href=\"https:\/\/de.wikipedia.org\/wiki\/Kurtrier\">Trier<\/a> als Reichserzkanzler f\u00fcr <a title=\"K\u00f6nigreich Burgund\" href=\"https:\/\/de.wikipedia.org\/wiki\/K%C3%B6nigreich_Burgund\">Burgund<\/a><\/li>\n<\/ul>\n<p>sowie vier weltliche F\u00fcrsten,<\/p>\n<ul>\n<li>der <a title=\"B\u00f6hmen\" href=\"https:\/\/de.wikipedia.org\/wiki\/B%C3%B6hmen\">K\u00f6nig von B\u00f6hmen<\/a> als <a class=\"mw-redirect\" title=\"Erzmundschenk\" href=\"https:\/\/de.wikipedia.org\/wiki\/Erzmundschenk\">Erzmundschenk<\/a><\/li>\n<li>der <a title=\"Kurpfalz\" href=\"https:\/\/de.wikipedia.org\/wiki\/Kurpfalz\">Pfalzgraf bei Rhein<\/a> als <a class=\"mw-redirect\" title=\"Erztruchsess\" href=\"https:\/\/de.wikipedia.org\/wiki\/Erztruchsess\">Erztruchsess<\/a><\/li>\n<li>der <a title=\"Kurf\u00fcrstentum Sachsen\" href=\"https:\/\/de.wikipedia.org\/wiki\/Kurf%C3%BCrstentum_Sachsen\">Herzog von Sachsen<\/a> als <a class=\"mw-redirect\" title=\"Erzmarschall\" href=\"https:\/\/de.wikipedia.org\/wiki\/Erzmarschall\">Erzmarschall<\/a> und<\/li>\n<li>der <a title=\"Mark Brandenburg\" href=\"https:\/\/de.wikipedia.org\/wiki\/Mark_Brandenburg\">Markgraf von Brandenburg<\/a> als <a class=\"mw-redirect\" title=\"Erzk\u00e4mmerer\" href=\"https:\/\/de.wikipedia.org\/wiki\/Erzk%C3%A4mmerer\">Erzk\u00e4mmerer<\/a>.<\/li>\n<\/ul>\n<p>Im 17. Jahrhundert erlangten zwei weitere Reichsf\u00fcrsten die Kurw\u00fcrde:<\/p>\n<ul>\n<li>1623 der <a title=\"Kurf\u00fcrstentum Bayern\" href=\"https:\/\/de.wikipedia.org\/wiki\/Kurf%C3%BCrstentum_Bayern\">Herzog von Bayern<\/a> anstelle des Pfalzgrafen, der 1648 eine neue, achte Kurstimme sowie das neugeschaffene Amt des <a class=\"mw-redirect\" title=\"Erzschatzmeister\" href=\"https:\/\/de.wikipedia.org\/wiki\/Erzschatzmeister\">Erzschatzmeisters<\/a> erhielt und<\/li>\n<li>1692 der <a title=\"Kurf\u00fcrstentum Braunschweig-L\u00fcneburg\" href=\"https:\/\/de.wikipedia.org\/wiki\/Kurf%C3%BCrstentum_Braunschweig-L%C3%BCneburg\">Herzog von Braunschweig-L\u00fcneburg<\/a> (Hannover) als <a class=\"mw-redirect\" title=\"Erzbannertr\u00e4ger\" href=\"https:\/\/de.wikipedia.org\/wiki\/Erzbannertr%C3%A4ger\">Erzbannertr\u00e4ger<\/a>.<\/li>\n<\/ul>\n<p>Quelle Wikipedia: https:\/\/de.wikipedia.org\/wiki\/Kurf%C3%BCrst<\/p>\n<h4>Abbildung des Kurf\u00fcrstenkruges in der Literatur:<\/h4>\n<p><strong>Creussener Steinzeug Joachim Kr\u00f6ll\u00a0 Abb 45 S. 92<br \/>\n<\/strong><\/p>\n<p><a href=\"https:\/\/stage.fayence-steinzeug-vogt.de\/wp-content\/uploads\/2017\/03\/Creussner-Steinzeug-Joachim-Kroll-.jpg\"><img loading=\"lazy\" decoding=\"async\" class=\"alignnone size-full wp-image-3108\" src=\"https:\/\/stage.fayence-steinzeug-vogt.de\/wp-content\/uploads\/2017\/03\/Creussner-Steinzeug-Joachim-Kroll-.jpg\" alt=\"Creussner Steinzeug Joachim Kr\u00f6ll\" width=\"312\" height=\"369\" srcset=\"https:\/\/www.fayence-steinzeug-vogt.de\/wp-content\/uploads\/2017\/03\/Creussner-Steinzeug-Joachim-Kroll-.jpg 312w, https:\/\/www.fayence-steinzeug-vogt.de\/wp-content\/uploads\/2017\/03\/Creussner-Steinzeug-Joachim-Kroll--254x300.jpg 254w\" sizes=\"(max-width: 312px) 100vw, 312px\" \/><\/a><\/p>\n<p><strong>Steinzeug in Creussen Sammlung Burkhard im Anhang A3 S.162 ff<\/strong><\/p>\n<p><a href=\"https:\/\/stage.fayence-steinzeug-vogt.de\/wp-content\/uploads\/2015\/02\/steinzeug.jpg\"><img loading=\"lazy\" decoding=\"async\" class=\"alignnone wp-image-420 size-medium\" src=\"https:\/\/stage.fayence-steinzeug-vogt.de\/wp-content\/uploads\/2015\/02\/steinzeug-294x300.jpg\" alt=\"Seinzeug in Creu\u00dfen - Die Sammlung Burkardt Autor: Werner Endres Deutscher Kunstverlag 2009\" width=\"294\" height=\"300\" srcset=\"https:\/\/www.fayence-steinzeug-vogt.de\/wp-content\/uploads\/2015\/02\/steinzeug-294x300.jpg 294w, https:\/\/www.fayence-steinzeug-vogt.de\/wp-content\/uploads\/2015\/02\/steinzeug-1002x1024.jpg 1002w, https:\/\/www.fayence-steinzeug-vogt.de\/wp-content\/uploads\/2015\/02\/steinzeug-768x785.jpg 768w, https:\/\/www.fayence-steinzeug-vogt.de\/wp-content\/uploads\/2015\/02\/steinzeug-1504x1536.jpg 1504w, https:\/\/www.fayence-steinzeug-vogt.de\/wp-content\/uploads\/2015\/02\/steinzeug-2005x2048.jpg 2005w\" sizes=\"(max-width: 294px) 100vw, 294px\" \/><\/a><\/p>\n","protected":false},"excerpt":{"rendered":"<p>English Synopsis: Very rare Baroque ceramic object from the saltglazed stoneware manufactory in Creu\u00dfen second half of the 17th century dated 1677 Decor pictures the Roman emperor and his elector partly in half relief with enamel painting. (click on the fotos for enlargement and a more detailed view) Museales und seltenes Objekt aus der Manufaktur [&hellip;]<\/p>\n","protected":false},"author":2,"featured_media":4105,"comment_status":"closed","ping_status":"closed","sticky":false,"template":"","format":"standard","meta":{"footnotes":""},"categories":[33,30],"tags":[364,365,487,492,598,38,116,149,262,338],"class_list":["post-4033","post","type-post","status-publish","format-standard","has-post-thumbnail","hentry","category-steinzeug","category-experten-wissen","tag-kurfuersten","tag-kurfuerstenkrug","tag-roemischer-kaiser","tag-sachsen","tag-trier","tag-17-jahrhundert","tag-brandenburg","tag-creussen","tag-heidelberg","tag-koeln"],"_links":{"self":[{"href":"https:\/\/www.fayence-steinzeug-vogt.de\/de\/wp-json\/wp\/v2\/posts\/4033","targetHints":{"allow":["GET"]}}],"collection":[{"href":"https:\/\/www.fayence-steinzeug-vogt.de\/de\/wp-json\/wp\/v2\/posts"}],"about":[{"href":"https:\/\/www.fayence-steinzeug-vogt.de\/de\/wp-json\/wp\/v2\/types\/post"}],"author":[{"embeddable":true,"href":"https:\/\/www.fayence-steinzeug-vogt.de\/de\/wp-json\/wp\/v2\/users\/2"}],"replies":[{"embeddable":true,"href":"https:\/\/www.fayence-steinzeug-vogt.de\/de\/wp-json\/wp\/v2\/comments?post=4033"}],"version-history":[{"count":1,"href":"https:\/\/www.fayence-steinzeug-vogt.de\/de\/wp-json\/wp\/v2\/posts\/4033\/revisions"}],"predecessor-version":[{"id":8755,"href":"https:\/\/www.fayence-steinzeug-vogt.de\/de\/wp-json\/wp\/v2\/posts\/4033\/revisions\/8755"}],"wp:featuredmedia":[{"embeddable":true,"href":"https:\/\/www.fayence-steinzeug-vogt.de\/de\/wp-json\/wp\/v2\/media\/4105"}],"wp:attachment":[{"href":"https:\/\/www.fayence-steinzeug-vogt.de\/de\/wp-json\/wp\/v2\/media?parent=4033"}],"wp:term":[{"taxonomy":"category","embeddable":true,"href":"https:\/\/www.fayence-steinzeug-vogt.de\/de\/wp-json\/wp\/v2\/categories?post=4033"},{"taxonomy":"post_tag","embeddable":true,"href":"https:\/\/www.fayence-steinzeug-vogt.de\/de\/wp-json\/wp\/v2\/tags?post=4033"}],"curies":[{"name":"wp","href":"https:\/\/api.w.org\/{rel}","templated":true}]}}