{"id":4458,"date":"2022-07-16T14:35:00","date_gmt":"2022-07-16T12:35:00","guid":{"rendered":"http:\/\/www.fayence-steinzeug-vogt.de\/?p=4458"},"modified":"2023-09-02T13:13:14","modified_gmt":"2023-09-02T11:13:14","slug":"barock-bayrisches-nationalmuseum","status":"publish","type":"post","link":"https:\/\/www.fayence-steinzeug-vogt.de\/de\/barock-bayrisches-nationalmuseum\/","title":{"rendered":"Barock | Bayerisches Nationalmuseum"},"content":{"rendered":"\n<h2 class=\"wp-block-heading\"><strong>Barock und Rokoko<\/strong><\/h2>\n\n\n\n<h3 class=\"wp-block-heading\"><strong>Neugestaltung der <a rel=\"noopener noreferrer\" href=\"https:\/\/www.bayerisches-nationalmuseum.de\/index.php?id=989\" target=\"_blank\">Dauerausstellung<\/a> im Westfl\u00fcgel des <a rel=\"noopener noreferrer\" href=\"https:\/\/www.bayerisches-nationalmuseum.de\/index.php?id=1\" target=\"_blank\">Bayerischen Nationalmuseums<\/a><\/strong><br><\/h3>\n\n\n\n<p><em><strong>English Synopsis:<\/strong> <\/em><br><em>At the end of the 16th century the baroque spread from Italy outwards across all of Europe. Works of art from this period are characterised by a creative opulence which threatens to overwhelm the viewer. Life at the court of King Louis XIV of France became the model and measure of every absolutist prince in Europe. The Catholic Counter-Reformation and the religious strife of the period shaped sacred works, for example paintings and sculptures.<\/em><\/p>\n\n\n\n<p><em>Under electors Maximilian I, Ferdinand Maria and Max II Emanuel, Munich was developed into a radiant capital city. The Bayerisches Nationalmuseum presents unique objects, found nowhere else but here, from all areas of production in the decorative and fine arts and once in the possession of the Wittelsbach family. Magnificent furniture, works in gold and silver, weapons, musical instruments, clocks, glass, miniatures, works in ivory and sculpture in bronze give a comprehensive picture of courtly displays of magnificence. <a href=\"https:\/\/www.bayerisches-nationalmuseum.de\/index.php?id=280&amp;L=1\" target=\"_blank\" rel=\"noopener noreferrer\">read more &#8230;<\/a><br><\/em><\/p>\n\n\n\n<div class=\"content-links\">\n<div id=\"c3115\" class=\"csc-default\">\n<p class=\"bodytext\"><strong>Eine Sammlung von Weltrang: Das Bayerische Nationalmuseum zeigt auf 1300 qm rund 1600 Kostbarkeiten aus Barock und Rokoko in zw\u00f6lf v\u00f6llig neuen S\u00e4len. Sie f\u00fchren Prunk und Lebenslust der h\u00f6fischen Welt vor Augen und pr\u00e4sentieren Meisterleistungen der Kunst und des Kunsthandwerks.<\/strong><\/p>\n<p class=\"bodytext\">Besuchern \u00f6ffnet sich das ganze Spektrum europ\u00e4ischer Festkultur: Fr\u00fches Mei\u00dfener, Nymphenburger und Frankenthaler Porzellan ist mit herausragenden fig\u00fcrlichen Tafelaufs\u00e4tzen und Geschirren vertreten. <strong>Spitzenst\u00fccke aus schw\u00e4bischen und fr\u00e4nkischen Manufakturen repr\u00e4sentieren die hohe Qualit\u00e4t der Fayence in S\u00fcddeutschland.<\/strong> Den barocken Gaumenfreuden entspricht der gl\u00e4nzende Augenschmaus: Die vollst\u00e4ndig mit silbernen Tafelaufs\u00e4tzen und Geschirren aus Augsburg eingedeckte Festtafel vermittelt zusammen mit aufwendig geschnittenen Gl\u00e4sern einen unmittelbaren Eindruck h\u00f6fischer Pracht.<\/p>\n<h4><strong>Nachfolgend ein visueller Eindruck der ausgestellten Fayencen<\/strong><\/h4>\n<p><\/p><\/div><\/div>\n\n\n\n<figure class=\"wp-block-gallery has-nested-images columns-2 wp-block-gallery-1 is-layout-flex wp-block-gallery-is-layout-flex\">\n<figure class=\"wp-block-image size-large\"><img loading=\"lazy\" decoding=\"async\" width=\"768\" height=\"1024\" data-id=\"4492\" src=\"https:\/\/www.fayence-steinzeug-vogt.de\/wp-content\/uploads\/2018\/07\/Ansbach-Fayence-Vasen-Sammlung-Bayerisches-Nationalmuseum-768x1024.jpg\" alt=\"Ansbach-Fayence-Vasen-Sammlung-Bayerisches-Nationalmuseum\" class=\"wp-image-4492\" srcset=\"https:\/\/www.fayence-steinzeug-vogt.de\/wp-content\/uploads\/2018\/07\/Ansbach-Fayence-Vasen-Sammlung-Bayerisches-Nationalmuseum-768x1024.jpg 768w, https:\/\/www.fayence-steinzeug-vogt.de\/wp-content\/uploads\/2018\/07\/Ansbach-Fayence-Vasen-Sammlung-Bayerisches-Nationalmuseum-225x300.jpg 225w, https:\/\/www.fayence-steinzeug-vogt.de\/wp-content\/uploads\/2018\/07\/Ansbach-Fayence-Vasen-Sammlung-Bayerisches-Nationalmuseum.jpg 1024w\" sizes=\"(max-width: 768px) 100vw, 768px\" \/><figcaption class=\"wp-element-caption\">Sehr sch\u00f6ner und fr\u00fcher Fayence Vasensatz aus Ansbach in Kaltmalerei 1. H\u00e4lfte 18. Jh<\/figcaption><\/figure>\n\n\n\n<figure class=\"wp-block-image size-large\"><img loading=\"lazy\" decoding=\"async\" width=\"683\" height=\"1024\" data-id=\"4495\" src=\"https:\/\/www.fayence-steinzeug-vogt.de\/wp-content\/uploads\/2018\/07\/Fulda-Fayence-Walzenkrug-Bayerisches-Nationalmuseum-683x1024.jpg\" alt=\"Bayreuth-Fayence-Walzenkrug-Bayerisches-Nationalmuseum\" class=\"wp-image-4495\" srcset=\"https:\/\/www.fayence-steinzeug-vogt.de\/wp-content\/uploads\/2018\/07\/Fulda-Fayence-Walzenkrug-Bayerisches-Nationalmuseum-683x1024.jpg 683w, https:\/\/www.fayence-steinzeug-vogt.de\/wp-content\/uploads\/2018\/07\/Fulda-Fayence-Walzenkrug-Bayerisches-Nationalmuseum-200x300.jpg 200w, https:\/\/www.fayence-steinzeug-vogt.de\/wp-content\/uploads\/2018\/07\/Fulda-Fayence-Walzenkrug-Bayerisches-Nationalmuseum-768x1152.jpg 768w, https:\/\/www.fayence-steinzeug-vogt.de\/wp-content\/uploads\/2018\/07\/Fulda-Fayence-Walzenkrug-Bayerisches-Nationalmuseum.jpg 1024w\" sizes=\"(max-width: 683px) 100vw, 683px\" \/><figcaption class=\"wp-element-caption\">Adam Friedrich L\u00f6wenfinck, Walzenkrug, Bayreuth, Kn\u00f6ller Periode, 1736-1737. <\/figcaption><\/figure>\n\n\n\n<figure class=\"wp-block-image size-large\"><img loading=\"lazy\" decoding=\"async\" width=\"1024\" height=\"768\" data-id=\"4491\" src=\"https:\/\/www.fayence-steinzeug-vogt.de\/wp-content\/uploads\/2018\/07\/Ansbach-Fayence-Grune-Familie-Sammlung-Bayerisches-Nationalmuseum.jpg\" alt=\"Ansbach-Fayence-Gr\u00fcne-Familie-Sammlung-Bayerisches-Nationalmuseum\" class=\"wp-image-4491\" srcset=\"https:\/\/www.fayence-steinzeug-vogt.de\/wp-content\/uploads\/2018\/07\/Ansbach-Fayence-Grune-Familie-Sammlung-Bayerisches-Nationalmuseum.jpg 1024w, https:\/\/www.fayence-steinzeug-vogt.de\/wp-content\/uploads\/2018\/07\/Ansbach-Fayence-Grune-Familie-Sammlung-Bayerisches-Nationalmuseum-300x225.jpg 300w, https:\/\/www.fayence-steinzeug-vogt.de\/wp-content\/uploads\/2018\/07\/Ansbach-Fayence-Grune-Familie-Sammlung-Bayerisches-Nationalmuseum-768x576.jpg 768w\" sizes=\"(max-width: 1024px) 100vw, 1024px\" \/><figcaption class=\"wp-element-caption\">Teller und Vasen Ansbach Karpfenteichdekor \u201eGr\u00fcne Familie\u201c um 1735<\/figcaption><\/figure>\n\n\n\n<figure class=\"wp-block-image size-large\"><img loading=\"lazy\" decoding=\"async\" width=\"1024\" height=\"682\" data-id=\"4494\" src=\"https:\/\/www.fayence-steinzeug-vogt.de\/wp-content\/uploads\/2018\/07\/Fulda-Fayence-Teller-Bayerisches-Nationalmuseum.jpg\" alt=\"Fulda-Fayence-Teller-Bayerisches-Nationalmuseum\" class=\"wp-image-4494\" srcset=\"https:\/\/www.fayence-steinzeug-vogt.de\/wp-content\/uploads\/2018\/07\/Fulda-Fayence-Teller-Bayerisches-Nationalmuseum.jpg 1024w, https:\/\/www.fayence-steinzeug-vogt.de\/wp-content\/uploads\/2018\/07\/Fulda-Fayence-Teller-Bayerisches-Nationalmuseum-300x200.jpg 300w, https:\/\/www.fayence-steinzeug-vogt.de\/wp-content\/uploads\/2018\/07\/Fulda-Fayence-Teller-Bayerisches-Nationalmuseum-768x512.jpg 768w\" sizes=\"(max-width: 1024px) 100vw, 1024px\" \/><figcaption class=\"wp-element-caption\">Fayence Teller und Platten Fulda Adam Friedrich von L\u00f6wenfinck um 1741 &#8211; 1745<\/figcaption><\/figure>\n\n\n\n<figure class=\"wp-block-image size-large\"><img loading=\"lazy\" decoding=\"async\" width=\"682\" height=\"1024\" data-id=\"4497\" src=\"https:\/\/www.fayence-steinzeug-vogt.de\/wp-content\/uploads\/2018\/07\/Kunersberger-Fayence-Wappen-Krug-Bayerisches-Nationalmuseum-682x1024.jpg\" alt=\"K\u00fcnersberger-Fayence-Wappen-Krug-Bayerisches-Nationalmuseum\" class=\"wp-image-4497\" srcset=\"https:\/\/www.fayence-steinzeug-vogt.de\/wp-content\/uploads\/2018\/07\/Kunersberger-Fayence-Wappen-Krug-Bayerisches-Nationalmuseum-682x1024.jpg 682w, https:\/\/www.fayence-steinzeug-vogt.de\/wp-content\/uploads\/2018\/07\/Kunersberger-Fayence-Wappen-Krug-Bayerisches-Nationalmuseum-200x300.jpg 200w, https:\/\/www.fayence-steinzeug-vogt.de\/wp-content\/uploads\/2018\/07\/Kunersberger-Fayence-Wappen-Krug-Bayerisches-Nationalmuseum-768x1153.jpg 768w, https:\/\/www.fayence-steinzeug-vogt.de\/wp-content\/uploads\/2018\/07\/Kunersberger-Fayence-Wappen-Krug-Bayerisches-Nationalmuseum.jpg 1024w\" sizes=\"(max-width: 682px) 100vw, 682px\" \/><figcaption class=\"wp-element-caption\">Wappenkrug Fayence K\u00fcnersberg in leuchtenden Muffelfarben bemalt 2. H\u00e4lfte 18. Jh<\/figcaption><\/figure>\n\n\n\n<figure class=\"wp-block-image size-large\"><img loading=\"lazy\" decoding=\"async\" width=\"768\" height=\"1024\" data-id=\"4493\" src=\"https:\/\/www.fayence-steinzeug-vogt.de\/wp-content\/uploads\/2018\/07\/Fayence-Birnkrug-Purpurmalerei-Bayerisches-Nationalmuseum-768x1024.jpg\" alt=\"Fayence-Birnkrug-Purpurmalerei-Bayerisches-Nationalmuseum\" class=\"wp-image-4493\" srcset=\"https:\/\/www.fayence-steinzeug-vogt.de\/wp-content\/uploads\/2018\/07\/Fayence-Birnkrug-Purpurmalerei-Bayerisches-Nationalmuseum-768x1024.jpg 768w, https:\/\/www.fayence-steinzeug-vogt.de\/wp-content\/uploads\/2018\/07\/Fayence-Birnkrug-Purpurmalerei-Bayerisches-Nationalmuseum-225x300.jpg 225w, https:\/\/www.fayence-steinzeug-vogt.de\/wp-content\/uploads\/2018\/07\/Fayence-Birnkrug-Purpurmalerei-Bayerisches-Nationalmuseum.jpg 1024w\" sizes=\"(max-width: 768px) 100vw, 768px\" \/><figcaption class=\"wp-element-caption\">Fayence Birnkr\u00fcge in Purpurmalerei Frankfurt\num 1690<\/figcaption><\/figure>\n\n\n\n<figure class=\"wp-block-image size-large\"><img loading=\"lazy\" decoding=\"async\" width=\"1024\" height=\"1024\" data-id=\"4496\" src=\"https:\/\/www.fayence-steinzeug-vogt.de\/wp-content\/uploads\/2018\/07\/Kunersberg-Fayence-Teller-Jagd-Motiv-Bayerisches-Nationalmuseum-1024x1024.jpg\" alt=\"K\u00fcnersberg-Fayence-Teller-Jagd-Motiv-Bayerisches-Nationalmuseum\" class=\"wp-image-4496\" srcset=\"https:\/\/www.fayence-steinzeug-vogt.de\/wp-content\/uploads\/2018\/07\/Kunersberg-Fayence-Teller-Jagd-Motiv-Bayerisches-Nationalmuseum-1024x1024.jpg 1024w, https:\/\/www.fayence-steinzeug-vogt.de\/wp-content\/uploads\/2018\/07\/Kunersberg-Fayence-Teller-Jagd-Motiv-Bayerisches-Nationalmuseum-300x300.jpg 300w, https:\/\/www.fayence-steinzeug-vogt.de\/wp-content\/uploads\/2018\/07\/Kunersberg-Fayence-Teller-Jagd-Motiv-Bayerisches-Nationalmuseum-150x150.jpg 150w, https:\/\/www.fayence-steinzeug-vogt.de\/wp-content\/uploads\/2018\/07\/Kunersberg-Fayence-Teller-Jagd-Motiv-Bayerisches-Nationalmuseum-768x768.jpg 768w, https:\/\/www.fayence-steinzeug-vogt.de\/wp-content\/uploads\/2018\/07\/Kunersberg-Fayence-Teller-Jagd-Motiv-Bayerisches-Nationalmuseum-1536x1536.jpg 1536w, https:\/\/www.fayence-steinzeug-vogt.de\/wp-content\/uploads\/2018\/07\/Kunersberg-Fayence-Teller-Jagd-Motiv-Bayerisches-Nationalmuseum.jpg 1725w\" sizes=\"(max-width: 1024px) 100vw, 1024px\" \/><figcaption class=\"wp-element-caption\">Jagdteller in sch\u00f6ner Muffelmalerei Fayence K\u00fcnersberg  2. H\u00e4lfte 18. Jh<\/figcaption><\/figure>\n<\/figure>\n\n\n\n<h3 class=\"wp-block-heading\">Ein Highlight aus der Sammlung h\u00f6fischer Fayencen:<\/h3>\n\n\n\n<div class=\"startnews\">\n<div class=\"content-links\">\n<div id=\"c1039\" class=\"csc-default\">\n<div class=\"tx-paintingdb-pi\">\n<div class=\"startnews\">\n<div id=\"kunstwerk_einzel\" class=\"kunstwerk-text\">\n<div id=\"D18397\" class=\"textsammlung\">\n<div class=\"einzel_beschreibung\">\n<h3><a href=\"https:\/\/www.bayerisches-nationalmuseum.de\/index.php?id=547&amp;laufnr=00052737\" target=\"_blank\" rel=\"noopener noreferrer\">Tafelaufsatz mit Chinoiseriedekor<\/a><\/h3>\n<p>Georg Friedrich Grebner Fayencemanufaktur N\u00fcrnberg, 1718<br>Fayence mit blauer Scharffeuerbemalung<\/p>\n<\/div><\/div><\/div><\/div><\/div><\/div><\/div><\/div>\n\n\n\n<figure class=\"wp-block-image alignnone size-full\"><img loading=\"lazy\" decoding=\"async\" width=\"657\" height=\"850\" src=\"https:\/\/www.fayence-steinzeug-vogt.de\/wp-content\/uploads\/2018\/07\/Tafelaufsatz-Nurnberg-Grebner-1718-Bayrisches-Nationalmuseum.png\" alt=\"Tafelaufsatz N\u00fcrnberg Grebner 1718 Bayrisches Nationalmuseum\" class=\"wp-image-4463\" srcset=\"https:\/\/www.fayence-steinzeug-vogt.de\/wp-content\/uploads\/2018\/07\/Tafelaufsatz-Nurnberg-Grebner-1718-Bayrisches-Nationalmuseum.png 657w, https:\/\/www.fayence-steinzeug-vogt.de\/wp-content\/uploads\/2018\/07\/Tafelaufsatz-Nurnberg-Grebner-1718-Bayrisches-Nationalmuseum-232x300.png 232w\" sizes=\"(max-width: 657px) 100vw, 657px\" \/><figcaption class=\"wp-element-caption\">Tafelaufsatz mit Chinoiseriedekor Georg Friedrich Grebner Fayencemanufaktur N\u00fcrnberg, 1718 Fayence mit blauer Scharffeuerbemalung<br>Link zur Online Datenbank des BNM: <a href=\"https:\/\/www.bayerisches-nationalmuseum.de\/sammlung\/00052737\" target=\"_blank\" rel=\"noreferrer noopener\">https:\/\/www.bayerisches-nationalmuseum.de\/sammlung\/00052737<\/a><\/figcaption><\/figure>\n\n\n\n<p><strong>Der<\/strong> <strong>1718 datierte und von dem Fayencemaler Georg Friedrich Grebner signierte gro\u00dfe achtpassige Tafelaufsatz mit einer von \u00fcppigen Rankenbord\u00fcren gerahmten Chinoiserieszene im Zentrum stammt aus der Fr\u00fchzeit der N\u00fcrnberger Produktion.<\/strong><\/p>\n\n\n\n<p>Die fast ausschlie\u00dflich verwendeten Blau-Wei\u00df-Dekore der Geschirre lehnten sich zun\u00e4chst stark an chinesische Porzellanmalerei an. Grebner, der sp\u00e4testens seit 1718 bis zu seinem Weggang nach Bayreuth 1731 in der N\u00fcrnberger Manufaktur t\u00e4tig war, z\u00e4hlt aufgrund seiner bemerkenswerten Dekorsch\u00f6pfungen und der Qualit\u00e4t seiner Malereien zu den bedeutendsten Vertretern der deutschen Fayencekunst.<\/p>\n\n\n\n<p>Weitere Hintergrundinformationen \u00fcber Fayence Objekte aus dem Barock und Rokoko<br>finden Sie in der <strong><a href=\"https:\/\/www.bayerisches-nationalmuseum.de\/sammlung\/sammlung-online\">Datenbank des Museums<\/a><\/strong> unter nachfolgendem link:<br>(Die Datenbank ist noch im Aufbau befindlich)<\/p>\n\n\n\n<p>Within a few years, four important faience factories were established in Franconia, belonging to the second generation of German factory foundations after Hanau, Frankfurt and Berlin: Ansbach in 1710, Nuremberg in 1712, Bayreuth in 1714 and Crailsheim around 1715. In Nuremberg, the three merchants Christoph Marx, Heinrich Gottfried Hemmon and Johann Conrad Romedi concluded the founding contract. The large eight-panel centrepiece, dated 1718 and signed by the faience painter Georg Friedrich Grebner, with a chinoiserie scene in the centre framed by lush vine borders, dates from the early period of Nuremberg production. The almost exclusively used blue and white decorations of the tableware initially inspired by Chinese porcelain painting. Grebner, who worked at the Nuremberg manufactory from 1718 at the latest until his departure for Bayreuth in 1731, is considered one of the most important representatives of German faience art because of his remarkable decorative creations and the quality of his paintings.<\/p>\n\n\n\n<h3 class=\"wp-block-heading\"><a href=\"https:\/\/www.bayerisches-nationalmuseum.de\/sammlung\/sammlung-online\" target=\"_blank\" rel=\"noreferrer noopener\">Objektdatenbank des Bayrischen Nationalmuseums<\/a><\/h3>\n\n\n\n<h4 class=\"wp-block-heading\"><br>Beispiel aus der Datenbank<\/h4>\n\n\n\n<div class=\"wp-block-media-text is-stacked-on-mobile\" style=\"grid-template-columns:58% auto\"><figure class=\"wp-block-media-text__media\"><img loading=\"lazy\" decoding=\"async\" width=\"305\" height=\"416\" src=\"https:\/\/stage.fayence-steinzeug-vogt.de\/wp-content\/uploads\/2018\/07\/Deckelpokal-Bayreuth-Knoller-Bayrisches-Nationalmuseum.jpg\" alt=\"Deckelpokal Bayreuth Kn\u00f6ller Bayrisches Nationalmuseum M\u00fcnchen\" class=\"wp-image-4503 size-full\" srcset=\"https:\/\/www.fayence-steinzeug-vogt.de\/wp-content\/uploads\/2018\/07\/Deckelpokal-Bayreuth-Knoller-Bayrisches-Nationalmuseum.jpg 305w, https:\/\/www.fayence-steinzeug-vogt.de\/wp-content\/uploads\/2018\/07\/Deckelpokal-Bayreuth-Knoller-Bayrisches-Nationalmuseum-220x300.jpg 220w\" sizes=\"(max-width: 305px) 100vw, 305px\" \/><\/figure><div class=\"wp-block-media-text__content\">\n<p><\/p>\n\n\n\n<p>GOBLET WITH MONOGRAM AND COAT OF ARMS OF THE PROPRIETOR OF THE BAYREUTH FAIENCE FACTORY JOHANN GEORG KN\u00d6LLER (1728-1744)<\/p>\n<\/div><\/div>\n\n\n\n<p>Deckelpokal mit Monogramm und Wappen des P\u00e4chters der Fayencemanufaktur Bayreuth Johann Georg Kn\u00f6ller (1728-1744). Wappen und Spiegelmonogramm aus den Initialen JGK auf der glockenf\u00f6rmigen Kuppa des Deckelpokals lassen sich auf den Kriegskommissarius Johann Georg Kn\u00f6ller beziehen, der im Jahr 1728 die von Markgraf Georg Wilhelm gegr\u00fcndete Fayencemanufaktur in Bayreuth pachtete. Unter Kn\u00f6ller bl\u00fchte das Unternehmen rasch auf und es gelang, einige erstrangige Maler heranzuziehen. So ist seit 1731 der N\u00fcrnberger Fayencemaler Georg Friedrich Grebner in Bayreuth nachweisbar. Von ihm stammt der leuchtende Muffelfarbendekor des Pokals mit Blatt, Bl\u00fcten-und Bandelwerkelementen.<\/p>\n\n\n\n<p><strong>Quelle: <\/strong><a href=\"https:\/\/www.bayerisches-nationalmuseum.de\/sammlung\/00072429\" target=\"_blank\" rel=\"noreferrer noopener\">https:\/\/www.bayerisches-nationalmuseum.de\/sammlung\/00072429<\/a><\/p>\n\n\n\n<p><\/p>\n","protected":false},"excerpt":{"rendered":"<p>Barock und Rokoko Neugestaltung der Dauerausstellung im Westfl\u00fcgel des Bayerischen Nationalmuseums English Synopsis: At the end of the 16th century the baroque spread from Italy outwards across all of Europe. Works of art from this period are characterised by a creative opulence which threatens to overwhelm the viewer. Life at the court of King Louis [&hellip;]<\/p>\n","protected":false},"author":2,"featured_media":4462,"comment_status":"closed","ping_status":"closed","sticky":false,"template":"","format":"standard","meta":{"footnotes":""},"categories":[28,31,32],"tags":[310,435,80,91,238],"class_list":["post-4458","post","type-post","status-publish","format-standard","has-post-thumbnail","hentry","category-european-ceramics","category-fayence","category-museum","tag-johann-georg-knoeller","tag-objektdatenbank-bayrisches-nationalmuseum","tag-barock","tag-bayrisches-nationalmuseum","tag-georg-friedrich-grebner"],"_links":{"self":[{"href":"https:\/\/www.fayence-steinzeug-vogt.de\/de\/wp-json\/wp\/v2\/posts\/4458","targetHints":{"allow":["GET"]}}],"collection":[{"href":"https:\/\/www.fayence-steinzeug-vogt.de\/de\/wp-json\/wp\/v2\/posts"}],"about":[{"href":"https:\/\/www.fayence-steinzeug-vogt.de\/de\/wp-json\/wp\/v2\/types\/post"}],"author":[{"embeddable":true,"href":"https:\/\/www.fayence-steinzeug-vogt.de\/de\/wp-json\/wp\/v2\/users\/2"}],"replies":[{"embeddable":true,"href":"https:\/\/www.fayence-steinzeug-vogt.de\/de\/wp-json\/wp\/v2\/comments?post=4458"}],"version-history":[{"count":12,"href":"https:\/\/www.fayence-steinzeug-vogt.de\/de\/wp-json\/wp\/v2\/posts\/4458\/revisions"}],"predecessor-version":[{"id":11386,"href":"https:\/\/www.fayence-steinzeug-vogt.de\/de\/wp-json\/wp\/v2\/posts\/4458\/revisions\/11386"}],"wp:featuredmedia":[{"embeddable":true,"href":"https:\/\/www.fayence-steinzeug-vogt.de\/de\/wp-json\/wp\/v2\/media\/4462"}],"wp:attachment":[{"href":"https:\/\/www.fayence-steinzeug-vogt.de\/de\/wp-json\/wp\/v2\/media?parent=4458"}],"wp:term":[{"taxonomy":"category","embeddable":true,"href":"https:\/\/www.fayence-steinzeug-vogt.de\/de\/wp-json\/wp\/v2\/categories?post=4458"},{"taxonomy":"post_tag","embeddable":true,"href":"https:\/\/www.fayence-steinzeug-vogt.de\/de\/wp-json\/wp\/v2\/tags?post=4458"}],"curies":[{"name":"wp","href":"https:\/\/api.w.org\/{rel}","templated":true}]}}