{"id":7511,"date":"2022-02-27T15:06:45","date_gmt":"2022-02-27T14:06:45","guid":{"rendered":"https:\/\/www.fayence-steinzeug-vogt.de\/?p=7511"},"modified":"2026-02-24T13:42:20","modified_gmt":"2026-02-24T12:42:20","slug":"raeren-mittelfrieskrug-jan-emens-1586-datiert","status":"publish","type":"post","link":"https:\/\/www.fayence-steinzeug-vogt.de\/de\/raeren-mittelfrieskrug-jan-emens-1586-datiert\/","title":{"rendered":"Raeren Mittelfrieskrug Jan Emens 1586 datiert"},"content":{"rendered":"\n<p><strong>Raeren Frieze Jug. JAN EMENS MENNICKEN signed and dated 1586, grey saltglazed stoneware with incised, stamped and applied moulded decoration and inscription<\/strong><\/p>\n\n\n\n<figure class=\"wp-block-gallery has-nested-images columns-default is-cropped wp-block-gallery-1 is-layout-flex wp-block-gallery-is-layout-flex\">\n<figure class=\"wp-block-image size-large\"><a href=\"https:\/\/stage.fayence-steinzeug-vogt.de\/wp-content\/uploads\/2022\/02\/16th-century-Raeren-Mittelfries-Stoneware-Jug-Jan-Emens.jpg\"><img loading=\"lazy\" decoding=\"async\" width=\"673\" height=\"1024\" data-id=\"7513\" src=\"https:\/\/stage.fayence-steinzeug-vogt.de\/wp-content\/uploads\/2022\/02\/16th-century-Raeren-Mittelfries-Stoneware-Jug-Jan-Emens-673x1024.jpg\" alt=\"\" class=\"wp-image-7513\" srcset=\"https:\/\/www.fayence-steinzeug-vogt.de\/wp-content\/uploads\/2022\/02\/16th-century-Raeren-Mittelfries-Stoneware-Jug-Jan-Emens-673x1024.jpg 673w, https:\/\/www.fayence-steinzeug-vogt.de\/wp-content\/uploads\/2022\/02\/16th-century-Raeren-Mittelfries-Stoneware-Jug-Jan-Emens-197x300.jpg 197w, https:\/\/www.fayence-steinzeug-vogt.de\/wp-content\/uploads\/2022\/02\/16th-century-Raeren-Mittelfries-Stoneware-Jug-Jan-Emens-768x1168.jpg 768w, https:\/\/www.fayence-steinzeug-vogt.de\/wp-content\/uploads\/2022\/02\/16th-century-Raeren-Mittelfries-Stoneware-Jug-Jan-Emens.jpg 800w\" sizes=\"(max-width: 673px) 100vw, 673px\" \/><\/a><\/figure>\n\n\n\n<figure class=\"wp-block-image size-large\"><a href=\"https:\/\/stage.fayence-steinzeug-vogt.de\/wp-content\/uploads\/2022\/02\/Raeren-Mittelfries-Steinzeug-Krug-Jan-Emens-16.-Jh.jpg\"><img loading=\"lazy\" decoding=\"async\" width=\"683\" height=\"1024\" data-id=\"7512\" src=\"https:\/\/stage.fayence-steinzeug-vogt.de\/wp-content\/uploads\/2022\/02\/Raeren-Mittelfries-Steinzeug-Krug-Jan-Emens-16.-Jh-683x1024.jpg\" alt=\"\" class=\"wp-image-7512\" srcset=\"https:\/\/www.fayence-steinzeug-vogt.de\/wp-content\/uploads\/2022\/02\/Raeren-Mittelfries-Steinzeug-Krug-Jan-Emens-16.-Jh-683x1024.jpg 683w, https:\/\/www.fayence-steinzeug-vogt.de\/wp-content\/uploads\/2022\/02\/Raeren-Mittelfries-Steinzeug-Krug-Jan-Emens-16.-Jh-200x300.jpg 200w, https:\/\/www.fayence-steinzeug-vogt.de\/wp-content\/uploads\/2022\/02\/Raeren-Mittelfries-Steinzeug-Krug-Jan-Emens-16.-Jh-768x1152.jpg 768w, https:\/\/www.fayence-steinzeug-vogt.de\/wp-content\/uploads\/2022\/02\/Raeren-Mittelfries-Steinzeug-Krug-Jan-Emens-16.-Jh.jpg 800w\" sizes=\"(max-width: 683px) 100vw, 683px\" \/><\/a><\/figure>\n\n\n\n<figure class=\"wp-block-image size-large\"><a href=\"https:\/\/stage.fayence-steinzeug-vogt.de\/wp-content\/uploads\/2022\/02\/Raeren-Frieze-Stoneware-Jug-Jan-Emens-dated-1586.jpg\"><img loading=\"lazy\" decoding=\"async\" width=\"630\" height=\"1024\" data-id=\"7514\" src=\"https:\/\/stage.fayence-steinzeug-vogt.de\/wp-content\/uploads\/2022\/02\/Raeren-Frieze-Stoneware-Jug-Jan-Emens-dated-1586-630x1024.jpg\" alt=\"\" class=\"wp-image-7514\" srcset=\"https:\/\/www.fayence-steinzeug-vogt.de\/wp-content\/uploads\/2022\/02\/Raeren-Frieze-Stoneware-Jug-Jan-Emens-dated-1586-630x1024.jpg 630w, https:\/\/www.fayence-steinzeug-vogt.de\/wp-content\/uploads\/2022\/02\/Raeren-Frieze-Stoneware-Jug-Jan-Emens-dated-1586-185x300.jpg 185w, https:\/\/www.fayence-steinzeug-vogt.de\/wp-content\/uploads\/2022\/02\/Raeren-Frieze-Stoneware-Jug-Jan-Emens-dated-1586-768x1248.jpg 768w, https:\/\/www.fayence-steinzeug-vogt.de\/wp-content\/uploads\/2022\/02\/Raeren-Frieze-Stoneware-Jug-Jan-Emens-dated-1586-945x1536.jpg 945w, https:\/\/www.fayence-steinzeug-vogt.de\/wp-content\/uploads\/2022\/02\/Raeren-Frieze-Stoneware-Jug-Jan-Emens-dated-1586.jpg 1024w\" sizes=\"(max-width: 630px) 100vw, 630px\" \/><\/a><\/figure>\n<\/figure>\n\n\n\n<p><strong>Raerener Mittelfrieskrug. JAN EMENS MENNICKEN signiert, 1586 datiert, graues salzglasiertes Steinzeug, kobaltblau staffiert, profiliert und reliefiert, umlaufend Figurenfries und Inschrift&#8220;<\/strong><\/p>\n\n\n\n<div class=\"wp-block-media-text alignwide is-stacked-on-mobile\" style=\"grid-template-columns:49% auto\"><figure class=\"wp-block-media-text__media\"><img loading=\"lazy\" decoding=\"async\" width=\"225\" height=\"300\" src=\"https:\/\/stage.fayence-steinzeug-vogt.de\/wp-content\/uploads\/2022\/02\/Jan-Emens-Signatur-Raeren-Mittelfries-Krug-1686-datiert-225x300.jpg\" alt=\"\" class=\"wp-image-7516 size-full\" srcset=\"https:\/\/www.fayence-steinzeug-vogt.de\/wp-content\/uploads\/2022\/02\/Jan-Emens-Signatur-Raeren-Mittelfries-Krug-1686-datiert-225x300.jpg 225w, https:\/\/www.fayence-steinzeug-vogt.de\/wp-content\/uploads\/2022\/02\/Jan-Emens-Signatur-Raeren-Mittelfries-Krug-1686-datiert.jpg 640w\" sizes=\"(max-width: 225px) 100vw, 225px\" \/><\/figure><div class=\"wp-block-media-text__content\">\n<p>Jan Emens, wichtiges Mitglied der T\u00f6pferfamilie Mennicken datierte Werke 1568-1594 in diversen Museen<br><br>Hausmarke: IEM &#8222;IJHo IXE M&#8220;&nbsp;<\/p>\n\n\n\n<p>T\u00f6pfermeister, der zwischen 1568 und 1594 in Raeren im Herzogtum Limburg, heute in Belgien gelegen, t\u00e4tig war. Nach 1594 wanderte er in den Westerwald ab<br>Quelle: <a href=\"https:\/\/de.wikipedia.org\/wiki\/Jan_Emens_Mennicken\">https:\/\/de.wikipedia.org\/wiki\/Jan_Emens_Mennicken<\/a><\/p>\n<\/div><\/div>\n\n\n\n<figure class=\"wp-block-gallery has-nested-images columns-1 is-cropped wp-block-gallery-2 is-layout-flex wp-block-gallery-is-layout-flex\">\n<figure class=\"wp-block-image size-large\"><a href=\"https:\/\/stage.fayence-steinzeug-vogt.de\/wp-content\/uploads\/2022\/02\/Raeren-Mittelfries-Steinzeug-Krug-Jan-Emens-1568-datiert-Inschrift.jpg\"><img loading=\"lazy\" decoding=\"async\" width=\"1024\" height=\"432\" data-id=\"7519\" src=\"https:\/\/stage.fayence-steinzeug-vogt.de\/wp-content\/uploads\/2022\/02\/Raeren-Mittelfries-Steinzeug-Krug-Jan-Emens-1568-datiert-Inschrift-1024x432.jpg\" alt=\"\" class=\"wp-image-7519\" srcset=\"https:\/\/www.fayence-steinzeug-vogt.de\/wp-content\/uploads\/2022\/02\/Raeren-Mittelfries-Steinzeug-Krug-Jan-Emens-1568-datiert-Inschrift-1024x432.jpg 1024w, https:\/\/www.fayence-steinzeug-vogt.de\/wp-content\/uploads\/2022\/02\/Raeren-Mittelfries-Steinzeug-Krug-Jan-Emens-1568-datiert-Inschrift-300x127.jpg 300w, https:\/\/www.fayence-steinzeug-vogt.de\/wp-content\/uploads\/2022\/02\/Raeren-Mittelfries-Steinzeug-Krug-Jan-Emens-1568-datiert-Inschrift-768x324.jpg 768w, https:\/\/www.fayence-steinzeug-vogt.de\/wp-content\/uploads\/2022\/02\/Raeren-Mittelfries-Steinzeug-Krug-Jan-Emens-1568-datiert-Inschrift.jpg 1280w\" sizes=\"(max-width: 1024px) 100vw, 1024px\" \/><\/a><\/figure>\n\n\n\n<figure class=\"wp-block-image size-large\"><a href=\"https:\/\/stage.fayence-steinzeug-vogt.de\/wp-content\/uploads\/2022\/02\/16th-century-Raeren-Mittelfries-Stoneware-Jug-Jan-Emens-inscription.jpg\"><img loading=\"lazy\" decoding=\"async\" width=\"1024\" height=\"432\" data-id=\"7520\" src=\"https:\/\/stage.fayence-steinzeug-vogt.de\/wp-content\/uploads\/2022\/02\/16th-century-Raeren-Mittelfries-Stoneware-Jug-Jan-Emens-inscription-1024x432.jpg\" alt=\"\" class=\"wp-image-7520\" srcset=\"https:\/\/www.fayence-steinzeug-vogt.de\/wp-content\/uploads\/2022\/02\/16th-century-Raeren-Mittelfries-Stoneware-Jug-Jan-Emens-inscription-1024x432.jpg 1024w, https:\/\/www.fayence-steinzeug-vogt.de\/wp-content\/uploads\/2022\/02\/16th-century-Raeren-Mittelfries-Stoneware-Jug-Jan-Emens-inscription-300x127.jpg 300w, https:\/\/www.fayence-steinzeug-vogt.de\/wp-content\/uploads\/2022\/02\/16th-century-Raeren-Mittelfries-Stoneware-Jug-Jan-Emens-inscription-768x324.jpg 768w, https:\/\/www.fayence-steinzeug-vogt.de\/wp-content\/uploads\/2022\/02\/16th-century-Raeren-Mittelfries-Stoneware-Jug-Jan-Emens-inscription.jpg 1280w\" sizes=\"(max-width: 1024px) 100vw, 1024px\" \/><\/a><\/figure>\n<\/figure>\n\n\n\n<p>SALICH YST LANT DAER GEWELT EN WIR ET LYCHT YNDEN BANT YAN EMENS DIS WEL GEFONDERT DAER GELOEF ENDEY LYFDEN ENDEY GERECHEIT REGEYRT 1586<\/p>\n\n\n\n<p>Selig ist das Land, dessen Gewalt und Tugenden in einem Band liegen &#8211; YAN EMENS &#8211; Dieses (Land) ist gut begr\u00fcndet, in dem Glaube Liebe und Gerechtigkeit regieren. &#8211; 1586<br>Quelle: MENNICKEN, Ralph.&nbsp;<em>Raerener Steinzeug.<\/em> 2013 S. 252 &#8211; s.u.<\/p>\n\n\n\n<p>&#8222;Blessed is the land whose violence and virtues are in one bond &#8211; YAN EMENS &#8211; This (land) is well founded, where faith love and justice reign. 1586&#8220;<\/p>\n\n\n\n<h4 class=\"wp-block-heading\">Museum Reference<\/h4>\n\n\n\n<h4 class=\"wp-block-heading\"><a href=\"https:\/\/skd-online-collection.skd.museum\/\" target=\"_blank\" rel=\"noreferrer noopener\" title=\"Staatlichen Kunstsammlungen Dresden&nbsp;online Collection\">Staatlichen Kunstsammlungen Dresden&nbsp;online Collection<\/a> Kunstgewerbemuseum<\/h4>\n\n\n\n<div class=\"wp-block-media-text alignwide is-stacked-on-mobile\" style=\"grid-template-columns:40% auto\"><figure class=\"wp-block-media-text__media\"><img loading=\"lazy\" decoding=\"async\" width=\"571\" height=\"1000\" src=\"https:\/\/stage.fayence-steinzeug-vogt.de\/wp-content\/uploads\/2022\/02\/SKD-Online-Collection-Inv-39730-Enghalskanne-Mennicken-Jan-Emens-datiert-1587.jpg\" alt=\"\" class=\"wp-image-7534 size-full\" srcset=\"https:\/\/www.fayence-steinzeug-vogt.de\/wp-content\/uploads\/2022\/02\/SKD-Online-Collection-Inv-39730-Enghalskanne-Mennicken-Jan-Emens-datiert-1587.jpg 571w, https:\/\/www.fayence-steinzeug-vogt.de\/wp-content\/uploads\/2022\/02\/SKD-Online-Collection-Inv-39730-Enghalskanne-Mennicken-Jan-Emens-datiert-1587-171x300.jpg 171w\" sizes=\"(max-width: 571px) 100vw, 571px\" \/><\/figure><div class=\"wp-block-media-text__content\">\n<p>Enghalskanne Steinzeug Steinzeug, grauer Scherben; Reliefauflagen und Pr\u00e4gedekor; kobaltblaue Bemalung; Salzglasur; Zinnmontierung. Im Dekor (Bauchfries) datiert und signiert: &#8222;1587&#8220; und ligiertes Monogramm\/ Hausmarke IEM &#8222;IJHo IXE M&#8220;, Jan Emens Mennicken (um 1587 &#8211; um 1623)&nbsp;T\u00f6pfer Raeren und Westerwald<br>copyright: <a href=\"https:\/\/skd-online-collection.skd.museum\/Details\/Index\/324852\">https:\/\/skd-online-collection.skd.museum\/Details\/Index\/324852<\/a><\/p>\n<\/div><\/div>\n\n\n\n<h4 class=\"wp-block-heading\"><strong><a href=\"https:\/\/www.vam.ac.uk\/collections?type=featured\" target=\"_blank\" rel=\"noreferrer noopener\" title=\"Victoria and Albert Museum\">Victoria and Albert Museum<\/a> London<\/strong><\/h4>\n\n\n\n<div class=\"wp-block-media-text alignwide is-stacked-on-mobile\" style=\"grid-template-columns:39% auto\"><figure class=\"wp-block-media-text__media\"><img loading=\"lazy\" decoding=\"async\" width=\"768\" height=\"1024\" src=\"https:\/\/stage.fayence-steinzeug-vogt.de\/wp-content\/uploads\/2022\/02\/VA-Museum-Stoneware-Jug-Jan-Emens-Mennicken-Raeren-ca.-1600-768x1024.jpg\" alt=\"\" class=\"wp-image-7531 size-full\" srcset=\"https:\/\/www.fayence-steinzeug-vogt.de\/wp-content\/uploads\/2022\/02\/VA-Museum-Stoneware-Jug-Jan-Emens-Mennicken-Raeren-ca.-1600-768x1024.jpg 768w, https:\/\/www.fayence-steinzeug-vogt.de\/wp-content\/uploads\/2022\/02\/VA-Museum-Stoneware-Jug-Jan-Emens-Mennicken-Raeren-ca.-1600-225x300.jpg 225w, https:\/\/www.fayence-steinzeug-vogt.de\/wp-content\/uploads\/2022\/02\/VA-Museum-Stoneware-Jug-Jan-Emens-Mennicken-Raeren-ca.-1600.jpg 800w\" sizes=\"(max-width: 768px) 100vw, 768px\" \/><\/figure><div class=\"wp-block-media-text__content\">\n<p>Stoneware Jug with incised, stamped and applied moulded decoration from a mould by Jan Emens Mennicken, Raeren, Germany, Grenzhausen ca.1600 <br>inv. 788-1868<br>copyright<br><a href=\"https:\/\/collections.vam.ac.uk\/item\/O161015\/jug-mennicken-jan-emens\/\">https:\/\/collections.vam.ac.uk\/item\/O161015\/jug-mennicken-jan-emens\/<\/a><\/p>\n<\/div><\/div>\n\n\n\n<h4 class=\"wp-block-heading\">Literature<\/h4>\n\n\n\n<div class=\"wp-block-media-text alignwide is-stacked-on-mobile\" style=\"grid-template-columns:38% auto\"><figure class=\"wp-block-media-text__media\"><img loading=\"lazy\" decoding=\"async\" width=\"187\" height=\"269\" src=\"https:\/\/stage.fayence-steinzeug-vogt.de\/wp-content\/uploads\/2022\/02\/Mennicken-R-Raerener-Steinzeug-2013.jpg\" alt=\"\" class=\"wp-image-7524 size-full\"\/><\/figure><div class=\"wp-block-media-text__content\">\n<p>MENNICKEN, Ralph.&nbsp;<em>Raerener Steinzeug. Europ\u00e4isches Kulturerbe<\/em>. Grenz-Echo, 2013.<br>Jan Emens Mennicken S. 226 ff<br>Inschriften S. 252<\/p>\n<\/div><\/div>\n\n\n\n<h4 class=\"wp-block-heading\">Museum Virtual Tour Raeren Museum<\/h4>\n\n\n\n<p><a href=\"http:\/\/toepfereimuseum.org\/Aktuelles\/News-und-Events\/Behind-the-Museum?fbclid=IwAR3ZGawwSTy0Dtski8T7u1kfLDbdcMR1Let7WoS1rhNUr4eEx_nU81zrnCI\">T\u00f6pfereimuseum Raeren :: Behind the Museum (toepfereimuseum.org)<\/a><br>Das Projekt&nbsp;<a href=\"https:\/\/behindthemuseum.be\/\"><strong>Behind the Museum<\/strong><\/a>&nbsp;ist eine gemeinsame Initiative der belgischen Vereinigungen&nbsp;<a href=\"http:\/\/msw.be\/\">Mus\u00e9es et Soci\u00e9t\u00e9 en Wallonie<\/a>&nbsp;und&nbsp;<a href=\"https:\/\/meta-morphosis.info\/\">Epicentro<\/a>&nbsp;mit dem Ziel, das Verborgene in Museen zu zeigen, die Erinnerung an einen Ort zu bewahren und auch das kulturelle Erbe f\u00fcr die Zukunft festzuhalten.<br>Anfang 2021 bekam das T\u00f6pfereimuseum Raeren als erstes und bisher einziges Museum der Deutschsprachigen Gemeinschaft die Chance, sich ebenfalls an diesem Projekt zu beteiligen: Das komplette Museum in der Burg Raeren wurde digitalisiert und ist nun in Form eines digitalen Puppenhauses bereit zum Besuch von Zuhause aus.<\/p>\n\n\n\n<figure class=\"wp-block-image\"><img loading=\"lazy\" decoding=\"async\" width=\"1024\" height=\"876\" src=\"https:\/\/stage.fayence-steinzeug-vogt.de\/wp-content\/uploads\/2021\/02\/behind-the-museum-raeren-1024x876.jpg\" alt=\"\" class=\"wp-image-6817\" srcset=\"https:\/\/www.fayence-steinzeug-vogt.de\/wp-content\/uploads\/2021\/02\/behind-the-museum-raeren-1024x876.jpg 1024w, https:\/\/www.fayence-steinzeug-vogt.de\/wp-content\/uploads\/2021\/02\/behind-the-museum-raeren-300x257.jpg 300w, https:\/\/www.fayence-steinzeug-vogt.de\/wp-content\/uploads\/2021\/02\/behind-the-museum-raeren-768x657.jpg 768w, https:\/\/www.fayence-steinzeug-vogt.de\/wp-content\/uploads\/2021\/02\/behind-the-museum-raeren.jpg 1090w\" sizes=\"(max-width: 1024px) 100vw, 1024px\" \/><figcaption class=\"wp-element-caption\"><a href=\"https:\/\/behindthemuseum.be\/project\/musee-de-la-poterie-de-raeren\/\" target=\"_blank\" rel=\"noreferrer noopener\">https:\/\/behindthemuseum.be\/project\/musee-de-la-poterie-de-raeren\/<\/a><\/figcaption><\/figure>\n","protected":false},"excerpt":{"rendered":"<p>Raeren Frieze Jug. JAN EMENS MENNICKEN signed and dated 1586, grey saltglazed stoneware with incised, stamped and applied moulded decoration and inscription Raerener Mittelfrieskrug. JAN EMENS MENNICKEN signiert, 1586 datiert, graues salzglasiertes Steinzeug, kobaltblau staffiert, profiliert und reliefiert, umlaufend Figurenfries und Inschrift&#8220; Jan Emens, wichtiges Mitglied der T\u00f6pferfamilie Mennicken datierte Werke 1568-1594 in diversen Museen [&hellip;]<\/p>\n","protected":false},"author":2,"featured_media":7517,"comment_status":"closed","ping_status":"closed","sticky":false,"template":"","format":"standard","meta":{"footnotes":""},"categories":[28,33,30],"tags":[36,37,226,305,398,560,595,603],"class_list":["post-7511","post","type-post","status-publish","format-standard","has-post-thumbnail","hentry","category-european-ceramics","category-steinzeug","category-experten-wissen","tag-16-jahrhundert","tag-16th-century","tag-frieze-jug","tag-jan-emens","tag-mennicken","tag-staatliche-kunstsammlung-dresden","tag-toepfer","tag-victoria-albert-museum"],"_links":{"self":[{"href":"https:\/\/www.fayence-steinzeug-vogt.de\/de\/wp-json\/wp\/v2\/posts\/7511","targetHints":{"allow":["GET"]}}],"collection":[{"href":"https:\/\/www.fayence-steinzeug-vogt.de\/de\/wp-json\/wp\/v2\/posts"}],"about":[{"href":"https:\/\/www.fayence-steinzeug-vogt.de\/de\/wp-json\/wp\/v2\/types\/post"}],"author":[{"embeddable":true,"href":"https:\/\/www.fayence-steinzeug-vogt.de\/de\/wp-json\/wp\/v2\/users\/2"}],"replies":[{"embeddable":true,"href":"https:\/\/www.fayence-steinzeug-vogt.de\/de\/wp-json\/wp\/v2\/comments?post=7511"}],"version-history":[{"count":2,"href":"https:\/\/www.fayence-steinzeug-vogt.de\/de\/wp-json\/wp\/v2\/posts\/7511\/revisions"}],"predecessor-version":[{"id":14513,"href":"https:\/\/www.fayence-steinzeug-vogt.de\/de\/wp-json\/wp\/v2\/posts\/7511\/revisions\/14513"}],"wp:featuredmedia":[{"embeddable":true,"href":"https:\/\/www.fayence-steinzeug-vogt.de\/de\/wp-json\/wp\/v2\/media\/7517"}],"wp:attachment":[{"href":"https:\/\/www.fayence-steinzeug-vogt.de\/de\/wp-json\/wp\/v2\/media?parent=7511"}],"wp:term":[{"taxonomy":"category","embeddable":true,"href":"https:\/\/www.fayence-steinzeug-vogt.de\/de\/wp-json\/wp\/v2\/categories?post=7511"},{"taxonomy":"post_tag","embeddable":true,"href":"https:\/\/www.fayence-steinzeug-vogt.de\/de\/wp-json\/wp\/v2\/tags?post=7511"}],"curies":[{"name":"wp","href":"https:\/\/api.w.org\/{rel}","templated":true}]}}