{"id":7585,"date":"2022-03-05T16:58:30","date_gmt":"2022-03-05T15:58:30","guid":{"rendered":"https:\/\/www.fayence-steinzeug-vogt.de\/?p=7585"},"modified":"2025-02-17T17:49:05","modified_gmt":"2025-02-17T16:49:05","slug":"hausmaler-krug-bartholomaeus-seuter","status":"publish","type":"post","link":"https:\/\/www.fayence-steinzeug-vogt.de\/de\/hausmaler-krug-bartholomaeus-seuter\/","title":{"rendered":"Hausmaler Krug | Bartholom\u00e4us Seuter"},"content":{"rendered":"\n<p><strong>Augsburger Hausmalerkrug Muffelmalerei bemalt von Bartholom\u00e4us Seuter auf einem Ansbacher Fayence Enghalskrug, Medaillon: Fr\u00fchlingsg\u00f6ttin Flora mit Bl\u00fctenkranz, umrahmt von Barockornament in Purpur und bunten Muffelfarben um 1730<\/strong><\/p>\n\n\n\n<figure class=\"wp-block-gallery has-nested-images columns-default is-cropped wp-block-gallery-1 is-layout-flex wp-block-gallery-is-layout-flex\">\n<figure class=\"wp-block-image size-large\"><a href=\"https:\/\/stage.fayence-steinzeug-vogt.de\/wp-content\/uploads\/2022\/01\/18th-century-works-of-art-Faience-Hausmaler-Jug-Seuter-Camaieu-e1642881707798.jpg\"><img loading=\"lazy\" decoding=\"async\" width=\"850\" height=\"1275\" data-id=\"7377\" src=\"https:\/\/stage.fayence-steinzeug-vogt.de\/wp-content\/uploads\/2022\/01\/18th-century-works-of-art-Faience-Hausmaler-Jug-Seuter-Camaieu-e1642881707798.jpg\" alt=\"Fayence Enghalskrug Hausmaler Seuter mit Fr\u00fchlingsg\u00f6ttin Flora\" class=\"wp-image-7377\" srcset=\"https:\/\/www.fayence-steinzeug-vogt.de\/wp-content\/uploads\/2022\/01\/18th-century-works-of-art-Faience-Hausmaler-Jug-Seuter-Camaieu-e1642881707798.jpg 850w, https:\/\/www.fayence-steinzeug-vogt.de\/wp-content\/uploads\/2022\/01\/18th-century-works-of-art-Faience-Hausmaler-Jug-Seuter-Camaieu-e1642881707798-200x300.jpg 200w, https:\/\/www.fayence-steinzeug-vogt.de\/wp-content\/uploads\/2022\/01\/18th-century-works-of-art-Faience-Hausmaler-Jug-Seuter-Camaieu-e1642881707798-683x1024.jpg 683w, https:\/\/www.fayence-steinzeug-vogt.de\/wp-content\/uploads\/2022\/01\/18th-century-works-of-art-Faience-Hausmaler-Jug-Seuter-Camaieu-e1642881707798-768x1152.jpg 768w\" sizes=\"(max-width: 850px) 100vw, 850px\" \/><\/a><figcaption class=\"wp-element-caption\">Ansbacher Enghalskrug mit Darstellung der Fr\u00fchlingsg\u00f6ttin Flora gerahmt von Barockkartusche in Purpur und bunten Muffelfarben um 1730<\/figcaption><\/figure>\n\n\n\n<figure class=\"wp-block-image size-large\"><a href=\"https:\/\/stage.fayence-steinzeug-vogt.de\/wp-content\/uploads\/2022\/01\/Barocker-Fayence-Hausmaler-krug-Seuter-Purpur-Malerei-18.-Jh-e1642881876222.jpg\"><img loading=\"lazy\" decoding=\"async\" width=\"850\" height=\"1275\" data-id=\"7378\" src=\"https:\/\/stage.fayence-steinzeug-vogt.de\/wp-content\/uploads\/2022\/01\/Barocker-Fayence-Hausmaler-krug-Seuter-Purpur-Malerei-18.-Jh-e1642881876222.jpg\" alt=\"18th century works of art Faience Hausmaler Seuter Jug\" class=\"wp-image-7378\" srcset=\"https:\/\/www.fayence-steinzeug-vogt.de\/wp-content\/uploads\/2022\/01\/Barocker-Fayence-Hausmaler-krug-Seuter-Purpur-Malerei-18.-Jh-e1642881876222.jpg 850w, https:\/\/www.fayence-steinzeug-vogt.de\/wp-content\/uploads\/2022\/01\/Barocker-Fayence-Hausmaler-krug-Seuter-Purpur-Malerei-18.-Jh-e1642881876222-200x300.jpg 200w, https:\/\/www.fayence-steinzeug-vogt.de\/wp-content\/uploads\/2022\/01\/Barocker-Fayence-Hausmaler-krug-Seuter-Purpur-Malerei-18.-Jh-e1642881876222-683x1024.jpg 683w, https:\/\/www.fayence-steinzeug-vogt.de\/wp-content\/uploads\/2022\/01\/Barocker-Fayence-Hausmaler-krug-Seuter-Purpur-Malerei-18.-Jh-e1642881876222-768x1152.jpg 768w\" sizes=\"(max-width: 850px) 100vw, 850px\" \/><\/a><figcaption class=\"wp-element-caption\">Ansbacher Enghalskrug um 1730, vom Augsburger Hausmaler Bartholom\u00e4us Seuter mit bunten Muffelfarben bemalt, H. 30 cm<\/figcaption><\/figure>\n<\/figure>\n\n\n\n<p><strong>Baroque Ansbach Faience Enghalskrug DECORATION BY BARTHOLOM\u00c4US SEUTER (Augsburg) Cartouche with Goddess of spring Flora engulfed with garland of blossoms in <strong>Purpur Camaieu<\/strong> and framed by baroque ornaments in vivid muffle fired colours ca. 1730<\/strong><\/p>\n\n\n\n<h2 class=\"wp-block-heading\">Bartholom\u00e4us Seuter &#8211; manifold craftsmanship and artistry<\/h2>\n\n\n\n<p><em>After the decline of the Nuremberg HAUSMALER workshops in the 1720s began the peak period of the Augsburg HAUSMALER. Their most important representative was the goldsmith, enameler, porcelain and faience painter, s<\/em>ilk dyer and copper engraver, <strong>Bartholom\u00e4us SEUTER (1678-1754)<\/strong>. <em>As faience painter, Seuter preferred narrow-necked jugs (Enghalskr\u00fcge), which he obtained as white ware from the factories in Hanau, Frankfurt, Ansbach and Nuremberg. His palette contained the colors purple, iron red, green, yellow, blue, brown and black. Only a few of Seuter&#8217;s works are signed with his initials BS. <\/em><\/p>\n\n\n\n<p>Nach dem Niedergang der N\u00fcrnberger Hausmalerei in den zwanziger Jahren des 18. Jahrhunderts begann die Bl\u00fctezeit der Augsburger Hausmaler. Ihr wichtigster Vertreter war der Goldarbeiter, Emailleur, Porzellan- und Fayencemaler, Seidenf\u00e4rber und Kupferstecher <strong>Bartholom\u00e4us SEUTER (1678-1754)<\/strong>.<\/p>\n\n\n\n<div class=\"wp-block-media-text alignwide is-stacked-on-mobile\" style=\"grid-template-columns:36% auto\"><figure class=\"wp-block-media-text__media\"><img loading=\"lazy\" decoding=\"async\" width=\"550\" height=\"759\" src=\"https:\/\/stage.fayence-steinzeug-vogt.de\/wp-content\/uploads\/2022\/03\/Bartholomaeus-Seuter-JJ-Haid-Kupferstich-e1646665999547.jpg\" alt=\"Kupferstich von JJ Haid Bartholom\u00e4us Seuter\" class=\"wp-image-7601 size-full\" srcset=\"https:\/\/www.fayence-steinzeug-vogt.de\/wp-content\/uploads\/2022\/03\/Bartholomaeus-Seuter-JJ-Haid-Kupferstich-e1646665999547.jpg 550w, https:\/\/www.fayence-steinzeug-vogt.de\/wp-content\/uploads\/2022\/03\/Bartholomaeus-Seuter-JJ-Haid-Kupferstich-e1646665999547-217x300.jpg 217w\" sizes=\"(max-width: 550px) 100vw, 550px\" \/><\/figure><div class=\"wp-block-media-text__content\">\n<p class=\"has-small-font-size\">BARTHOLOM\u00c4US SEUTER als G\u00e4rtner. Kupferstich von Johann Jakob Haid, Augsburg um 1740 (St\u00e4dtische Kunstsammlungen Augsburg)<\/p>\n<\/div><\/div>\n\n\n\n<p><br>Als Fayencemaler bevorzugt Seuter Enghalskr\u00fcge, die er aus den Manufakturen Hanau, Frankfurt, Ansbach und N\u00fcrnberg als Wei\u00dfware bezieht. Seine Palette umfa\u00dft die Farben Purpur, Eisenrot, Gr\u00fcn, Gelb, Blau, Braun und Schwarz. Nur wenige Arbeiten Seuters sind mit seinen Initialen BS signiert.<\/p>\n\n\n\n<h3 class=\"wp-block-heading\">HAUSMALEREI  | STUDIO PAINTING<\/h3>\n\n\n\n<p>Hausmaler fertigten nie selbst Keramik an, sondern bemalten die aus Manufakturen wie zum Beispiel Delft, Hanau oder Frankfurt, seit 1712 auch aus N\u00fcrnberg erworbenen, unbemalten St\u00fccke mit der ihnen eigenen Technik des Schwarzlots oder des farbigen Emails. Zwei Berufsgruppen brachten die Voraussetzungen mit, um unbemalte Fayencen dekorieren und in den kleinen Muffel\u00f6fen ihrer Werkst\u00e4tten brennen zu k\u00f6nnen: erstens die Glasmaler; sie \u00fcbertrugen die ihnen von der Scheibenmalerei her bekannte Technik der Muffelmalerei einfach auf die Fayence und bevorzugten dabei, wie in der monumentalen Glasmalerei \u00fcblich, das Schwarzlot und zweitens die Goldschmiede, die sich ihre Kenntnisse des Emaillierens zunutze machten und die bunten Schmelzfarben auf die daf\u00fcr sehr geeignete Fayence aufbrachten. <\/p>\n\n\n\n<p><em>Hausmaler painted the undecorated pieces, which they acquired from factories in Delft, Hanau, Frankfurt and elsewhere (after 1712 from Nuremberg as well), in their own particular technique of schwarzlot or colored enamel. Two groups of craftsmen possessed the required expertise to decorate unpainted faience pieces and fire them in the little muffle-kilns in their workshops. Firstly, the glass painters, who simply applied to faience decoration the technique of muffle-fired painting already known to them from their own craft and, as was usual in monumental glass painting, they preferred schwarzlot; secondly, the goldsmiths, who used their skills in enameling and put the fusible bigments of various colors on the admirably suited faience. As the Hausmaler had their &#8222;workshops&#8220; on their own premises they did not have to follow regulations of the guilds and therefore free to expres their own style of craftsmanship.<br><br>After 1720, Nuremberg had to yield pride of place in the field of this type of STUDIO painting to Augsburg. From now on the goldsmith Johann Auffenwerth, his daughters Anna Elisabeth and Sabina, the craftsmen Bartholom\u00e4us Seuter and his brother Abraham were largely responsible for the fame of the Augsburg HAUSMALER school.<\/em><br><br>(S. 18 f. Bosch, H. (1983).&nbsp;<em>Deutsche Fayencekr\u00fcge des 17. und 18. Jahrhunderts: Sammlungen Hans Cohn, Los Angeles, Siegfried Kramarsky, New York<\/em>. P. von Zabern.)<br><\/p>\n\n\n\n<h2 class=\"wp-block-heading\">Museum Reference  &#8211;<a href=\"https:\/\/sammlung.mak.at\/\" target=\"_blank\" rel=\"noreferrer noopener\" title=\" MAK Vienna\"> MAK Vienna<\/a><\/h2>\n\n\n\n<div class=\"wp-block-media-text alignwide is-stacked-on-mobile\" style=\"grid-template-columns:48% auto\"><figure class=\"wp-block-media-text__media\"><img loading=\"lazy\" decoding=\"async\" width=\"681\" height=\"1024\" src=\"https:\/\/stage.fayence-steinzeug-vogt.de\/wp-content\/uploads\/2022\/03\/MAK-Wien-Augsburger-Hausmalerkrug-Ceres-e1646665913778-681x1024.jpg\" alt=\"MAK Wien Hausmaler Fayence Krug mit Ceres\" class=\"wp-image-7611 size-full\" srcset=\"https:\/\/www.fayence-steinzeug-vogt.de\/wp-content\/uploads\/2022\/03\/MAK-Wien-Augsburger-Hausmalerkrug-Ceres-e1646665913778-681x1024.jpg 681w, https:\/\/www.fayence-steinzeug-vogt.de\/wp-content\/uploads\/2022\/03\/MAK-Wien-Augsburger-Hausmalerkrug-Ceres-e1646665913778-199x300.jpg 199w, https:\/\/www.fayence-steinzeug-vogt.de\/wp-content\/uploads\/2022\/03\/MAK-Wien-Augsburger-Hausmalerkrug-Ceres-e1646665913778-768x1156.jpg 768w, https:\/\/www.fayence-steinzeug-vogt.de\/wp-content\/uploads\/2022\/03\/MAK-Wien-Augsburger-Hausmalerkrug-Ceres-e1646665913778.jpg 850w\" sizes=\"(max-width: 681px) 100vw, 681px\" \/><\/figure><div class=\"wp-block-media-text__content\">\n<p class=\"has-small-font-size\">Ansbach-Augsburger Hausmalerkrug, Medaillon: Ceres mit Garbe, umrahmt von Barockornament in Purpur und bunten Farben. H. 29,5 cm. <br>\u00d6sterreichisches Museum f\u00fcr angewandte Kunst in Wien.<br><br>Abb. 173 \/ S. 183 <br>Bayer, Adolf<br><em>Die Ansbacher Fayence-Fabriken: ein Beitrag zur Geschichte der deutschen Keramik 1710-1839; ein Handbuch f\u00fcr Sammler und Liebhaber<\/em>. Klinkhardt &amp; Biermann, 1959<\/p>\n\n\n\n<p class=\"has-small-font-size\"><a href=\"https:\/\/sammlung.mak.at\/de\/collect\/henkelkrug_4081\">https:\/\/sammlung.mak.at\/de\/collect\/henkelkrug_4081<\/a><br><br><br><\/p>\n<\/div><\/div>\n\n\n\n<figure class=\"wp-block-image size-large\"><a href=\"https:\/\/sammlung.mak.at\/de\/collect\/henkelkrug_4081\"><img loading=\"lazy\" decoding=\"async\" width=\"1024\" height=\"519\" src=\"https:\/\/www.fayence-steinzeug-vogt.de\/wp-content\/uploads\/2022\/03\/MAK-Wien-Sammlung-Online-Objekt-KE-6029-1024x519.jpg\" alt=\"\" class=\"wp-image-13082\" srcset=\"https:\/\/www.fayence-steinzeug-vogt.de\/wp-content\/uploads\/2022\/03\/MAK-Wien-Sammlung-Online-Objekt-KE-6029-1024x519.jpg 1024w, https:\/\/www.fayence-steinzeug-vogt.de\/wp-content\/uploads\/2022\/03\/MAK-Wien-Sammlung-Online-Objekt-KE-6029-300x152.jpg 300w, https:\/\/www.fayence-steinzeug-vogt.de\/wp-content\/uploads\/2022\/03\/MAK-Wien-Sammlung-Online-Objekt-KE-6029-768x389.jpg 768w, https:\/\/www.fayence-steinzeug-vogt.de\/wp-content\/uploads\/2022\/03\/MAK-Wien-Sammlung-Online-Objekt-KE-6029-1536x778.jpg 1536w, https:\/\/www.fayence-steinzeug-vogt.de\/wp-content\/uploads\/2022\/03\/MAK-Wien-Sammlung-Online-Objekt-KE-6029.jpg 1552w\" sizes=\"(max-width: 1024px) 100vw, 1024px\" \/><\/a><figcaption class=\"wp-element-caption\">MAK Sammlung Online Krug, Henkelkrug, Anonym, MAK Inv.nr. KE 6029<\/figcaption><\/figure>\n\n\n\n<h2 class=\"wp-block-heading\">Stichvorlage | Inspiration<\/h2>\n\n\n\n<figure class=\"wp-block-image size-medium\"><img loading=\"lazy\" decoding=\"async\" width=\"300\" height=\"252\" src=\"https:\/\/stage.fayence-steinzeug-vogt.de\/wp-content\/uploads\/2022\/03\/Detail-Hausmaler-Krug-Seuter-Stichvorlage-N.-Chateau-e1647114034275-300x252.jpg\" alt=\"Fayence Krug Hausmaler Detail Barock Kartusche Flora Purpur\" class=\"wp-image-7598\" srcset=\"https:\/\/www.fayence-steinzeug-vogt.de\/wp-content\/uploads\/2022\/03\/Detail-Hausmaler-Krug-Seuter-Stichvorlage-N.-Chateau-e1647114034275-300x252.jpg 300w, https:\/\/www.fayence-steinzeug-vogt.de\/wp-content\/uploads\/2022\/03\/Detail-Hausmaler-Krug-Seuter-Stichvorlage-N.-Chateau-e1647114034275.jpg 750w\" sizes=\"(max-width: 300px) 100vw, 300px\" \/><figcaption class=\"wp-element-caption\">Detail-Hausmaler-Krug-Seuter-Stichvorlage-N.-Chateau<\/figcaption><\/figure>\n\n\n\n<p><a href=\"https:\/\/nat.museum-digital.de\/object\/854939\" target=\"_blank\" rel=\"noreferrer noopener\">Kupferstich Die vier Jahreszeiten, N. Ch\u00e2teau<\/a>, <br>4 Bll. &#8222;Printemps&#8220;<\/p>\n\n\n\n<figure class=\"wp-block-gallery has-nested-images columns-default wp-block-gallery-2 is-layout-flex wp-block-gallery-is-layout-flex\">\n<figure class=\"wp-block-image size-medium\"><a href=\"https:\/\/stage.fayence-steinzeug-vogt.de\/wp-content\/uploads\/2022\/03\/robert-le-vrac-de-tournieres-allegorie-ete.jpg\"><img loading=\"lazy\" decoding=\"async\" width=\"222\" height=\"300\" data-id=\"7591\" src=\"https:\/\/stage.fayence-steinzeug-vogt.de\/wp-content\/uploads\/2022\/03\/robert-le-vrac-de-tournieres-allegorie-ete-222x300.jpg\" alt=\"\" class=\"wp-image-7591\" srcset=\"https:\/\/www.fayence-steinzeug-vogt.de\/wp-content\/uploads\/2022\/03\/robert-le-vrac-de-tournieres-allegorie-ete-222x300.jpg 222w, https:\/\/www.fayence-steinzeug-vogt.de\/wp-content\/uploads\/2022\/03\/robert-le-vrac-de-tournieres-allegorie-ete.jpg 546w\" sizes=\"(max-width: 222px) 100vw, 222px\" \/><\/a><figcaption class=\"wp-element-caption\">Tourni\u00e8res, Robert Le Vrac (1668\u20131752) Allegorie, 1718 Mus\u00e9e des Beaux-Arts, Rouen<\/figcaption><\/figure>\n\n\n\n<figure class=\"wp-block-image size-medium\"><a href=\"https:\/\/stage.fayence-steinzeug-vogt.de\/wp-content\/uploads\/2022\/03\/Kupferstich-Die-vier-Jahreszeiten-N.-Chateau-Printemps-scaled-e1646666015435.jpg\"><img loading=\"lazy\" decoding=\"async\" width=\"232\" height=\"300\" data-id=\"7589\" src=\"https:\/\/stage.fayence-steinzeug-vogt.de\/wp-content\/uploads\/2022\/03\/Kupferstich-Die-vier-Jahreszeiten-N.-Chateau-Printemps-scaled-e1646666015435-232x300.jpg\" alt=\"N. Chateau Kupferstich 4 Jahreszeiten Le Printemps\" class=\"wp-image-7589\" srcset=\"https:\/\/www.fayence-steinzeug-vogt.de\/wp-content\/uploads\/2022\/03\/Kupferstich-Die-vier-Jahreszeiten-N.-Chateau-Printemps-scaled-e1646666015435-232x300.jpg 232w, https:\/\/www.fayence-steinzeug-vogt.de\/wp-content\/uploads\/2022\/03\/Kupferstich-Die-vier-Jahreszeiten-N.-Chateau-Printemps-scaled-e1646666015435-791x1024.jpg 791w, https:\/\/www.fayence-steinzeug-vogt.de\/wp-content\/uploads\/2022\/03\/Kupferstich-Die-vier-Jahreszeiten-N.-Chateau-Printemps-scaled-e1646666015435-768x994.jpg 768w, https:\/\/www.fayence-steinzeug-vogt.de\/wp-content\/uploads\/2022\/03\/Kupferstich-Die-vier-Jahreszeiten-N.-Chateau-Printemps-scaled-e1646666015435.jpg 850w\" sizes=\"(max-width: 232px) 100vw, 232px\" \/><\/a><figcaption class=\"wp-element-caption\">Herkunft\/Rechte: Herzog Anton Ulrich-Museum <\/figcaption><\/figure>\n<\/figure>\n\n\n\n<h3 class=\"wp-block-heading\">Literature:<\/h3>\n\n\n\n<div class=\"wp-block-media-text alignwide is-stacked-on-mobile\"><figure class=\"wp-block-media-text__media\"><img decoding=\"async\" src=\"https:\/\/stage.fayence-steinzeug-vogt.de\/wp-content\/uploads\/2022\/03\/Bayer-Adolf-Die-Ansbacher-Fayence-Fabriken-1959-683x1024.jpg\" alt=\"\" class=\"wp-image-7609 size-full\"\/><\/figure><div class=\"wp-block-media-text__content\">\n<p class=\"has-small-font-size\">Bayer, Adolf.&nbsp;<em>Die Ansbacher Fayence-Fabriken: ein Beitrag zur Geschichte der deutschen Keramik 1710-1839; ein Handbuch f\u00fcr Sammler und Liebhaber<\/em>. Klinkhardt &amp; Biermann, 1959.<\/p>\n<\/div><\/div>\n\n\n\n<div class=\"wp-block-media-text alignwide is-stacked-on-mobile\"><figure class=\"wp-block-media-text__media\"><img loading=\"lazy\" decoding=\"async\" width=\"581\" height=\"748\" src=\"https:\/\/stage.fayence-steinzeug-vogt.de\/wp-content\/uploads\/2015\/02\/Bosch-hans.jpg\" alt=\"Bosch, Helmut: Deutsche Fayencekr\u00fcge des 17. und 18. Jahrhunderts. Sammlungen Hans Cohn, Los Angeles.\" class=\"wp-image-403 size-full\" srcset=\"https:\/\/www.fayence-steinzeug-vogt.de\/wp-content\/uploads\/2015\/02\/Bosch-hans.jpg 581w, https:\/\/www.fayence-steinzeug-vogt.de\/wp-content\/uploads\/2015\/02\/Bosch-hans-233x300.jpg 233w\" sizes=\"(max-width: 581px) 100vw, 581px\" \/><\/figure><div class=\"wp-block-media-text__content\">\n<p class=\"has-small-font-size\">English and German Edition<br>Bosch, Helmut: Deutsche Fayencekr\u00fcge des 17. und 18. Jahrhunderts. Sammlungen Hans Cohn, Los Angeles. Siegfried Kramarsky, New York. Mainz: Von Zabern 1983.<\/p>\n<\/div><\/div>\n\n\n\n<h3 class=\"wp-block-heading\">Weitere Beitr\u00e4ge zum Thema Hausmaler<\/h3>\n\n\n\n<figure class=\"wp-block-embed is-type-wp-embed is-provider-peter-vogt-fayence-und-steinzeug-aus-vier-jahrhunderten wp-block-embed-peter-vogt-fayence-und-steinzeug-aus-vier-jahrhunderten\"><div class=\"wp-block-embed__wrapper\">\n<blockquote class=\"wp-embedded-content\" data-secret=\"a4LxAe78Uq\"><a href=\"https:\/\/www.fayence-steinzeug-vogt.de\/de\/holy-family-under-palm-tree\/\">Holy Family under Palm Tree<\/a><\/blockquote><iframe loading=\"lazy\" class=\"wp-embedded-content\" sandbox=\"allow-scripts\" security=\"restricted\" style=\"position: absolute; visibility: hidden;\" title=\"&#8222;Holy Family under Palm Tree&#8220; &#8212; Peter Vogt Fayence und Steinzeug aus vier Jahrhunderten\" src=\"https:\/\/www.fayence-steinzeug-vogt.de\/de\/holy-family-under-palm-tree\/embed\/#?secret=uUDMGLcmls#?secret=a4LxAe78Uq\" data-secret=\"a4LxAe78Uq\" width=\"500\" height=\"282\" frameborder=\"0\" marginwidth=\"0\" marginheight=\"0\" scrolling=\"no\"><\/iframe>\n<\/div><\/figure>\n\n\n\n<figure class=\"wp-block-embed is-type-wp-embed is-provider-peter-vogt-fayence-und-steinzeug-aus-vier-jahrhunderten wp-block-embed-peter-vogt-fayence-und-steinzeug-aus-vier-jahrhunderten\"><div class=\"wp-block-embed__wrapper\">\n<blockquote class=\"wp-embedded-content\" data-secret=\"ykZHWfcIkB\"><a href=\"https:\/\/www.fayence-steinzeug-vogt.de\/de\/hausmaler-arsenius-germain-wels\/\">Hausmaler Arsenius Germain in Wels<\/a><\/blockquote><iframe loading=\"lazy\" class=\"wp-embedded-content\" sandbox=\"allow-scripts\" security=\"restricted\" style=\"position: absolute; visibility: hidden;\" title=\"&#8222;Hausmaler Arsenius Germain in Wels&#8220; &#8212; Peter Vogt Fayence und Steinzeug aus vier Jahrhunderten\" src=\"https:\/\/www.fayence-steinzeug-vogt.de\/de\/hausmaler-arsenius-germain-wels\/embed\/#?secret=t5DCv4UFvw#?secret=ykZHWfcIkB\" data-secret=\"ykZHWfcIkB\" width=\"500\" height=\"282\" frameborder=\"0\" marginwidth=\"0\" marginheight=\"0\" scrolling=\"no\"><\/iframe>\n<\/div><\/figure>\n\n\n\n<figure class=\"wp-block-embed is-type-wp-embed is-provider-peter-vogt-fayence-und-steinzeug-aus-vier-jahrhunderten wp-block-embed-peter-vogt-fayence-und-steinzeug-aus-vier-jahrhunderten\"><div class=\"wp-block-embed__wrapper\">\n<blockquote class=\"wp-embedded-content\" data-secret=\"F4OiKFVuua\"><a href=\"https:\/\/www.fayence-steinzeug-vogt.de\/de\/olmuetz-hausmalerkrug-1788-datiert\/\">Olm\u00fctz Hausmalerkrug 1788 datiert<\/a><\/blockquote><iframe loading=\"lazy\" class=\"wp-embedded-content\" sandbox=\"allow-scripts\" security=\"restricted\" style=\"position: absolute; visibility: hidden;\" title=\"&#8222;Olm\u00fctz Hausmalerkrug 1788 datiert&#8220; &#8212; Peter Vogt Fayence und Steinzeug aus vier Jahrhunderten\" src=\"https:\/\/www.fayence-steinzeug-vogt.de\/de\/olmuetz-hausmalerkrug-1788-datiert\/embed\/#?secret=uxtxaALhuH#?secret=F4OiKFVuua\" data-secret=\"F4OiKFVuua\" width=\"500\" height=\"282\" frameborder=\"0\" marginwidth=\"0\" marginheight=\"0\" scrolling=\"no\"><\/iframe>\n<\/div><\/figure>\n\n\n\n<figure class=\"wp-block-embed is-type-wp-embed is-provider-peter-vogt-fayence-und-steinzeug-aus-vier-jahrhunderten wp-block-embed-peter-vogt-fayence-und-steinzeug-aus-vier-jahrhunderten\"><div class=\"wp-block-embed__wrapper\">\n<blockquote class=\"wp-embedded-content\" data-secret=\"IGtM7SfqsH\"><a href=\"https:\/\/www.fayence-steinzeug-vogt.de\/de\/hausmaler-vase-kuenersberg\/\">Hausmaler Vase K\u00fcnersberg<\/a><\/blockquote><iframe loading=\"lazy\" class=\"wp-embedded-content\" sandbox=\"allow-scripts\" security=\"restricted\" style=\"position: absolute; visibility: hidden;\" title=\"&#8222;Hausmaler Vase K\u00fcnersberg&#8220; &#8212; Peter Vogt Fayence und Steinzeug aus vier Jahrhunderten\" src=\"https:\/\/www.fayence-steinzeug-vogt.de\/de\/hausmaler-vase-kuenersberg\/embed\/#?secret=UmdBcN4slI#?secret=IGtM7SfqsH\" data-secret=\"IGtM7SfqsH\" width=\"500\" height=\"282\" frameborder=\"0\" marginwidth=\"0\" marginheight=\"0\" scrolling=\"no\"><\/iframe>\n<\/div><\/figure>\n\n\n\n<figure class=\"wp-block-embed is-type-wp-embed is-provider-peter-vogt-fayence-und-steinzeug-aus-vier-jahrhunderten wp-block-embed-peter-vogt-fayence-und-steinzeug-aus-vier-jahrhunderten\"><div class=\"wp-block-embed__wrapper\">\n<blockquote class=\"wp-embedded-content\" data-secret=\"7R2dwQfjpv\"><a href=\"https:\/\/www.fayence-steinzeug-vogt.de\/de\/hausmalerkrug-abraham-helmhack\/\">Hausmalerkrug | Abraham Helmhack<\/a><\/blockquote><iframe loading=\"lazy\" class=\"wp-embedded-content\" sandbox=\"allow-scripts\" security=\"restricted\" style=\"position: absolute; visibility: hidden;\" title=\"&#8222;Hausmalerkrug | Abraham Helmhack&#8220; &#8212; Peter Vogt Fayence und Steinzeug aus vier Jahrhunderten\" src=\"https:\/\/www.fayence-steinzeug-vogt.de\/de\/hausmalerkrug-abraham-helmhack\/embed\/#?secret=VKxv1XFolG#?secret=7R2dwQfjpv\" data-secret=\"7R2dwQfjpv\" width=\"500\" height=\"282\" frameborder=\"0\" marginwidth=\"0\" marginheight=\"0\" scrolling=\"no\"><\/iframe>\n<\/div><\/figure>\n","protected":false},"excerpt":{"rendered":"<p>Augsburger Hausmalerkrug Muffelmalerei bemalt von Bartholom\u00e4us Seuter auf einem Ansbacher Fayence Enghalskrug, Medaillon: Fr\u00fchlingsg\u00f6ttin Flora mit Bl\u00fctenkranz, umrahmt von Barockornament in Purpur und bunten Muffelfarben um 1730 Baroque Ansbach Faience Enghalskrug DECORATION BY BARTHOLOM\u00c4US SEUTER (Augsburg) Cartouche with Goddess of spring Flora engulfed with garland of blossoms in Purpur Camaieu and framed by baroque ornaments [&hellip;]<\/p>\n","protected":false},"author":2,"featured_media":7322,"comment_status":"closed","ping_status":"closed","sticky":false,"template":"","format":"standard","meta":{"footnotes":""},"categories":[28,31,30],"tags":[84,216,260,313,385,485,42,43,44],"class_list":["post-7585","post","type-post","status-publish","format-standard","has-post-thumbnail","hentry","category-european-ceramics","category-fayence","category-experten-wissen","tag-bartholomaeus-seuter","tag-flora","tag-hausmaler","tag-johann-jakob-haid","tag-mak-wien","tag-robert-levrac-tournieres","tag-18-jhd","tag-18th-century","tag-18th-century-works-of-art"],"_links":{"self":[{"href":"https:\/\/www.fayence-steinzeug-vogt.de\/de\/wp-json\/wp\/v2\/posts\/7585","targetHints":{"allow":["GET"]}}],"collection":[{"href":"https:\/\/www.fayence-steinzeug-vogt.de\/de\/wp-json\/wp\/v2\/posts"}],"about":[{"href":"https:\/\/www.fayence-steinzeug-vogt.de\/de\/wp-json\/wp\/v2\/types\/post"}],"author":[{"embeddable":true,"href":"https:\/\/www.fayence-steinzeug-vogt.de\/de\/wp-json\/wp\/v2\/users\/2"}],"replies":[{"embeddable":true,"href":"https:\/\/www.fayence-steinzeug-vogt.de\/de\/wp-json\/wp\/v2\/comments?post=7585"}],"version-history":[{"count":8,"href":"https:\/\/www.fayence-steinzeug-vogt.de\/de\/wp-json\/wp\/v2\/posts\/7585\/revisions"}],"predecessor-version":[{"id":13117,"href":"https:\/\/www.fayence-steinzeug-vogt.de\/de\/wp-json\/wp\/v2\/posts\/7585\/revisions\/13117"}],"wp:featuredmedia":[{"embeddable":true,"href":"https:\/\/www.fayence-steinzeug-vogt.de\/de\/wp-json\/wp\/v2\/media\/7322"}],"wp:attachment":[{"href":"https:\/\/www.fayence-steinzeug-vogt.de\/de\/wp-json\/wp\/v2\/media?parent=7585"}],"wp:term":[{"taxonomy":"category","embeddable":true,"href":"https:\/\/www.fayence-steinzeug-vogt.de\/de\/wp-json\/wp\/v2\/categories?post=7585"},{"taxonomy":"post_tag","embeddable":true,"href":"https:\/\/www.fayence-steinzeug-vogt.de\/de\/wp-json\/wp\/v2\/tags?post=7585"}],"curies":[{"name":"wp","href":"https:\/\/api.w.org\/{rel}","templated":true}]}}