{"id":13536,"date":"2025-03-13T14:15:06","date_gmt":"2025-03-13T13:15:06","guid":{"rendered":"https:\/\/www.fayence-steinzeug-vogt.de\/de\/?p=13536"},"modified":"2025-03-13T14:15:07","modified_gmt":"2025-03-13T13:15:07","slug":"armorial-raeren-frieze-jug-dated-1598","status":"publish","type":"post","link":"https:\/\/www.fayence-steinzeug-vogt.de\/en\/armorial-raeren-frieze-jug-dated-1598\/","title":{"rendered":"Armorial Raeren Frieze Jug dated 1598"},"content":{"rendered":"\n<h2 class=\"wp-block-heading\">The 1598 Mennicken Jug as Witness to late 16th century Political Alliances of the Holy Roman Empire <\/h2>\n\n\n\n<p>The Raeren stoneware frieze jug from 1598, crafted in Jan Baldems Mennicken&#8217;s workshop, represents a remarkable convergence of artistic craftsmanship and political symbolism. The elaborate heraldic decoration featuring the coats of arms of the Elector of Cologne, the city of Speyer, and the city of Cologne is refering to the complex political landscape of the Holy Roman Empire at the close of the 16th century. <\/p>\n\n\n\n<figure class=\"wp-block-gallery has-nested-images columns-default is-cropped wp-block-gallery-1 is-layout-flex wp-block-gallery-is-layout-flex\">\n<figure data-wp-context=\"{&quot;imageId&quot;:&quot;69f0b76a04a5a&quot;}\" data-wp-interactive=\"core\/image\" data-wp-key=\"69f0b76a04a5a\" class=\"wp-block-image size-large wp-lightbox-container\"><img loading=\"lazy\" decoding=\"async\" width=\"683\" height=\"1024\" data-wp-class--hide=\"state.isContentHidden\" data-wp-class--show=\"state.isContentVisible\" data-wp-init=\"callbacks.setButtonStyles\" data-wp-on--click=\"actions.showLightbox\" data-wp-on--load=\"callbacks.setButtonStyles\" data-wp-on-window--resize=\"callbacks.setButtonStyles\" data-id=\"12822\" src=\"https:\/\/www.fayence-steinzeug-vogt.de\/wp-content\/uploads\/2025\/02\/raeren-stoneware-frieze-jug-mennicken-dated-1598-683x1024.jpg\" alt=\"raeren-stoneware-frieze-jug-mennicken-dated-1598\" class=\"wp-image-12822\" srcset=\"https:\/\/www.fayence-steinzeug-vogt.de\/wp-content\/uploads\/2025\/02\/raeren-stoneware-frieze-jug-mennicken-dated-1598-683x1024.jpg 683w, https:\/\/www.fayence-steinzeug-vogt.de\/wp-content\/uploads\/2025\/02\/raeren-stoneware-frieze-jug-mennicken-dated-1598-200x300.jpg 200w, https:\/\/www.fayence-steinzeug-vogt.de\/wp-content\/uploads\/2025\/02\/raeren-stoneware-frieze-jug-mennicken-dated-1598-768x1152.jpg 768w, https:\/\/www.fayence-steinzeug-vogt.de\/wp-content\/uploads\/2025\/02\/raeren-stoneware-frieze-jug-mennicken-dated-1598-1024x1536.jpg 1024w, https:\/\/www.fayence-steinzeug-vogt.de\/wp-content\/uploads\/2025\/02\/raeren-stoneware-frieze-jug-mennicken-dated-1598-1365x2048.jpg 1365w, https:\/\/www.fayence-steinzeug-vogt.de\/wp-content\/uploads\/2025\/02\/raeren-stoneware-frieze-jug-mennicken-dated-1598-scaled.jpg 1707w\" sizes=\"(max-width: 683px) 100vw, 683px\" \/><button\n\t\t\tclass=\"lightbox-trigger\"\n\t\t\ttype=\"button\"\n\t\t\taria-haspopup=\"dialog\"\n\t\t\taria-label=\"Enlarge\"\n\t\t\tdata-wp-init=\"callbacks.initTriggerButton\"\n\t\t\tdata-wp-on--click=\"actions.showLightbox\"\n\t\t\tdata-wp-style--right=\"state.imageButtonRight\"\n\t\t\tdata-wp-style--top=\"state.imageButtonTop\"\n\t\t>\n\t\t\t<svg xmlns=\"http:\/\/www.w3.org\/2000\/svg\" width=\"12\" height=\"12\" fill=\"none\" viewBox=\"0 0 12 12\">\n\t\t\t\t<path fill=\"#fff\" d=\"M2 0a2 2 0 0 0-2 2v2h1.5V2a.5.5 0 0 1 .5-.5h2V0H2Zm2 10.5H2a.5.5 0 0 1-.5-.5V8H0v2a2 2 0 0 0 2 2h2v-1.5ZM8 12v-1.5h2a.5.5 0 0 0 .5-.5V8H12v2a2 2 0 0 1-2 2H8Zm2-12a2 2 0 0 1 2 2v2h-1.5V2a.5.5 0 0 0-.5-.5H8V0h2Z\" \/>\n\t\t\t<\/svg>\n\t\t<\/button><figcaption class=\"wp-element-caption\">Raeren Stoneware Frieze Jug dated 1598, Workshop Jan Baldems Mennicken, H. 36 cm <\/figcaption><\/figure>\n\n\n\n<figure data-wp-context=\"{&quot;imageId&quot;:&quot;69f0b76a04eea&quot;}\" data-wp-interactive=\"core\/image\" data-wp-key=\"69f0b76a04eea\" class=\"wp-block-image size-large wp-lightbox-container\"><img loading=\"lazy\" decoding=\"async\" width=\"731\" height=\"1024\" data-wp-class--hide=\"state.isContentHidden\" data-wp-class--show=\"state.isContentVisible\" data-wp-init=\"callbacks.setButtonStyles\" data-wp-on--click=\"actions.showLightbox\" data-wp-on--load=\"callbacks.setButtonStyles\" data-wp-on-window--resize=\"callbacks.setButtonStyles\" data-id=\"13613\" src=\"https:\/\/www.fayence-steinzeug-vogt.de\/wp-content\/uploads\/2025\/03\/Raeren-Stoneware-Jug-dated-1589-side-arms-731x1024.jpg\" alt=\"\" class=\"wp-image-13613\" srcset=\"https:\/\/www.fayence-steinzeug-vogt.de\/wp-content\/uploads\/2025\/03\/Raeren-Stoneware-Jug-dated-1589-side-arms-731x1024.jpg 731w, https:\/\/www.fayence-steinzeug-vogt.de\/wp-content\/uploads\/2025\/03\/Raeren-Stoneware-Jug-dated-1589-side-arms-214x300.jpg 214w, https:\/\/www.fayence-steinzeug-vogt.de\/wp-content\/uploads\/2025\/03\/Raeren-Stoneware-Jug-dated-1589-side-arms-768x1076.jpg 768w, https:\/\/www.fayence-steinzeug-vogt.de\/wp-content\/uploads\/2025\/03\/Raeren-Stoneware-Jug-dated-1589-side-arms-1096x1536.jpg 1096w, https:\/\/www.fayence-steinzeug-vogt.de\/wp-content\/uploads\/2025\/03\/Raeren-Stoneware-Jug-dated-1589-side-arms-1462x2048.jpg 1462w, https:\/\/www.fayence-steinzeug-vogt.de\/wp-content\/uploads\/2025\/03\/Raeren-Stoneware-Jug-dated-1589-side-arms-scaled.jpg 1827w\" sizes=\"(max-width: 731px) 100vw, 731px\" \/><button\n\t\t\tclass=\"lightbox-trigger\"\n\t\t\ttype=\"button\"\n\t\t\taria-haspopup=\"dialog\"\n\t\t\taria-label=\"Enlarge\"\n\t\t\tdata-wp-init=\"callbacks.initTriggerButton\"\n\t\t\tdata-wp-on--click=\"actions.showLightbox\"\n\t\t\tdata-wp-style--right=\"state.imageButtonRight\"\n\t\t\tdata-wp-style--top=\"state.imageButtonTop\"\n\t\t>\n\t\t\t<svg xmlns=\"http:\/\/www.w3.org\/2000\/svg\" width=\"12\" height=\"12\" fill=\"none\" viewBox=\"0 0 12 12\">\n\t\t\t\t<path fill=\"#fff\" d=\"M2 0a2 2 0 0 0-2 2v2h1.5V2a.5.5 0 0 1 .5-.5h2V0H2Zm2 10.5H2a.5.5 0 0 1-.5-.5V8H0v2a2 2 0 0 0 2 2h2v-1.5ZM8 12v-1.5h2a.5.5 0 0 0 .5-.5V8H12v2a2 2 0 0 1-2 2H8Zm2-12a2 2 0 0 1 2 2v2h-1.5V2a.5.5 0 0 0-.5-.5H8V0h2Z\" \/>\n\t\t\t<\/svg>\n\t\t<\/button><figcaption class=\"wp-element-caption\">Coat of arms of the Elector of Cologne and the city of Speyer, as well as the coat of arms of the city of Cologne<\/figcaption><\/figure>\n<\/figure>\n\n\n\n<h4 class=\"wp-block-heading\">The Mennicken Workshop: Masters of Raeren Stoneware<\/h4>\n\n\n\n<p><em>JAN BALDEMS MENNICKEN<\/em> operated (1589 &#8211; 1613) one of the most prestigious pottery workshops in Raeren during the late 16th century. It had established itself as a leading center for high-quality stoneware production. <br>The Mennicken family represented master potters who had developed sophisticated techniques for creating intricate relief decorations that transformed functional vessels into works of art. Jan Baldems is the third of Raeren&#8217;s most renowned potters and son and apprentice of Baldem Mennicken<\/p>\n\n\n\n<h4 class=\"wp-block-heading\">Heraldry: The Elector of Cologne<\/h4>\n\n\n\n<div class=\"wp-block-media-text is-stacked-on-mobile\"><figure class=\"wp-block-media-text__media\"><a href=\"https:\/\/www.rheinische-geschichte.lvr.de\/Orte-und-Raeume\/kurfuerstentum-koeln-\/DE-2086\/lido\/57d118e0651e25.73195779\" target=\"_blank\" rel=\" noreferrer noopener\"><img loading=\"lazy\" decoding=\"async\" width=\"974\" height=\"1024\" src=\"https:\/\/www.fayence-steinzeug-vogt.de\/wp-content\/uploads\/2025\/03\/wappen-kurfuerstentum-koeln-1530-974x1024.jpg\" alt=\"\" class=\"wp-image-13676 size-full\" srcset=\"https:\/\/www.fayence-steinzeug-vogt.de\/wp-content\/uploads\/2025\/03\/wappen-kurfuerstentum-koeln-1530-974x1024.jpg 974w, https:\/\/www.fayence-steinzeug-vogt.de\/wp-content\/uploads\/2025\/03\/wappen-kurfuerstentum-koeln-1530-285x300.jpg 285w, https:\/\/www.fayence-steinzeug-vogt.de\/wp-content\/uploads\/2025\/03\/wappen-kurfuerstentum-koeln-1530-768x807.jpg 768w, https:\/\/www.fayence-steinzeug-vogt.de\/wp-content\/uploads\/2025\/03\/wappen-kurfuerstentum-koeln-1530-1461x1536.jpg 1461w, https:\/\/www.fayence-steinzeug-vogt.de\/wp-content\/uploads\/2025\/03\/wappen-kurfuerstentum-koeln-1530.jpg 1600w\" sizes=\"(max-width: 974px) 100vw, 974px\" \/><\/a><\/figure><div class=\"wp-block-media-text__content\">\n<p style=\"font-size:15px\">Wappen des Kurf\u00fcrstentums K\u00f6ln seit circa 1530. Die vier Felder von links oben im Uhrzeigersinn stehen f\u00fcr das Rheinische Erzstift, Herzogtum Westfalen, Grafschaft Arnsberg, Herzogtum Engern. Das schwarze Kreuz auf wei\u00dfem (silbernem) Grund, bis zu diesem Zeitpunkt Wappen des ganzen Erzstifts und bis heute des Erzbistums, hier in der seit 1989 f\u00fcr das Erzbistum gebr\u00e4uchlichen Form. (Hansgeorg Molitor, Das Ezbistum K\u00f6ln im Zeitalter der Glaubensk\u00e4mpfe 1515-1688, K\u00f6ln 2008, S.70)<\/p>\n\n\n\n<p style=\"font-size:15px\">source: Frank Engel (Bonn\/G\u00f6ttingen) Portal Rheinische Geschichte<\/p>\n<\/div><\/div>\n\n\n\n<p>Above the coat of arms of the Electorate of Cologne since around 1530, featuring a quartered shield representing clockwise from top left represent the Archbishopric of the Rhine, the Duchy of Westphalia, the County of Arnsberg and the Duchy of Engern. <\/p>\n\n\n\n<figure data-wp-context=\"{&quot;imageId&quot;:&quot;69f0b76a05939&quot;}\" data-wp-interactive=\"core\/image\" data-wp-key=\"69f0b76a05939\" class=\"wp-block-image size-large wp-lightbox-container\"><img loading=\"lazy\" decoding=\"async\" width=\"1024\" height=\"638\" data-wp-class--hide=\"state.isContentHidden\" data-wp-class--show=\"state.isContentVisible\" data-wp-init=\"callbacks.setButtonStyles\" data-wp-on--click=\"actions.showLightbox\" data-wp-on--load=\"callbacks.setButtonStyles\" data-wp-on-window--resize=\"callbacks.setButtonStyles\" src=\"https:\/\/www.fayence-steinzeug-vogt.de\/wp-content\/uploads\/2025\/03\/Raeren-Stoneware-Jug-dated-1589-arms-detail-speyer-1024x638.jpg\" alt=\"\" class=\"wp-image-13617\" srcset=\"https:\/\/www.fayence-steinzeug-vogt.de\/wp-content\/uploads\/2025\/03\/Raeren-Stoneware-Jug-dated-1589-arms-detail-speyer-1024x638.jpg 1024w, https:\/\/www.fayence-steinzeug-vogt.de\/wp-content\/uploads\/2025\/03\/Raeren-Stoneware-Jug-dated-1589-arms-detail-speyer-300x187.jpg 300w, https:\/\/www.fayence-steinzeug-vogt.de\/wp-content\/uploads\/2025\/03\/Raeren-Stoneware-Jug-dated-1589-arms-detail-speyer-768x478.jpg 768w, https:\/\/www.fayence-steinzeug-vogt.de\/wp-content\/uploads\/2025\/03\/Raeren-Stoneware-Jug-dated-1589-arms-detail-speyer-1536x957.jpg 1536w, https:\/\/www.fayence-steinzeug-vogt.de\/wp-content\/uploads\/2025\/03\/Raeren-Stoneware-Jug-dated-1589-arms-detail-speyer.jpg 1920w\" sizes=\"(max-width: 1024px) 100vw, 1024px\" \/><button\n\t\t\tclass=\"lightbox-trigger\"\n\t\t\ttype=\"button\"\n\t\t\taria-haspopup=\"dialog\"\n\t\t\taria-label=\"Enlarge\"\n\t\t\tdata-wp-init=\"callbacks.initTriggerButton\"\n\t\t\tdata-wp-on--click=\"actions.showLightbox\"\n\t\t\tdata-wp-style--right=\"state.imageButtonRight\"\n\t\t\tdata-wp-style--top=\"state.imageButtonTop\"\n\t\t>\n\t\t\t<svg xmlns=\"http:\/\/www.w3.org\/2000\/svg\" width=\"12\" height=\"12\" fill=\"none\" viewBox=\"0 0 12 12\">\n\t\t\t\t<path fill=\"#fff\" d=\"M2 0a2 2 0 0 0-2 2v2h1.5V2a.5.5 0 0 1 .5-.5h2V0H2Zm2 10.5H2a.5.5 0 0 1-.5-.5V8H0v2a2 2 0 0 0 2 2h2v-1.5ZM8 12v-1.5h2a.5.5 0 0 0 .5-.5V8H12v2a2 2 0 0 1-2 2H8Zm2-12a2 2 0 0 1 2 2v2h-1.5V2a.5.5 0 0 0-.5-.5H8V0h2Z\" \/>\n\t\t\t<\/svg>\n\t\t<\/button><\/figure>\n\n\n\n<h4 class=\"wp-block-heading\">Heraldry: The Imperial City of Speyer<\/h4>\n\n\n\n<div class=\"wp-block-media-text is-stacked-on-mobile\" style=\"grid-template-columns:52% auto\"><figure class=\"wp-block-media-text__media\"><a href=\"https:\/\/www.deutschefotothek.de\/gallery\/encoded\/eJzjYBJS5eJMyc8uzU3NK0kV4slPylIwN7QwNTI1sZBidvRzUWIuycnWYgAAzukJzA\" target=\"_blank\" rel=\" noreferrer noopener\"><img loading=\"lazy\" decoding=\"async\" width=\"440\" height=\"600\" src=\"https:\/\/www.fayence-steinzeug-vogt.de\/wp-content\/uploads\/2025\/03\/wappen-kurfuerst-speyer-deutsche-fotothek.jpg\" alt=\"\" class=\"wp-image-13684 size-full\" srcset=\"https:\/\/www.fayence-steinzeug-vogt.de\/wp-content\/uploads\/2025\/03\/wappen-kurfuerst-speyer-deutsche-fotothek.jpg 440w, https:\/\/www.fayence-steinzeug-vogt.de\/wp-content\/uploads\/2025\/03\/wappen-kurfuerst-speyer-deutsche-fotothek-220x300.jpg 220w\" sizes=\"(max-width: 440px) 100vw, 440px\" \/><\/a><\/figure><div class=\"wp-block-media-text__content\">\n<p><\/p>\n\n\n\n<p>Wilking, Reinhold: Wappen der Stadt Speyer 1549: Aus: Sebastian M\u00fcnster, Cosmographia 1550, 1925<\/p>\n\n\n\n<p><a href=\"https:\/\/www.deutschefotothek.de\/documents\/obj\/71852548\">https:\/\/www.deutschefotothek.de\/documents\/obj\/71852548<\/a><br><br><em>\u00a9 Pfalzbibliothek Kaiserslautern \/ Wilking, Reinhold<br>Lizenz: Rechte vorbehalten &#8211; Freier Zugang.<\/em><\/p>\n<\/div><\/div>\n\n\n\n<p>Above the coat of arms of Speyer features a single central gate tower, representing the city&#8217;s status as an imperial free city. Though smaller than Cologne, Speyer held particular importance in the Holy Roman Empire as the seat of the Imperial Chamber Court (Reichskammergericht) from 1526 to 1688, making it a center of imperial justice and administration.<\/p>\n\n\n\n<figure data-wp-context=\"{&quot;imageId&quot;:&quot;69f0b76a05e3a&quot;}\" data-wp-interactive=\"core\/image\" data-wp-key=\"69f0b76a05e3a\" class=\"wp-block-image size-large wp-lightbox-container\"><img loading=\"lazy\" decoding=\"async\" width=\"1024\" height=\"569\" data-wp-class--hide=\"state.isContentHidden\" data-wp-class--show=\"state.isContentVisible\" data-wp-init=\"callbacks.setButtonStyles\" data-wp-on--click=\"actions.showLightbox\" data-wp-on--load=\"callbacks.setButtonStyles\" data-wp-on-window--resize=\"callbacks.setButtonStyles\" src=\"https:\/\/www.fayence-steinzeug-vogt.de\/wp-content\/uploads\/2025\/03\/raeren-stoneware-frieze-jug-mennicken-dated-1598-detail-1024x569.jpg\" alt=\"\" class=\"wp-image-13621\" srcset=\"https:\/\/www.fayence-steinzeug-vogt.de\/wp-content\/uploads\/2025\/03\/raeren-stoneware-frieze-jug-mennicken-dated-1598-detail-1024x569.jpg 1024w, https:\/\/www.fayence-steinzeug-vogt.de\/wp-content\/uploads\/2025\/03\/raeren-stoneware-frieze-jug-mennicken-dated-1598-detail-300x167.jpg 300w, https:\/\/www.fayence-steinzeug-vogt.de\/wp-content\/uploads\/2025\/03\/raeren-stoneware-frieze-jug-mennicken-dated-1598-detail-768x426.jpg 768w, https:\/\/www.fayence-steinzeug-vogt.de\/wp-content\/uploads\/2025\/03\/raeren-stoneware-frieze-jug-mennicken-dated-1598-detail-1536x853.jpg 1536w, https:\/\/www.fayence-steinzeug-vogt.de\/wp-content\/uploads\/2025\/03\/raeren-stoneware-frieze-jug-mennicken-dated-1598-detail.jpg 1920w\" sizes=\"(max-width: 1024px) 100vw, 1024px\" \/><button\n\t\t\tclass=\"lightbox-trigger\"\n\t\t\ttype=\"button\"\n\t\t\taria-haspopup=\"dialog\"\n\t\t\taria-label=\"Enlarge\"\n\t\t\tdata-wp-init=\"callbacks.initTriggerButton\"\n\t\t\tdata-wp-on--click=\"actions.showLightbox\"\n\t\t\tdata-wp-style--right=\"state.imageButtonRight\"\n\t\t\tdata-wp-style--top=\"state.imageButtonTop\"\n\t\t>\n\t\t\t<svg xmlns=\"http:\/\/www.w3.org\/2000\/svg\" width=\"12\" height=\"12\" fill=\"none\" viewBox=\"0 0 12 12\">\n\t\t\t\t<path fill=\"#fff\" d=\"M2 0a2 2 0 0 0-2 2v2h1.5V2a.5.5 0 0 1 .5-.5h2V0H2Zm2 10.5H2a.5.5 0 0 1-.5-.5V8H0v2a2 2 0 0 0 2 2h2v-1.5ZM8 12v-1.5h2a.5.5 0 0 0 .5-.5V8H12v2a2 2 0 0 1-2 2H8Zm2-12a2 2 0 0 1 2 2v2h-1.5V2a.5.5 0 0 0-.5-.5H8V0h2Z\" \/>\n\t\t\t<\/svg>\n\t\t<\/button><\/figure>\n\n\n\n<h4 class=\"wp-block-heading\">Heraldry: The Free Imperial City of Cologne<\/h4>\n\n\n\n<div class=\"wp-block-media-text is-stacked-on-mobile\"><figure class=\"wp-block-media-text__media\"><img loading=\"lazy\" decoding=\"async\" width=\"782\" height=\"931\" src=\"https:\/\/www.fayence-steinzeug-vogt.de\/wp-content\/uploads\/2025\/02\/Koelner_Wappen_mit_Loewe_und_Greif_als_Wappenhalter_1527.png\" alt=\"\" class=\"wp-image-13202 size-full\" srcset=\"https:\/\/www.fayence-steinzeug-vogt.de\/wp-content\/uploads\/2025\/02\/Koelner_Wappen_mit_Loewe_und_Greif_als_Wappenhalter_1527.png 782w, https:\/\/www.fayence-steinzeug-vogt.de\/wp-content\/uploads\/2025\/02\/Koelner_Wappen_mit_Loewe_und_Greif_als_Wappenhalter_1527-252x300.png 252w, https:\/\/www.fayence-steinzeug-vogt.de\/wp-content\/uploads\/2025\/02\/Koelner_Wappen_mit_Loewe_und_Greif_als_Wappenhalter_1527-768x914.png 768w\" sizes=\"(max-width: 782px) 100vw, 782px\" \/><\/figure><div class=\"wp-block-media-text__content\">\n<p>The coat of arms of Cologne displays the distinctive three crowns<\/p>\n\n\n\n<p>In 1475, Cologne was officially recognized as a Free Imperial City, a status that granted it significant autonomy within the Holy Roman Empire<\/p>\n\n\n\n<p>Cologne Coat of Arms 1527<\/p>\n\n\n\n<p>Source:&nbsp;<a href=\"https:\/\/de.wikipedia.org\/wiki\/K%C3%B6lner_Wappen#\/media\/Datei:K%C3%B6lner_Wappen_mit_L%C3%B6we_und_Greif_als_Wappenhalter_1527.png\">https:\/\/de.wikipedia.org\/wiki\/K%C3%B6lner_Wappen#\/media\/Datei:K%C3%B6lner_Wappen_mit_L%C3%B6we_und_Greif_als_Wappenhalter_1527.png<\/a><\/p>\n<\/div><\/div>\n\n\n\n<figure data-wp-context=\"{&quot;imageId&quot;:&quot;69f0b76a06376&quot;}\" data-wp-interactive=\"core\/image\" data-wp-key=\"69f0b76a06376\" class=\"wp-block-image size-large wp-lightbox-container\"><img loading=\"lazy\" decoding=\"async\" width=\"1024\" height=\"615\" data-wp-class--hide=\"state.isContentHidden\" data-wp-class--show=\"state.isContentVisible\" data-wp-init=\"callbacks.setButtonStyles\" data-wp-on--click=\"actions.showLightbox\" data-wp-on--load=\"callbacks.setButtonStyles\" data-wp-on-window--resize=\"callbacks.setButtonStyles\" src=\"https:\/\/www.fayence-steinzeug-vogt.de\/wp-content\/uploads\/2025\/03\/raeren-stoneware-frieze-jug-mennicken-dated-1598-detail-wappen-1024x615.jpg\" alt=\"\" class=\"wp-image-13611\" srcset=\"https:\/\/www.fayence-steinzeug-vogt.de\/wp-content\/uploads\/2025\/03\/raeren-stoneware-frieze-jug-mennicken-dated-1598-detail-wappen-1024x615.jpg 1024w, https:\/\/www.fayence-steinzeug-vogt.de\/wp-content\/uploads\/2025\/03\/raeren-stoneware-frieze-jug-mennicken-dated-1598-detail-wappen-300x180.jpg 300w, https:\/\/www.fayence-steinzeug-vogt.de\/wp-content\/uploads\/2025\/03\/raeren-stoneware-frieze-jug-mennicken-dated-1598-detail-wappen-768x461.jpg 768w, https:\/\/www.fayence-steinzeug-vogt.de\/wp-content\/uploads\/2025\/03\/raeren-stoneware-frieze-jug-mennicken-dated-1598-detail-wappen-1536x922.jpg 1536w, https:\/\/www.fayence-steinzeug-vogt.de\/wp-content\/uploads\/2025\/03\/raeren-stoneware-frieze-jug-mennicken-dated-1598-detail-wappen.jpg 1920w\" sizes=\"(max-width: 1024px) 100vw, 1024px\" \/><button\n\t\t\tclass=\"lightbox-trigger\"\n\t\t\ttype=\"button\"\n\t\t\taria-haspopup=\"dialog\"\n\t\t\taria-label=\"Enlarge\"\n\t\t\tdata-wp-init=\"callbacks.initTriggerButton\"\n\t\t\tdata-wp-on--click=\"actions.showLightbox\"\n\t\t\tdata-wp-style--right=\"state.imageButtonRight\"\n\t\t\tdata-wp-style--top=\"state.imageButtonTop\"\n\t\t>\n\t\t\t<svg xmlns=\"http:\/\/www.w3.org\/2000\/svg\" width=\"12\" height=\"12\" fill=\"none\" viewBox=\"0 0 12 12\">\n\t\t\t\t<path fill=\"#fff\" d=\"M2 0a2 2 0 0 0-2 2v2h1.5V2a.5.5 0 0 1 .5-.5h2V0H2Zm2 10.5H2a.5.5 0 0 1-.5-.5V8H0v2a2 2 0 0 0 2 2h2v-1.5ZM8 12v-1.5h2a.5.5 0 0 0 .5-.5V8H12v2a2 2 0 0 1-2 2H8Zm2-12a2 2 0 0 1 2 2v2h-1.5V2a.5.5 0 0 0-.5-.5H8V0h2Z\" \/>\n\t\t\t<\/svg>\n\t\t<\/button><\/figure>\n\n\n\n<h4 class=\"wp-block-heading\">Museum Reference Object <a href=\"https:\/\/www.britishmuseum.org\/collection\/\" target=\"_blank\" rel=\"noreferrer noopener\">Collection British Museum London<\/a><\/h4>\n\n\n\n<div class=\"wp-block-media-text is-stacked-on-mobile\"><figure class=\"wp-block-media-text__media\"><a href=\"https:\/\/www.britishmuseum.org\/collection\/image\/292551001\" target=\"_blank\" rel=\" noreferrer noopener\"><img loading=\"lazy\" decoding=\"async\" width=\"683\" height=\"1024\" src=\"https:\/\/www.fayence-steinzeug-vogt.de\/wp-content\/uploads\/2025\/03\/british-museum-raeren-stoneware-jug-dated-1598-683x1024.jpg\" alt=\"\" class=\"wp-image-13624 size-full\" srcset=\"https:\/\/www.fayence-steinzeug-vogt.de\/wp-content\/uploads\/2025\/03\/british-museum-raeren-stoneware-jug-dated-1598-683x1024.jpg 683w, https:\/\/www.fayence-steinzeug-vogt.de\/wp-content\/uploads\/2025\/03\/british-museum-raeren-stoneware-jug-dated-1598-200x300.jpg 200w, https:\/\/www.fayence-steinzeug-vogt.de\/wp-content\/uploads\/2025\/03\/british-museum-raeren-stoneware-jug-dated-1598-768x1152.jpg 768w, https:\/\/www.fayence-steinzeug-vogt.de\/wp-content\/uploads\/2025\/03\/british-museum-raeren-stoneware-jug-dated-1598-1024x1536.jpg 1024w, https:\/\/www.fayence-steinzeug-vogt.de\/wp-content\/uploads\/2025\/03\/british-museum-raeren-stoneware-jug-dated-1598-1366x2048.jpg 1366w, https:\/\/www.fayence-steinzeug-vogt.de\/wp-content\/uploads\/2025\/03\/british-museum-raeren-stoneware-jug-dated-1598.jpg 1667w\" sizes=\"(max-width: 683px) 100vw, 683px\" \/><\/a><\/figure><div class=\"wp-block-media-text__content\">\n<p>Stoneware jug with pewter lid and base mounts; brown salt-glaze; neck frieze &#8211; grotesque roundel-framed busts separated by chain and floral relief; shoulder decorated with roulette bands, 2 rows of stamped palmettes and bars; between frieze and shoulder rouletted floral scroll; lower body &#8211; radiating grooved bars; body frieze &#8211; medallion of Arms of K\u00f6ln and lions terminated by armorial medallions and serpent with acanthus scroll relief, below inscription.<\/p>\n\n\n\n<p>\u00a9 The Trustees of the British Museum <a href=\"https:\/\/www.britishmuseum.org\/collection\/image\/292551001\">https:\/\/www.britishmuseum.org\/collection\/image\/292551001<\/a><\/p>\n<\/div><\/div>\n\n\n\n<h4 class=\"wp-block-heading\">Museum Reference <a href=\"https:\/\/makk.de\/entdecken\/sammlungen\/online-collection\" target=\"_blank\" rel=\"noreferrer noopener\">Collection Museum f\u00fcr angewandte Kunst K\u00f6ln (MAKK)<\/a><\/h4>\n\n\n\n<div class=\"wp-block-media-text is-stacked-on-mobile\" style=\"grid-template-columns:56% auto\"><figure class=\"wp-block-media-text__media\"><img loading=\"lazy\" decoding=\"async\" width=\"748\" height=\"1024\" src=\"https:\/\/www.fayence-steinzeug-vogt.de\/wp-content\/uploads\/2025\/03\/01-Raeren-Wappen-Krug-Jan-Baldems-Mennicken-1598-748x1024.jpg\" alt=\"\" class=\"wp-image-13652 size-full\" srcset=\"https:\/\/www.fayence-steinzeug-vogt.de\/wp-content\/uploads\/2025\/03\/01-Raeren-Wappen-Krug-Jan-Baldems-Mennicken-1598-748x1024.jpg 748w, https:\/\/www.fayence-steinzeug-vogt.de\/wp-content\/uploads\/2025\/03\/01-Raeren-Wappen-Krug-Jan-Baldems-Mennicken-1598-219x300.jpg 219w, https:\/\/www.fayence-steinzeug-vogt.de\/wp-content\/uploads\/2025\/03\/01-Raeren-Wappen-Krug-Jan-Baldems-Mennicken-1598-768x1051.jpg 768w, https:\/\/www.fayence-steinzeug-vogt.de\/wp-content\/uploads\/2025\/03\/01-Raeren-Wappen-Krug-Jan-Baldems-Mennicken-1598-1122x1536.jpg 1122w, https:\/\/www.fayence-steinzeug-vogt.de\/wp-content\/uploads\/2025\/03\/01-Raeren-Wappen-Krug-Jan-Baldems-Mennicken-1598-1496x2048.jpg 1496w, https:\/\/www.fayence-steinzeug-vogt.de\/wp-content\/uploads\/2025\/03\/01-Raeren-Wappen-Krug-Jan-Baldems-Mennicken-1598-scaled.jpg 1870w\" sizes=\"(max-width: 748px) 100vw, 748px\" \/><\/figure><div class=\"wp-block-media-text__content\">\n<p>364 WAPPEN-KRUG FARB-TAF. IV<br><br>Braunes, salzglasiertes Steinzeug<br>RAEREN, Jan Baldems Mennicken, datiert 1598 H. 31 cm<\/p>\n\n\n\n<p>source: Gisela Reineking von Bock: Steinzeug. Kunstgewerbemuseum der Stadt K\u00f6ln. (today MAKK)<br>K\u00f6ln 1976<\/p>\n\n\n\n<p>Page 246 and Farbtafel IV<\/p>\n<\/div><\/div>\n\n\n\n<p><br>Text to the photo above (page 246): Auf dem zylinderf\u00f6rmigen Bauchfries zwischen reichem Ranken werk auf der Vorderseite im gro\u00dfen Rundfeld das Wappen der Stadt K\u00f6ln von zwei L\u00f6wen gehalten, links davon das Wappen des Kurf\u00fcrsten von K\u00f6ln und rechts davon das der Stadt Speyer. Als unterer Abschlu\u00df ein Inschriftenfries: DIT IS EINE KUNST, DIE KVMPT AVS GOTTES GVNST. WER DIE KUNST NOCH SO SCHON, SO MOSSEN SEI SICH GEFFEN ZV DEN DOT 1598. Am Hals zwischen Akanthusbl\u00e4ttern mit Rollwerk Mascarons und K\u00f6pfe in Ovalfeldern. (Gisela Reineking von Bock: Steinzeug. Kunstgewerbemuseum der Stadt K\u00f6ln 1976)<\/p>\n\n\n\n<h4 class=\"wp-block-heading\">Literature<\/h4>\n\n\n\n<div class=\"wp-block-media-text is-stacked-on-mobile\"><figure class=\"wp-block-media-text__media\"><img loading=\"lazy\" decoding=\"async\" width=\"375\" height=\"500\" src=\"https:\/\/www.fayence-steinzeug-vogt.de\/wp-content\/uploads\/2021\/02\/German-stoneware-1200-1900-David-Gaimster.jpg\" alt=\"German-stoneware-1200-1900-David-Gaimster.\" class=\"wp-image-6730 size-full\" srcset=\"https:\/\/www.fayence-steinzeug-vogt.de\/wp-content\/uploads\/2021\/02\/German-stoneware-1200-1900-David-Gaimster.jpg 375w, https:\/\/www.fayence-steinzeug-vogt.de\/wp-content\/uploads\/2021\/02\/German-stoneware-1200-1900-David-Gaimster-225x300.jpg 225w\" sizes=\"(max-width: 375px) 100vw, 375px\" \/><\/figure><div class=\"wp-block-media-text__content\">\n<p>German stoneware, 1200-1900 : archaeology and cultural history : containing a guide to the collections of the British Museum, Victoria &amp; Albert Museum, and Museum of London<\/p>\n\n\n\n<p>by&nbsp;Gaimster, David R. M<\/p>\n\n\n\n<p>Online access at Internet archive with this link:<\/p>\n\n\n\n<p><a href=\"https:\/\/archive.org\/details\/germanstoneware10000gaim\">https:\/\/archive.org\/details\/germanstoneware10000gaim<\/a><\/p>\n<\/div><\/div>\n\n\n\n<div class=\"wp-block-media-text is-stacked-on-mobile\"><figure class=\"wp-block-media-text__media\"><img loading=\"lazy\" decoding=\"async\" width=\"565\" height=\"784\" src=\"https:\/\/www.fayence-steinzeug-vogt.de\/wp-content\/uploads\/2015\/03\/Steinzeug.jpg\" alt=\"Gisela Reineking von Bock: Steinzeug. Kunstgewerbemuseum der Stadt K\u00f6ln. K\u00f6ln 1986.\" class=\"wp-image-643 size-full\" srcset=\"https:\/\/www.fayence-steinzeug-vogt.de\/wp-content\/uploads\/2015\/03\/Steinzeug.jpg 565w, https:\/\/www.fayence-steinzeug-vogt.de\/wp-content\/uploads\/2015\/03\/Steinzeug-216x300.jpg 216w\" sizes=\"(max-width: 565px) 100vw, 565px\" \/><\/figure><div class=\"wp-block-media-text__content\">\n<p>Gisela Reineking von Bock: Steinzeug. Kunstgewerbemuseum der Stadt K\u00f6ln. <br>K\u00f6ln 1976.<\/p>\n<\/div><\/div>\n\n\n\n<h4 class=\"wp-block-heading\">Related Articles<\/h4>\n\n\n\n<figure class=\"wp-block-embed is-type-wp-embed is-provider-peter-vogt-fayence-und-steinzeug-aus-vier-jahrhunderten wp-block-embed-peter-vogt-fayence-und-steinzeug-aus-vier-jahrhunderten\"><div class=\"wp-block-embed__wrapper\">\n<blockquote class=\"wp-embedded-content\" data-secret=\"ZEu5RjaBYB\"><a href=\"https:\/\/www.fayence-steinzeug-vogt.de\/en\/raerener-schnelle-jan-emens-1566\/\">Raerener Schnelle Jan Emens 1566<\/a><\/blockquote><iframe loading=\"lazy\" class=\"wp-embedded-content\" sandbox=\"allow-scripts\" security=\"restricted\" style=\"position: absolute; visibility: hidden;\" title=\"&#8220;Raerener Schnelle Jan Emens 1566&#8221; &#8212; Peter Vogt Fayence und Steinzeug aus vier Jahrhunderten\" src=\"https:\/\/www.fayence-steinzeug-vogt.de\/en\/raerener-schnelle-jan-emens-1566\/embed\/#?secret=NfaUFgire5#?secret=ZEu5RjaBYB\" data-secret=\"ZEu5RjaBYB\" width=\"500\" height=\"282\" frameborder=\"0\" marginwidth=\"0\" marginheight=\"0\" scrolling=\"no\"><\/iframe>\n<\/div><\/figure>\n\n\n\n<figure class=\"wp-block-embed is-type-wp-embed is-provider-peter-vogt-fayence-und-steinzeug-aus-vier-jahrhunderten wp-block-embed-peter-vogt-fayence-und-steinzeug-aus-vier-jahrhunderten\"><div class=\"wp-block-embed__wrapper\">\n<blockquote class=\"wp-embedded-content\" data-secret=\"n8mR0Stauo\"><a href=\"https:\/\/www.fayence-steinzeug-vogt.de\/en\/raeren-mittelfrieskrug-jan-emens-1586-datiert\/\">Raeren Mittelfrieskrug Jan Emens 1586 datiert<\/a><\/blockquote><iframe loading=\"lazy\" class=\"wp-embedded-content\" sandbox=\"allow-scripts\" security=\"restricted\" style=\"position: absolute; visibility: hidden;\" title=\"&#8220;Raeren Mittelfrieskrug Jan Emens 1586 datiert&#8221; &#8212; Peter Vogt Fayence und Steinzeug aus vier Jahrhunderten\" src=\"https:\/\/www.fayence-steinzeug-vogt.de\/en\/raeren-mittelfrieskrug-jan-emens-1586-datiert\/embed\/#?secret=BBPGLvc4i7#?secret=n8mR0Stauo\" data-secret=\"n8mR0Stauo\" width=\"500\" height=\"282\" frameborder=\"0\" marginwidth=\"0\" marginheight=\"0\" scrolling=\"no\"><\/iframe>\n<\/div><\/figure>\n\n\n\n<figure class=\"wp-block-embed is-type-wp-embed is-provider-peter-vogt-fayence-und-steinzeug-aus-vier-jahrhunderten wp-block-embed-peter-vogt-fayence-und-steinzeug-aus-vier-jahrhunderten\"><div class=\"wp-block-embed__wrapper\">\n<blockquote class=\"wp-embedded-content\" data-secret=\"CV78Ko8EO9\"><a href=\"https:\/\/www.fayence-steinzeug-vogt.de\/en\/16th-century-raeren-stoneware-schnelle\/\">16th Century Raeren Stoneware Schnelle<\/a><\/blockquote><iframe loading=\"lazy\" class=\"wp-embedded-content\" sandbox=\"allow-scripts\" security=\"restricted\" style=\"position: absolute; visibility: hidden;\" title=\"&#8220;16th Century Raeren Stoneware Schnelle&#8221; &#8212; Peter Vogt Fayence und Steinzeug aus vier Jahrhunderten\" src=\"https:\/\/www.fayence-steinzeug-vogt.de\/en\/16th-century-raeren-stoneware-schnelle\/embed\/#?secret=IpFoZfqUBN#?secret=CV78Ko8EO9\" data-secret=\"CV78Ko8EO9\" width=\"500\" height=\"282\" frameborder=\"0\" marginwidth=\"0\" marginheight=\"0\" scrolling=\"no\"><\/iframe>\n<\/div><\/figure>\n","protected":false},"excerpt":{"rendered":"<p>The 1598 Mennicken Jug as Witness to late 16th century Political Alliances of the Holy Roman Empire The Raeren stoneware frieze jug from 1598, crafted in Jan Baldems Mennicken&#8217;s workshop, represents a remarkable convergence of artistic craftsmanship and political symbolism. The elaborate heraldic decoration featuring the coats of arms of the Elector of Cologne, the [&hellip;]<\/p>\n","protected":false},"author":2,"featured_media":13606,"comment_status":"closed","ping_status":"open","sticky":false,"template":"","format":"standard","meta":{"footnotes":""},"categories":[28,33],"tags":[36,37,1286,1288],"class_list":["post-13536","post","type-post","status-publish","format-standard","has-post-thumbnail","hentry","category-european-ceramics","category-stoneware","tag-16-jahrhundert","tag-16th-century","tag-16th-century-art","tag-armorial"],"_links":{"self":[{"href":"https:\/\/www.fayence-steinzeug-vogt.de\/en\/wp-json\/wp\/v2\/posts\/13536","targetHints":{"allow":["GET"]}}],"collection":[{"href":"https:\/\/www.fayence-steinzeug-vogt.de\/en\/wp-json\/wp\/v2\/posts"}],"about":[{"href":"https:\/\/www.fayence-steinzeug-vogt.de\/en\/wp-json\/wp\/v2\/types\/post"}],"author":[{"embeddable":true,"href":"https:\/\/www.fayence-steinzeug-vogt.de\/en\/wp-json\/wp\/v2\/users\/2"}],"replies":[{"embeddable":true,"href":"https:\/\/www.fayence-steinzeug-vogt.de\/en\/wp-json\/wp\/v2\/comments?post=13536"}],"version-history":[{"count":54,"href":"https:\/\/www.fayence-steinzeug-vogt.de\/en\/wp-json\/wp\/v2\/posts\/13536\/revisions"}],"predecessor-version":[{"id":13692,"href":"https:\/\/www.fayence-steinzeug-vogt.de\/en\/wp-json\/wp\/v2\/posts\/13536\/revisions\/13692"}],"wp:featuredmedia":[{"embeddable":true,"href":"https:\/\/www.fayence-steinzeug-vogt.de\/en\/wp-json\/wp\/v2\/media\/13606"}],"wp:attachment":[{"href":"https:\/\/www.fayence-steinzeug-vogt.de\/en\/wp-json\/wp\/v2\/media?parent=13536"}],"wp:term":[{"taxonomy":"category","embeddable":true,"href":"https:\/\/www.fayence-steinzeug-vogt.de\/en\/wp-json\/wp\/v2\/categories?post=13536"},{"taxonomy":"post_tag","embeddable":true,"href":"https:\/\/www.fayence-steinzeug-vogt.de\/en\/wp-json\/wp\/v2\/tags?post=13536"}],"curies":[{"name":"wp","href":"https:\/\/api.w.org\/{rel}","templated":true}]}}