{"id":14889,"date":"2026-03-02T17:25:36","date_gmt":"2026-03-02T16:25:36","guid":{"rendered":"https:\/\/www.fayence-steinzeug-vogt.de\/de\/?p=14889"},"modified":"2026-03-19T10:04:26","modified_gmt":"2026-03-19T09:04:26","slug":"a-gmunden-faience-hunting-jug-dated-1762","status":"publish","type":"post","link":"https:\/\/www.fayence-steinzeug-vogt.de\/en\/a-gmunden-faience-hunting-jug-dated-1762\/","title":{"rendered":"Gmunden Faience Hunting Jug Dated 1762"},"content":{"rendered":"\n<h2 class=\"wp-block-heading\">Typology in the Context of the &#8220;Blaue Periode&#8221;<\/h2>\n\n\n\n<p>18th-century faience from Gmunden has its own distinctive characteristics. Katharina Marchgraber describes this impressively in her thesis dated 2008 (see literature below)<\/p>\n\n\n\n<figure class=\"wp-block-gallery has-nested-images columns-2 is-cropped wp-block-gallery-1 is-layout-flex wp-block-gallery-is-layout-flex\">\n<figure class=\"wp-block-image size-large\"><a href=\"https:\/\/www.fayence-steinzeug-vogt.de\/wp-content\/uploads\/2026\/01\/Gmunden-Fayence-Jagdkrug-1762-datiert-scaled.jpg\" target=\"_blank\" rel=\" noreferrer noopener\"><img loading=\"lazy\" decoding=\"async\" width=\"690\" height=\"1024\" data-id=\"14108\" src=\"https:\/\/www.fayence-steinzeug-vogt.de\/wp-content\/uploads\/2026\/01\/Gmunden-Fayence-Jagdkrug-1762-datiert-690x1024.jpg\" alt=\"Gmunden-Fayence-Jagdkrug-1762-datiert\" class=\"wp-image-14108\" srcset=\"https:\/\/www.fayence-steinzeug-vogt.de\/wp-content\/uploads\/2026\/01\/Gmunden-Fayence-Jagdkrug-1762-datiert-690x1024.jpg 690w, https:\/\/www.fayence-steinzeug-vogt.de\/wp-content\/uploads\/2026\/01\/Gmunden-Fayence-Jagdkrug-1762-datiert-202x300.jpg 202w, https:\/\/www.fayence-steinzeug-vogt.de\/wp-content\/uploads\/2026\/01\/Gmunden-Fayence-Jagdkrug-1762-datiert-768x1139.jpg 768w, https:\/\/www.fayence-steinzeug-vogt.de\/wp-content\/uploads\/2026\/01\/Gmunden-Fayence-Jagdkrug-1762-datiert-1036x1536.jpg 1036w, https:\/\/www.fayence-steinzeug-vogt.de\/wp-content\/uploads\/2026\/01\/Gmunden-Fayence-Jagdkrug-1762-datiert-1381x2048.jpg 1381w, https:\/\/www.fayence-steinzeug-vogt.de\/wp-content\/uploads\/2026\/01\/Gmunden-Fayence-Jagdkrug-1762-datiert-scaled.jpg 1726w\" sizes=\"(max-width: 690px) 100vw, 690px\" \/><\/a><figcaption class=\"wp-element-caption\">Gmunden Faience&nbsp;hunting tankard dated 1762, <\/figcaption><\/figure>\n\n\n\n<figure class=\"wp-block-image size-large\"><a href=\"https:\/\/www.fayence-steinzeug-vogt.de\/wp-content\/uploads\/2026\/03\/Gmunden-Faience-Hunting-Jug-dated-1762-scaled.jpg\" target=\"_blank\" rel=\" noreferrer noopener\"><img loading=\"lazy\" decoding=\"async\" width=\"683\" height=\"1024\" data-id=\"14892\" src=\"https:\/\/www.fayence-steinzeug-vogt.de\/wp-content\/uploads\/2026\/03\/Gmunden-Faience-Hunting-Jug-dated-1762-683x1024.jpg\" alt=\"Gmunden-Faience-Hunting-Jug-dated-1762\" class=\"wp-image-14892\" srcset=\"https:\/\/www.fayence-steinzeug-vogt.de\/wp-content\/uploads\/2026\/03\/Gmunden-Faience-Hunting-Jug-dated-1762-683x1024.jpg 683w, https:\/\/www.fayence-steinzeug-vogt.de\/wp-content\/uploads\/2026\/03\/Gmunden-Faience-Hunting-Jug-dated-1762-200x300.jpg 200w, https:\/\/www.fayence-steinzeug-vogt.de\/wp-content\/uploads\/2026\/03\/Gmunden-Faience-Hunting-Jug-dated-1762-768x1152.jpg 768w, https:\/\/www.fayence-steinzeug-vogt.de\/wp-content\/uploads\/2026\/03\/Gmunden-Faience-Hunting-Jug-dated-1762-1024x1536.jpg 1024w, https:\/\/www.fayence-steinzeug-vogt.de\/wp-content\/uploads\/2026\/03\/Gmunden-Faience-Hunting-Jug-dated-1762-1365x2048.jpg 1365w, https:\/\/www.fayence-steinzeug-vogt.de\/wp-content\/uploads\/2026\/03\/Gmunden-Faience-Hunting-Jug-dated-1762-scaled.jpg 1707w\" sizes=\"(max-width: 683px) 100vw, 683px\" \/><\/a><figcaption class=\"wp-element-caption\">hunter + stag in high-fired colours of  &#8220;blue period&#8221; H. 23 cm<\/figcaption><\/figure>\n<\/figure>\n\n\n\n<h4 class=\"wp-block-heading\">Characteristics of the &#8220;Blaue Periode&#8221;<\/h4>\n\n\n\n<p>Hunting iconography occupies a prominent place in the decorative repertoire of Gmunden faience. Depiction of hunters with hounds pursuing stag, hare, or other game were very popular.<\/p>\n\n\n\n<div class=\"wp-block-media-text is-stacked-on-mobile\" style=\"grid-template-columns:53% auto\"><figure class=\"wp-block-media-text__media\"><a href=\"https:\/\/www.fayence-steinzeug-vogt.de\/wp-content\/uploads\/2026\/03\/Gmunden-Faience-Hunting-Jug-dated-1762-detail-stag.jpg\" target=\"_blank\" rel=\" noreferrer noopener\"><img loading=\"lazy\" decoding=\"async\" width=\"1024\" height=\"921\" src=\"https:\/\/www.fayence-steinzeug-vogt.de\/wp-content\/uploads\/2026\/03\/Gmunden-Faience-Hunting-Jug-dated-1762-detail-stag-1024x921.jpg\" alt=\"\" class=\"wp-image-14901 size-full\" srcset=\"https:\/\/www.fayence-steinzeug-vogt.de\/wp-content\/uploads\/2026\/03\/Gmunden-Faience-Hunting-Jug-dated-1762-detail-stag-1024x921.jpg 1024w, https:\/\/www.fayence-steinzeug-vogt.de\/wp-content\/uploads\/2026\/03\/Gmunden-Faience-Hunting-Jug-dated-1762-detail-stag-300x270.jpg 300w, https:\/\/www.fayence-steinzeug-vogt.de\/wp-content\/uploads\/2026\/03\/Gmunden-Faience-Hunting-Jug-dated-1762-detail-stag-768x691.jpg 768w, https:\/\/www.fayence-steinzeug-vogt.de\/wp-content\/uploads\/2026\/03\/Gmunden-Faience-Hunting-Jug-dated-1762-detail-stag-1536x1382.jpg 1536w, https:\/\/www.fayence-steinzeug-vogt.de\/wp-content\/uploads\/2026\/03\/Gmunden-Faience-Hunting-Jug-dated-1762-detail-stag.jpg 1920w\" sizes=\"(max-width: 1024px) 100vw, 1024px\" \/><\/a><\/figure><div class=\"wp-block-media-text__content\">\n<p>With the dating 1762 the jug would be placed in the late &#8220;Blau-bunte Periode&#8221;<br>The predominant shape is that of the pear-shaped jug, the decoration framed with horizontal blue banding at base and shoulder. The handles of most jugs are shaped into a volute or spiral at their lower end. Coulour scheme of the &#8220;Blau-Bunte&#8221; Periode consists of cobalt blue, manganese violet-brown, copper green, and antimony yellow<\/p>\n<\/div><\/div>\n\n\n\n<p>Blue still performs a prominent structural role through the banding, while the figural composition is enlivened by yellow and green, with manganese for game and trees. Marchgraber&#8217;s thesis notes that the Gmunden workshops, unlike their aristocratically patronised counterparts in France and Germany, operated without royal or noble protection and were entirely dependent on the tastes of their &#8216;volksnahe&#8217; (people-close) clientele: boatmen, salt-traders, craftsmen, farmers, and the lower ranks of the urban bourgeoisie. This commercial autonomy produced an extraordinary vitality of local subject matter e.g. the landscape, the working trades and the Catholic devotional life gives Gmunden faience its aesthetic value.<\/p>\n\n\n\n<div class=\"wp-block-media-text is-stacked-on-mobile\" style=\"grid-template-columns:52% auto\"><figure class=\"wp-block-media-text__media\"><a href=\"https:\/\/www.fayence-steinzeug-vogt.de\/wp-content\/uploads\/2021\/01\/Gmundner-Paulusteller-Blaue-Periode-um-1760.jpg\" target=\"_blank\" rel=\" noreferrer noopener\"><img loading=\"lazy\" decoding=\"async\" width=\"640\" height=\"640\" src=\"https:\/\/www.fayence-steinzeug-vogt.de\/wp-content\/uploads\/2021\/01\/Gmundner-Paulusteller-Blaue-Periode-um-1760.jpg\" alt=\"18th century Gmunden Faience Plate with Paulus\" class=\"wp-image-6518 size-full\" srcset=\"https:\/\/www.fayence-steinzeug-vogt.de\/wp-content\/uploads\/2021\/01\/Gmundner-Paulusteller-Blaue-Periode-um-1760.jpg 640w, https:\/\/www.fayence-steinzeug-vogt.de\/wp-content\/uploads\/2021\/01\/Gmundner-Paulusteller-Blaue-Periode-um-1760-300x300.jpg 300w, https:\/\/www.fayence-steinzeug-vogt.de\/wp-content\/uploads\/2021\/01\/Gmundner-Paulusteller-Blaue-Periode-um-1760-150x150.jpg 150w\" sizes=\"(max-width: 640px) 100vw, 640px\" \/><\/a><\/figure><div class=\"wp-block-media-text__content\">\n<p>A Gmunden Faience Charger depicting the Catholic devotional life with the iconography of Saint Paul ca. 1760<\/p>\n\n\n\n<p><br>Gmundner Paulusteller aus der \u201eBlauen Periode\u201c um 1760, D. 35 cm <br>Collection Peter Vogt M\u00fcnchen<\/p>\n<\/div><\/div>\n\n\n\n<p>Gmunden, situated at the northern shore of the Traunsee in Upper Austria, occupies a singular position in the history of Central European ceramic art. Elevated to the status of a princely town (f\u00fcrstliche Stadt) by Emperor Frederick III in 1478, the community possessed exceptional preconditions for the sustained production of high-quality pottery: abundant clay deposits in the surrounding Salzkammergut, a navigable waterway for the shock-free transportation of fragile wares, and a flourishing salt trade that connected it commercially to the wider Habsburg lands. These structural advantages underpinned a ceramic tradition stretching from the mid-seventeenth to the mid-nineteenth century, producing a body of tin-glazed earthenware that is among the most distinctive in the Austrian folk-art canon.<\/p>\n\n\n\n<h4 class=\"wp-block-heading\">The Guild Ordinance and Workshop Organisation<\/h4>\n\n\n\n<p>The Gmunden potters formalised their associational life through a guild (Zunft or Handwerksinnung), which until 1625 operated under the  Welser Hafnerordnung of 1584. On 12 November 1625, the Gmunden town council confirmed a separate ordinance of twenty-five articles that regulated every aspect of craft life. Workshop ownership was intimately tied to real property. The Hafnerhaus \u2014 workshop and dwelling in one \u2014 passed within families through inheritance or marriage, generating craft dynasties of remarkable longevity. As Marchgraber notes, &#8216;certain potter families practised the trade for two to three hundred years,&#8217; a continuity that fostered both stylistic coherence and the transmission of craft secrets across generations. Of the five principal workshops active in Gmunden from the seventeenth century onwards, the longest-lived was the establishment in the Kueferzeil (later Esplanade 1, Seestadl), which passed through the hands of the Zwischlberger, Wetzlhoffer, Cammerpaur, Bergmayr, Kazbeckh, Prein, Stadler, Both, and ultimately Schleiss families before reinventing itself as the Gmundner Keramik Manufaktur in the early twentieth century.<\/p>\n\n\n\n<h4 class=\"wp-block-heading\"><a href=\"https:\/\/sammlung.volkskundemuseum.at\/topic\/view\/301321\" target=\"_blank\" rel=\"noreferrer noopener\">Museum Reference Object Museum f\u00fcr Volkskunde Wien<\/a><\/h4>\n\n\n\n<p>Das Volkskundemuseum in Wien holds one of the most culturally significant and extensive collections of Gmunden faience.<\/p>\n\n\n\n<div class=\"wp-block-media-text is-stacked-on-mobile\" style=\"grid-template-columns:44% auto\"><figure class=\"wp-block-media-text__media\"><a href=\"https:\/\/sammlung.volkskundemuseum.at\/sammlungen\/content\/titleinfo\/266592\" target=\"_blank\" rel=\" noreferrer noopener\"><img loading=\"lazy\" decoding=\"async\" width=\"504\" height=\"1022\" src=\"https:\/\/www.fayence-steinzeug-vogt.de\/wp-content\/uploads\/2026\/03\/Volkskundemuseum-Wien-Fayence-Gmunden.jpg\" alt=\"\" class=\"wp-image-14940 size-full\" srcset=\"https:\/\/www.fayence-steinzeug-vogt.de\/wp-content\/uploads\/2026\/03\/Volkskundemuseum-Wien-Fayence-Gmunden.jpg 504w, https:\/\/www.fayence-steinzeug-vogt.de\/wp-content\/uploads\/2026\/03\/Volkskundemuseum-Wien-Fayence-Gmunden-148x300.jpg 148w\" sizes=\"(max-width: 504px) 100vw, 504px\" \/><\/a><\/figure><div class=\"wp-block-media-text__content\">\n<p style=\"font-size:15px\">Birnf\u00f6rmiger Henkelkrug mit flachem Boden, ausgestelltem hohem Fu\u00df, ausbiegendem Hals, rundem geradem Rand und Bandhenkel mit eingerolltem Ende. 1. H\u00e4lfte 18. Jh<br>Wei\u00dfe Grundglasur, innen einfach aufgetragen, wobei der rosa Scherben durchscheint, au\u00dfen zweifach aufgetragen. Bemalung in allen Scharffeuerfarben vor allem in Blau. Dargestellt ist ein Kupferschmied mit Sch\u00fcrze und M\u00fctze, der auf dem Amboss einen Gegenstand mit dem Hammer bearbeitet, dar\u00fcber Inschrift in ungelenker Schrift. Daneben blau gefiederter Bl\u00fctenspross, \u00fcber und unter dem Bildfeld horizontal umlaufende blaue B\u00e4nder. Der Henkel ist quergestreift und seitlich davon gibt es breite Fl\u00e4chen mit blauem Wischdekor.<\/p>\n\n\n\n<p style=\"font-size:15px\">H: 18,2 cm H mit Deckel: 21 cm D Boden: 6,8 cm D Rand: 7,2 cm D max: 14 cm<\/p>\n\n\n\n<p class=\"has-small-font-size\">Volkskundemuseum Wien \/ Foto: Christa Knott&nbsp;<a href=\"https:\/\/creativecommons.org\/licenses\/by\/4.0\/\">CC BY 4.0<\/a><\/p>\n<\/div><\/div>\n\n\n\n<h4 class=\"wp-block-heading\">Museum Reference Object Victoria and Albert Museum London<\/h4>\n\n\n\n<div class=\"wp-block-media-text is-stacked-on-mobile\"><figure class=\"wp-block-media-text__media\"><a href=\"https:\/\/collections.vam.ac.uk\/item\/O337211\/jug-gmunden-pottery\/\" target=\"_blank\" rel=\" noreferrer noopener\"><img loading=\"lazy\" decoding=\"async\" width=\"768\" height=\"1024\" src=\"https:\/\/www.fayence-steinzeug-vogt.de\/wp-content\/uploads\/2026\/03\/va-Gmunden-faience-tankard-768x1024.jpg\" alt=\"\" class=\"wp-image-14930 size-full\" srcset=\"https:\/\/www.fayence-steinzeug-vogt.de\/wp-content\/uploads\/2026\/03\/va-Gmunden-faience-tankard-768x1024.jpg 768w, https:\/\/www.fayence-steinzeug-vogt.de\/wp-content\/uploads\/2026\/03\/va-Gmunden-faience-tankard-225x300.jpg 225w, https:\/\/www.fayence-steinzeug-vogt.de\/wp-content\/uploads\/2026\/03\/va-Gmunden-faience-tankard-1152x1536.jpg 1152w, https:\/\/www.fayence-steinzeug-vogt.de\/wp-content\/uploads\/2026\/03\/va-Gmunden-faience-tankard-1536x2048.jpg 1536w, https:\/\/www.fayence-steinzeug-vogt.de\/wp-content\/uploads\/2026\/03\/va-Gmunden-faience-tankard.jpg 1875w\" sizes=\"(max-width: 768px) 100vw, 768px\" \/><\/a><\/figure><div class=\"wp-block-media-text__content\">\n<p>Jug of tin-glazed earthenware painted in colours. With attached pewter lid. Austrian, Gmunden, about 1750-70.<br>Pear-shaped with a wide neck (without lip spout) and a loop handle. Painted in manganese, bluish green and yellow with a woman standing between two trees and holding a bundle on her head. At the top and bottom are borders of cresting in blue and the handle is barred with feathery scrolls above its lower termination. <br>Dimensions<br>Height: 26.4cm<br>Diameter: 12.4cm<br>\u00a9 Victoria and Albert Museum, London<br><a href=\"https:\/\/collections.vam.ac.uk\/item\/O337211\/jug-gmunden-pottery\/\">https:\/\/collections.vam.ac.uk\/item\/O337211\/jug-gmunden-pottery\/<\/a><\/p>\n<\/div><\/div>\n\n\n\n<h4 class=\"wp-block-heading\"><a href=\"https:\/\/www.haus-der-keramik.at\/\" target=\"_blank\" rel=\"noreferrer noopener\">Museum Haus der Keramik Gmunden<\/a><\/h4>\n\n\n\n<figure class=\"wp-block-gallery has-nested-images columns-default is-cropped wp-block-gallery-2 is-layout-flex wp-block-gallery-is-layout-flex\">\n<figure class=\"wp-block-image size-large\"><img loading=\"lazy\" decoding=\"async\" width=\"1024\" height=\"433\" data-id=\"14924\" src=\"https:\/\/www.fayence-steinzeug-vogt.de\/wp-content\/uploads\/2026\/03\/Haus-der-KERAMIK-Gmunden-1024x433.jpg\" alt=\"\" class=\"wp-image-14924\" srcset=\"https:\/\/www.fayence-steinzeug-vogt.de\/wp-content\/uploads\/2026\/03\/Haus-der-KERAMIK-Gmunden-1024x433.jpg 1024w, https:\/\/www.fayence-steinzeug-vogt.de\/wp-content\/uploads\/2026\/03\/Haus-der-KERAMIK-Gmunden-300x127.jpg 300w, https:\/\/www.fayence-steinzeug-vogt.de\/wp-content\/uploads\/2026\/03\/Haus-der-KERAMIK-Gmunden-768x325.jpg 768w, https:\/\/www.fayence-steinzeug-vogt.de\/wp-content\/uploads\/2026\/03\/Haus-der-KERAMIK-Gmunden-1536x650.jpg 1536w, https:\/\/www.fayence-steinzeug-vogt.de\/wp-content\/uploads\/2026\/03\/Haus-der-KERAMIK-Gmunden.jpg 2048w\" sizes=\"(max-width: 1024px) 100vw, 1024px\" \/><\/figure>\n<\/figure>\n\n\n\n<p>The House of Ceramics in Gmunden is a museum that celebrates the region\u2019s rich tradition of ceramic art. Its roots date back to 1492, when the stove-making trade in Gmunden was first mentioned in writing. Starting in the 17th century, the faience technique found its way into Upper Austria. Faience refers to vessels with a white glaze onto which patterns and images are applied in vibrant colors ranging from blue, green, and yellow to brown and violet. The idea for the exhibition of the presented objects stems from the initiative of collector Ernst Grabner. In addition to the estate of collector Franz H. K\u00f6nig-Hollerw\u00f6ger, this unique collection consists of exceptional pieces of Old Gmunden faience, which Ernst Grabner lovingly assembled over his more than 50 years of collecting.<\/p>\n\n\n\n<figure class=\"wp-block-image size-full\"><img loading=\"lazy\" decoding=\"async\" width=\"1024\" height=\"768\" src=\"https:\/\/www.fayence-steinzeug-vogt.de\/wp-content\/uploads\/2026\/03\/Haus-der-Keramik-Gmunden-Ernst-Grabner.jpg\" alt=\"\" class=\"wp-image-14926\" srcset=\"https:\/\/www.fayence-steinzeug-vogt.de\/wp-content\/uploads\/2026\/03\/Haus-der-Keramik-Gmunden-Ernst-Grabner.jpg 1024w, https:\/\/www.fayence-steinzeug-vogt.de\/wp-content\/uploads\/2026\/03\/Haus-der-Keramik-Gmunden-Ernst-Grabner-300x225.jpg 300w, https:\/\/www.fayence-steinzeug-vogt.de\/wp-content\/uploads\/2026\/03\/Haus-der-Keramik-Gmunden-Ernst-Grabner-768x576.jpg 768w\" sizes=\"(max-width: 1024px) 100vw, 1024px\" \/><\/figure>\n\n\n\n<h4 class=\"wp-block-heading\">Literature<\/h4>\n\n\n\n<div class=\"wp-block-media-text is-stacked-on-mobile\"><figure class=\"wp-block-media-text__media\"><a href=\"https:\/\/phaidra.univie.ac.at\/o:1250078\" target=\"_blank\" rel=\" noreferrer noopener\"><img loading=\"lazy\" decoding=\"async\" width=\"801\" height=\"671\" src=\"https:\/\/www.fayence-steinzeug-vogt.de\/wp-content\/uploads\/2026\/03\/katharina-marchgraber-diplomarbeit-gmundner-fayencen-wien-2008.jpg\" alt=\"\" class=\"wp-image-14897 size-full\" srcset=\"https:\/\/www.fayence-steinzeug-vogt.de\/wp-content\/uploads\/2026\/03\/katharina-marchgraber-diplomarbeit-gmundner-fayencen-wien-2008.jpg 801w, https:\/\/www.fayence-steinzeug-vogt.de\/wp-content\/uploads\/2026\/03\/katharina-marchgraber-diplomarbeit-gmundner-fayencen-wien-2008-300x251.jpg 300w, https:\/\/www.fayence-steinzeug-vogt.de\/wp-content\/uploads\/2026\/03\/katharina-marchgraber-diplomarbeit-gmundner-fayencen-wien-2008-768x643.jpg 768w\" sizes=\"(max-width: 801px) 100vw, 801px\" \/><\/a><\/figure><div class=\"wp-block-media-text__content\">\n<p><strong>Fr\u00fche Gmundner Fayence<\/strong><br><strong>bis zur Mitte des 19. Jahrhunderts<\/strong><br><strong>Katharina Marchgraber<br>Wien 2008<br><\/strong>Link zur Diplomarbeit:<br><a href=\"http:\/\/othes.univie.ac.at\/1098\/1\/2008-09-15_0002754.pdf\" target=\"_blank\" rel=\"noopener\">http:\/\/othes.univie.ac.at\/1098\/1\/2008-09-15_0002754.pdf<\/a><\/p>\n<\/div><\/div>\n\n\n\n<div class=\"wp-block-media-text is-stacked-on-mobile\"><figure class=\"wp-block-media-text__media\"><img loading=\"lazy\" decoding=\"async\" width=\"643\" height=\"744\" src=\"https:\/\/www.fayence-steinzeug-vogt.de\/wp-content\/uploads\/2021\/01\/F-H-Koenig-Alt-Gmundner-Fayencen-eine-Handwerkskunst-aus-dem-Salzkammergut-17-19-Jahrhundert.jpg\" alt=\"\" class=\"wp-image-6539 size-full\" srcset=\"https:\/\/www.fayence-steinzeug-vogt.de\/wp-content\/uploads\/2021\/01\/F-H-Koenig-Alt-Gmundner-Fayencen-eine-Handwerkskunst-aus-dem-Salzkammergut-17-19-Jahrhundert.jpg 643w, https:\/\/www.fayence-steinzeug-vogt.de\/wp-content\/uploads\/2021\/01\/F-H-Koenig-Alt-Gmundner-Fayencen-eine-Handwerkskunst-aus-dem-Salzkammergut-17-19-Jahrhundert-259x300.jpg 259w\" sizes=\"(max-width: 643px) 100vw, 643px\" \/><\/figure><div class=\"wp-block-media-text__content\">\n<p>K\u00f6nig, F. H.<\/p>\n\n\n\n<p>Alt-Gmundner Fayencen.<br>Eine Handwerkskunst aus dem Salzkammergut (17.-19.Jhd.).<\/p>\n\n\n\n<p>Linz, Verlag J. Wimmer<\/p>\n\n\n\n<p>Erschienen: 1964.<\/p>\n<\/div><\/div>\n\n\n\n<div class=\"wp-block-media-text is-stacked-on-mobile\"><figure class=\"wp-block-media-text__media\"><img loading=\"lazy\" decoding=\"async\" width=\"382\" height=\"500\" src=\"https:\/\/www.fayence-steinzeug-vogt.de\/wp-content\/uploads\/2020\/02\/Blaue-Welle-Grune-Flamme-Salzburger-Gmundner-Fayencen-Sammlung-Carolino-augusteum-1999.jpg\" alt=\"\" class=\"wp-image-5848 size-full\" srcset=\"https:\/\/www.fayence-steinzeug-vogt.de\/wp-content\/uploads\/2020\/02\/Blaue-Welle-Grune-Flamme-Salzburger-Gmundner-Fayencen-Sammlung-Carolino-augusteum-1999.jpg 382w, https:\/\/www.fayence-steinzeug-vogt.de\/wp-content\/uploads\/2020\/02\/Blaue-Welle-Grune-Flamme-Salzburger-Gmundner-Fayencen-Sammlung-Carolino-augusteum-1999-229x300.jpg 229w\" sizes=\"(max-width: 382px) 100vw, 382px\" \/><\/figure><div class=\"wp-block-media-text__content\">\n<p>Svoboda, Christa. Blaue Welle \u2013 Gr\u00fcne Flamme: Salzburger und Gmundner Fayencen 17. bis 19. Jahrhundert. Aus der Sammlung des Carolino Augusteum. Salzburg: Salzburger Museum Carolino Augusteum, 1999.<\/p>\n<\/div><\/div>\n\n\n\n<h4 class=\"wp-block-heading\">Further readings <\/h4>\n\n\n\n<div class=\"wp-block-media-text is-stacked-on-mobile\"><figure class=\"wp-block-media-text__media\"><img loading=\"lazy\" decoding=\"async\" width=\"494\" height=\"639\" src=\"https:\/\/www.fayence-steinzeug-vogt.de\/wp-content\/uploads\/2026\/03\/Walcher-von-Molthein-Hafnerkeramik-Renaissance.jpg\" alt=\"\" class=\"wp-image-14952 size-full\" srcset=\"https:\/\/www.fayence-steinzeug-vogt.de\/wp-content\/uploads\/2026\/03\/Walcher-von-Molthein-Hafnerkeramik-Renaissance.jpg 494w, https:\/\/www.fayence-steinzeug-vogt.de\/wp-content\/uploads\/2026\/03\/Walcher-von-Molthein-Hafnerkeramik-Renaissance-232x300.jpg 232w\" sizes=\"(max-width: 494px) 100vw, 494px\" \/><\/figure><div class=\"wp-block-media-text__content\">\n<p>Walcher von Molthein, Alfred. Bunte Hafnerkeramik der Renaissance<br>in den \u00f6sterreichischen L\u00e4ndern \u00d6sterreich ob der Enns und Salzburg; unter besonderer Ber\u00fccksichtigung ihrer Beziehungen zu den gleichzeitigen Arbeiten der N\u00fcrnberger Hafner<br>Wien 1906<\/p>\n\n\n\n<p><a href=\"http:\/\/digital.slub-dresden.de\/id289194660\">http:\/\/digital.slub-dresden.de\/id289194660<\/a><\/p>\n\n\n\n<p>S. 41ff<br><a href=\"http:\/\/digital.slub-dresden.de\/id289194660\/76\">http:\/\/digital.slub-dresden.de\/id289194660\/76<\/a><\/p>\n<\/div><\/div>\n\n\n\n<h4 class=\"wp-block-heading\">Related Articles<\/h4>\n\n\n\n<figure class=\"wp-block-embed is-type-wp-embed is-provider-peter-vogt-fayence-und-steinzeug-aus-vier-jahrhunderten wp-block-embed-peter-vogt-fayence-und-steinzeug-aus-vier-jahrhunderten\"><div class=\"wp-block-embed__wrapper\">\n<blockquote class=\"wp-embedded-content\" data-secret=\"p0DSraPNkc\"><a href=\"https:\/\/www.fayence-steinzeug-vogt.de\/en\/gmundener-hochzeitskanne-1764-datiert\/\">Gmundener Hochzeitskanne 1764 datiert<\/a><\/blockquote><iframe loading=\"lazy\" class=\"wp-embedded-content\" sandbox=\"allow-scripts\" security=\"restricted\" style=\"position: absolute; visibility: hidden;\" title=\"&#8220;Gmundener Hochzeitskanne 1764 datiert&#8221; &#8212; Peter Vogt Fayence und Steinzeug aus vier Jahrhunderten\" src=\"https:\/\/www.fayence-steinzeug-vogt.de\/en\/gmundener-hochzeitskanne-1764-datiert\/embed\/#?secret=BIeIK26y8M#?secret=p0DSraPNkc\" data-secret=\"p0DSraPNkc\" width=\"500\" height=\"282\" frameborder=\"0\" marginwidth=\"0\" marginheight=\"0\" scrolling=\"no\"><\/iframe>\n<\/div><\/figure>\n\n\n\n<figure class=\"wp-block-embed is-type-wp-embed is-provider-peter-vogt-fayence-und-steinzeug-aus-vier-jahrhunderten wp-block-embed-peter-vogt-fayence-und-steinzeug-aus-vier-jahrhunderten\"><div class=\"wp-block-embed__wrapper\">\n<blockquote class=\"wp-embedded-content\" data-secret=\"qARmXPwLn0\"><a href=\"https:\/\/www.fayence-steinzeug-vogt.de\/en\/gmundner-zunftkrug-1842-datiert\/\">Gmundner Zunftkrug 1842 datiert<\/a><\/blockquote><iframe loading=\"lazy\" class=\"wp-embedded-content\" sandbox=\"allow-scripts\" security=\"restricted\" style=\"position: absolute; visibility: hidden;\" title=\"&#8220;Gmundner Zunftkrug 1842 datiert&#8221; &#8212; Peter Vogt Fayence und Steinzeug aus vier Jahrhunderten\" src=\"https:\/\/www.fayence-steinzeug-vogt.de\/en\/gmundner-zunftkrug-1842-datiert\/embed\/#?secret=WO96WBu0C5#?secret=qARmXPwLn0\" data-secret=\"qARmXPwLn0\" width=\"500\" height=\"282\" frameborder=\"0\" marginwidth=\"0\" marginheight=\"0\" scrolling=\"no\"><\/iframe>\n<\/div><\/figure>\n\n\n\n<figure class=\"wp-block-embed is-type-wp-embed is-provider-peter-vogt-fayence-und-steinzeug-aus-vier-jahrhunderten wp-block-embed-peter-vogt-fayence-und-steinzeug-aus-vier-jahrhunderten\"><div class=\"wp-block-embed__wrapper\">\n<blockquote class=\"wp-embedded-content\" data-secret=\"IBEREuMKs9\"><a href=\"https:\/\/www.fayence-steinzeug-vogt.de\/en\/fayence-aus-gmunden-um-1800\/\">Fayence aus Gmunden um 1800<\/a><\/blockquote><iframe loading=\"lazy\" class=\"wp-embedded-content\" sandbox=\"allow-scripts\" security=\"restricted\" style=\"position: absolute; visibility: hidden;\" title=\"&#8220;Fayence aus Gmunden um 1800&#8221; &#8212; Peter Vogt Fayence und Steinzeug aus vier Jahrhunderten\" src=\"https:\/\/www.fayence-steinzeug-vogt.de\/en\/fayence-aus-gmunden-um-1800\/embed\/#?secret=F6oGFz4O1z#?secret=IBEREuMKs9\" data-secret=\"IBEREuMKs9\" width=\"500\" height=\"282\" frameborder=\"0\" marginwidth=\"0\" marginheight=\"0\" scrolling=\"no\"><\/iframe>\n<\/div><\/figure>\n","protected":false},"excerpt":{"rendered":"<p>Typology in the Context of the &#8220;Blaue Periode&#8221; 18th-century faience from Gmunden has its own distinctive characteristics. Katharina Marchgraber describes this impressively in her thesis dated 2008 (see literature below) Gmunden Faience&nbsp;hunting tankard dated 1762, hunter + stag in high-fired colours of &#8220;blue period&#8221; H. 23 cm Characteristics of the &#8220;Blaue Periode&#8221; Hunting iconography occupies [&hellip;]<\/p>\n","protected":false},"author":2,"featured_media":14894,"comment_status":"closed","ping_status":"closed","sticky":false,"template":"","format":"standard","meta":{"footnotes":""},"categories":[28,31,30],"tags":[42,244,302,327,523,1289],"class_list":["post-14889","post","type-post","status-publish","format-standard","has-post-thumbnail","hentry","category-european-ceramics","category-faience","category-expert-knowledge","tag-18-jhd","tag-gmunden","tag-jagdkrug","tag-katharina-marchgraber","tag-scharffeuerfarben","tag-18th-century-art"],"_links":{"self":[{"href":"https:\/\/www.fayence-steinzeug-vogt.de\/en\/wp-json\/wp\/v2\/posts\/14889","targetHints":{"allow":["GET"]}}],"collection":[{"href":"https:\/\/www.fayence-steinzeug-vogt.de\/en\/wp-json\/wp\/v2\/posts"}],"about":[{"href":"https:\/\/www.fayence-steinzeug-vogt.de\/en\/wp-json\/wp\/v2\/types\/post"}],"author":[{"embeddable":true,"href":"https:\/\/www.fayence-steinzeug-vogt.de\/en\/wp-json\/wp\/v2\/users\/2"}],"replies":[{"embeddable":true,"href":"https:\/\/www.fayence-steinzeug-vogt.de\/en\/wp-json\/wp\/v2\/comments?post=14889"}],"version-history":[{"count":59,"href":"https:\/\/www.fayence-steinzeug-vogt.de\/en\/wp-json\/wp\/v2\/posts\/14889\/revisions"}],"predecessor-version":[{"id":14961,"href":"https:\/\/www.fayence-steinzeug-vogt.de\/en\/wp-json\/wp\/v2\/posts\/14889\/revisions\/14961"}],"wp:featuredmedia":[{"embeddable":true,"href":"https:\/\/www.fayence-steinzeug-vogt.de\/en\/wp-json\/wp\/v2\/media\/14894"}],"wp:attachment":[{"href":"https:\/\/www.fayence-steinzeug-vogt.de\/en\/wp-json\/wp\/v2\/media?parent=14889"}],"wp:term":[{"taxonomy":"category","embeddable":true,"href":"https:\/\/www.fayence-steinzeug-vogt.de\/en\/wp-json\/wp\/v2\/categories?post=14889"},{"taxonomy":"post_tag","embeddable":true,"href":"https:\/\/www.fayence-steinzeug-vogt.de\/en\/wp-json\/wp\/v2\/tags?post=14889"}],"curies":[{"name":"wp","href":"https:\/\/api.w.org\/{rel}","templated":true}]}}