{"id":2501,"date":"2022-11-19T13:15:00","date_gmt":"2022-11-19T12:15:00","guid":{"rendered":"http:\/\/www.fayence-steinzeug-vogt.de\/?p=2501"},"modified":"2023-03-02T22:59:58","modified_gmt":"2023-03-02T21:59:58","slug":"westerwaelder-steinzeug","status":"publish","type":"post","link":"https:\/\/www.fayence-steinzeug-vogt.de\/en\/westerwaelder-steinzeug\/","title":{"rendered":"Westerw\u00e4lder Steinzeug"},"content":{"rendered":"\n<h4 class=\"wp-block-heading\"><b>Westerw\u00e4lder Steinzeug<\/b> ist eine <a title=\"Keramik\" href=\"https:\/\/de.wikipedia.org\/wiki\/Keramik\">keramische<\/a> Warenart, die in der <a title=\"Fr\u00fche Neuzeit\" href=\"https:\/\/de.wikipedia.org\/wiki\/Fr%C3%BChe_Neuzeit\">fr\u00fchen Neuzeit<\/a> im unteren <a title=\"Westerwald\" href=\"https:\/\/de.wikipedia.org\/wiki\/Westerwald\">Westerwald<\/a> und im <a title=\"Kannenb\u00e4ckerland\" href=\"https:\/\/de.wikipedia.org\/wiki\/Kannenb%C3%A4ckerland\">Kannenb\u00e4ckerland<\/a> produziert wurde. Unabh\u00e4ngig von der Provenienz wird der Ausdruck auch allgemein f\u00fcr blau-graues <a title=\"Steinzeug\" href=\"https:\/\/de.wikipedia.org\/wiki\/Steinzeug\">Steinzeug<\/a> verwendet.<\/h4>\n\n\n\n<p>Das<strong> Westerw\u00e4lder Steinzeug wurde ab dem 17. Jahrhundert in gro\u00dfen Mengen in ganz Europa gehandelt und gilt neben ihrer kunstgeschichtlichen Bedeutung als wichtiger Marker bei der Datierung von neuzeitlichen arch\u00e4ologischen Fundstellen<\/strong>.<br>Sie ist <strong>ab etwa 1650 eine der dominierenden Warenarten unter dem <a title=\"Deutsches Steinzeug\" href=\"https:\/\/de.wikipedia.org\/wiki\/Deutsches_Steinzeug\">Deutschen Steinzeug<\/a><\/strong> und wird bis heute hergestellt.<br>Die <strong>bedeutendsten T\u00f6pferorte des Westerwaldes waren H\u00f6hr, Grenzhausen und Grenzau im Kannenb\u00e4ckerland<\/strong>. Diese drei Orte geh\u00f6ren heute zur <a title=\"Verbandsgemeinde H\u00f6hr-Grenzhausen\" href=\"https:\/\/de.wikipedia.org\/wiki\/Verbandsgemeinde_H%C3%B6hr-Grenzhausen\">Verbandsgemeinde H\u00f6hr-Grenzhausen<\/a> und liegen nur wenige Kilometer voneinander entfernt.<br><strong>Um 1600 geh\u00f6rten diese Orte jedoch unterschiedlichen Landesherren<\/strong>. H\u00f6hr war gemeinsamer Besitz der <a title=\"Grafschaft Sayn\" href=\"https:\/\/de.wikipedia.org\/wiki\/Grafschaft_Sayn\">Grafen zu Sayn-Wittgenstein<\/a> und der <a title=\"Kurtrier\" href=\"https:\/\/de.wikipedia.org\/wiki\/Kurtrier\">Trierer Kurf\u00fcrsten<\/a>, Grenzhausen war Teil der <a class=\"mw-redirect\" title=\"Grafschaft Wied\" href=\"https:\/\/de.wikipedia.org\/wiki\/Grafschaft_Wied\">Grafschaft Wied<\/a> w\u00e4hrend Grenzau zur <a title=\"Isenburg (Adelsgeschlecht)\" href=\"https:\/\/de.wikipedia.org\/wiki\/Isenburg_%28Adelsgeschlecht%29\">Grafschaft Isenburg<\/a> z\u00e4hlte.<br><strong>Wirtschaftlichen Aufschwung erlebte die Westerw\u00e4lder Steinzeugproduktion um 1590 durch den Zuzug f\u00fchrender T\u00f6pfermeister aus den T\u00f6pfereizentren <a title=\"Raeren\" href=\"https:\/\/de.wikipedia.org\/wiki\/Raeren\">Raeren<\/a> und <a title=\"Siegburg\" href=\"https:\/\/de.wikipedia.org\/wiki\/Siegburg\">Siegburg<\/a>.<\/strong><\/p>\n\n\n\n<p>Quelle: <a href=\"https:\/\/de.wikipedia.org\/wiki\/Westerw%C3%A4lder_Steinzeug\" target=\"_blank\" rel=\"noopener noreferrer\">Wikipedia<\/a><\/p>\n\n\n\n<h3 class=\"wp-block-heading\"><strong>Referenzobjekte Peter Vogt M\u00fcnchen<\/strong><\/h3>\n\n\n\n<figure class=\"wp-block-gallery has-nested-images columns-2 is-cropped wp-block-gallery-1 is-layout-flex wp-block-gallery-is-layout-flex\">\n<figure class=\"wp-block-image size-large\"><img loading=\"lazy\" decoding=\"async\" width=\"1024\" height=\"1304\" data-id=\"2309\" src=\"https:\/\/stage.fayence-steinzeug-vogt.de\/wp-content\/uploads\/2016\/09\/Westerwalder-Mittelfrieskrug-um-1620.jpg\" alt=\"Rare 17th century saltglazed-stoneware westerwald mittelfrieskrug ca 1620\" class=\"wp-image-2309\" srcset=\"https:\/\/www.fayence-steinzeug-vogt.de\/wp-content\/uploads\/2016\/09\/Westerwalder-Mittelfrieskrug-um-1620.jpg 1024w, https:\/\/www.fayence-steinzeug-vogt.de\/wp-content\/uploads\/2016\/09\/Westerwalder-Mittelfrieskrug-um-1620-236x300.jpg 236w, https:\/\/www.fayence-steinzeug-vogt.de\/wp-content\/uploads\/2016\/09\/Westerwalder-Mittelfrieskrug-um-1620-804x1024.jpg 804w, https:\/\/www.fayence-steinzeug-vogt.de\/wp-content\/uploads\/2016\/09\/Westerwalder-Mittelfrieskrug-um-1620-768x978.jpg 768w\" sizes=\"(max-width: 1024px) 100vw, 1024px\" \/><figcaption>Westerw\u00e4lder Mittelfrieskrug-um-1620 Musketiere H. 26 cm<\/figcaption><\/figure>\n\n\n\n<figure class=\"wp-block-image size-large\"><img loading=\"lazy\" decoding=\"async\" width=\"1024\" height=\"1398\" data-id=\"1940\" src=\"https:\/\/stage.fayence-steinzeug-vogt.de\/wp-content\/uploads\/2016\/04\/Westerwalder-Stegkanne.jpg\" alt=\"Rare 16th century Raeren Saltglazed stoneware Jug Jan Emens dated 1991\" class=\"wp-image-1940\" srcset=\"https:\/\/www.fayence-steinzeug-vogt.de\/wp-content\/uploads\/2016\/04\/Westerwalder-Stegkanne.jpg 1024w, https:\/\/www.fayence-steinzeug-vogt.de\/wp-content\/uploads\/2016\/04\/Westerwalder-Stegkanne-220x300.jpg 220w, https:\/\/www.fayence-steinzeug-vogt.de\/wp-content\/uploads\/2016\/04\/Westerwalder-Stegkanne-750x1024.jpg 750w, https:\/\/www.fayence-steinzeug-vogt.de\/wp-content\/uploads\/2016\/04\/Westerwalder-Stegkanne-768x1049.jpg 768w\" sizes=\"(max-width: 1024px) 100vw, 1024px\" \/><figcaption>Raerener Stegkanne 1591 datiert, T\u00f6pfermeister Jan Emens Mennicken, H. 25 cm<\/figcaption><\/figure>\n\n\n\n<figure class=\"wp-block-image size-large\"><img loading=\"lazy\" decoding=\"async\" width=\"640\" height=\"960\" data-id=\"6789\" src=\"https:\/\/stage.fayence-steinzeug-vogt.de\/wp-content\/uploads\/2021\/02\/Westerwald-Mittelfrieskrug-ca.1600.jpg\" alt=\"Westerwald saltglazed stoneware Middle Frieze Jug 16th century\" class=\"wp-image-6789\" srcset=\"https:\/\/www.fayence-steinzeug-vogt.de\/wp-content\/uploads\/2021\/02\/Westerwald-Mittelfrieskrug-ca.1600.jpg 640w, https:\/\/www.fayence-steinzeug-vogt.de\/wp-content\/uploads\/2021\/02\/Westerwald-Mittelfrieskrug-ca.1600-200x300.jpg 200w\" sizes=\"(max-width: 640px) 100vw, 640px\" \/><figcaption>Westerw\u00e4lder Mittelfrieskrug um 1600, mit Reliefauflagen und Spr\u00fcchen verziert, H. 33 cm<\/figcaption><\/figure>\n\n\n\n<figure class=\"wp-block-image size-large\"><img loading=\"lazy\" decoding=\"async\" width=\"640\" height=\"960\" data-id=\"6790\" src=\"https:\/\/stage.fayence-steinzeug-vogt.de\/wp-content\/uploads\/2021\/02\/Westerwald-Mittelfrieskrug-um-1600.jpg\" alt=\"Westerwald saltglazed stoneware Middle Frieze Jug 16th century\" class=\"wp-image-6790\" srcset=\"https:\/\/www.fayence-steinzeug-vogt.de\/wp-content\/uploads\/2021\/02\/Westerwald-Mittelfrieskrug-um-1600.jpg 640w, https:\/\/www.fayence-steinzeug-vogt.de\/wp-content\/uploads\/2021\/02\/Westerwald-Mittelfrieskrug-um-1600-200x300.jpg 200w\" sizes=\"(max-width: 640px) 100vw, 640px\" \/><figcaption>Westerw\u00e4lder Mittelfrieskrug um 1600, mit Reliefauflagen verziert, H. 31 cm<\/figcaption><\/figure>\n\n\n\n<figure class=\"wp-block-image size-large\"><img loading=\"lazy\" decoding=\"async\" width=\"1080\" height=\"1440\" data-id=\"8191\" src=\"https:\/\/stage.fayence-steinzeug-vogt.de\/wp-content\/uploads\/2022\/06\/17.-Jh.-Westerwald-Mittelfries-Soldaten-Krug.jpg\" alt=\"17. Jh. Westerwald Mittelfries Musketiere Krug\" class=\"wp-image-8191\" srcset=\"https:\/\/www.fayence-steinzeug-vogt.de\/wp-content\/uploads\/2022\/06\/17.-Jh.-Westerwald-Mittelfries-Soldaten-Krug.jpg 1080w, https:\/\/www.fayence-steinzeug-vogt.de\/wp-content\/uploads\/2022\/06\/17.-Jh.-Westerwald-Mittelfries-Soldaten-Krug-225x300.jpg 225w, https:\/\/www.fayence-steinzeug-vogt.de\/wp-content\/uploads\/2022\/06\/17.-Jh.-Westerwald-Mittelfries-Soldaten-Krug-768x1024.jpg 768w\" sizes=\"(max-width: 1080px) 100vw, 1080px\" \/><figcaption>Westerw\u00e4lder Mittelfries Krug mit Darstellung der Musketiere um 1620, H. 26 cm<\/figcaption><\/figure>\n\n\n\n<figure class=\"wp-block-image size-large\"><img loading=\"lazy\" decoding=\"async\" width=\"963\" height=\"1445\" data-id=\"8190\" src=\"https:\/\/stage.fayence-steinzeug-vogt.de\/wp-content\/uploads\/2022\/06\/17.-Jh.-Westerwald-Mittelfries-Judith-Krug.jpg\" alt=\"17. Jh. Westerwald Mittelfries Judith Krug\" class=\"wp-image-8190\" srcset=\"https:\/\/www.fayence-steinzeug-vogt.de\/wp-content\/uploads\/2022\/06\/17.-Jh.-Westerwald-Mittelfries-Judith-Krug.jpg 963w, https:\/\/www.fayence-steinzeug-vogt.de\/wp-content\/uploads\/2022\/06\/17.-Jh.-Westerwald-Mittelfries-Judith-Krug-200x300.jpg 200w, https:\/\/www.fayence-steinzeug-vogt.de\/wp-content\/uploads\/2022\/06\/17.-Jh.-Westerwald-Mittelfries-Judith-Krug-682x1024.jpg 682w, https:\/\/www.fayence-steinzeug-vogt.de\/wp-content\/uploads\/2022\/06\/17.-Jh.-Westerwald-Mittelfries-Judith-Krug-768x1152.jpg 768w\" sizes=\"(max-width: 963px) 100vw, 963px\" \/><figcaption>Westerw\u00e4lder Mittelfrieskrug mit der Geschichte der Judith um 1620, H 35 cm<\/figcaption><\/figure>\n\n\n\n<figure class=\"wp-block-image size-large\"><img loading=\"lazy\" decoding=\"async\" width=\"850\" height=\"1275\" data-id=\"7343\" src=\"https:\/\/stage.fayence-steinzeug-vogt.de\/wp-content\/uploads\/2022\/01\/17th-century-works-of-art-westerwald-saltglazed-stoneware-jug-scaled-e1642881907994.jpg\" alt=\"Welsterwald Steinzeug Sternkanne mit Auflagen 17. Jh.\" class=\"wp-image-7343\" srcset=\"https:\/\/www.fayence-steinzeug-vogt.de\/wp-content\/uploads\/2022\/01\/17th-century-works-of-art-westerwald-saltglazed-stoneware-jug-scaled-e1642881907994.jpg 850w, https:\/\/www.fayence-steinzeug-vogt.de\/wp-content\/uploads\/2022\/01\/17th-century-works-of-art-westerwald-saltglazed-stoneware-jug-scaled-e1642881907994-200x300.jpg 200w, https:\/\/www.fayence-steinzeug-vogt.de\/wp-content\/uploads\/2022\/01\/17th-century-works-of-art-westerwald-saltglazed-stoneware-jug-scaled-e1642881907994-683x1024.jpg 683w, https:\/\/www.fayence-steinzeug-vogt.de\/wp-content\/uploads\/2022\/01\/17th-century-works-of-art-westerwald-saltglazed-stoneware-jug-scaled-e1642881907994-768x1152.jpg 768w\" sizes=\"(max-width: 850px) 100vw, 850px\" \/><figcaption>Westerw\u00e4lder Sternkanne mit Reliefauflagen um 1680, Saalfelder Zinndeckel, H. 27 cm<\/figcaption><\/figure>\n\n\n\n<figure class=\"wp-block-image size-large\"><img loading=\"lazy\" decoding=\"async\" width=\"1635\" height=\"2560\" data-id=\"2529\" src=\"https:\/\/stage.fayence-steinzeug-vogt.de\/wp-content\/uploads\/2016\/11\/Westerwald-Sternkanne-um-1650-scaled.jpg\" alt=\"17th century-westerwald--sternkanne-um-1650 - blue and manganese salt glazed stoneware - jug\" class=\"wp-image-2529\" srcset=\"https:\/\/www.fayence-steinzeug-vogt.de\/wp-content\/uploads\/2016\/11\/Westerwald-Sternkanne-um-1650-scaled.jpg 1635w, https:\/\/www.fayence-steinzeug-vogt.de\/wp-content\/uploads\/2016\/11\/Westerwald-Sternkanne-um-1650-192x300.jpg 192w, https:\/\/www.fayence-steinzeug-vogt.de\/wp-content\/uploads\/2016\/11\/Westerwald-Sternkanne-um-1650-654x1024.jpg 654w, https:\/\/www.fayence-steinzeug-vogt.de\/wp-content\/uploads\/2016\/11\/Westerwald-Sternkanne-um-1650-768x1202.jpg 768w, https:\/\/www.fayence-steinzeug-vogt.de\/wp-content\/uploads\/2016\/11\/Westerwald-Sternkanne-um-1650-981x1536.jpg 981w, https:\/\/www.fayence-steinzeug-vogt.de\/wp-content\/uploads\/2016\/11\/Westerwald-Sternkanne-um-1650-1308x2048.jpg 1308w\" sizes=\"(max-width: 1635px) 100vw, 1635px\" \/><figcaption>Westerw\u00e4lder Sternkanne um-1650<\/figcaption><\/figure>\n\n\n\n<figure class=\"wp-block-image size-large\"><img loading=\"lazy\" decoding=\"async\" width=\"1696\" height=\"2560\" data-id=\"2523\" src=\"https:\/\/stage.fayence-steinzeug-vogt.de\/wp-content\/uploads\/2016\/11\/Westerwald-Enghalskrug-Maskaron-um-1650-scaled.jpg\" alt=\"westerwald-enghalskrug-maskaron-um-1650- blue salt glazed stoneware - jug\" class=\"wp-image-2523\" srcset=\"https:\/\/www.fayence-steinzeug-vogt.de\/wp-content\/uploads\/2016\/11\/Westerwald-Enghalskrug-Maskaron-um-1650-scaled.jpg 1696w, https:\/\/www.fayence-steinzeug-vogt.de\/wp-content\/uploads\/2016\/11\/Westerwald-Enghalskrug-Maskaron-um-1650-199x300.jpg 199w, https:\/\/www.fayence-steinzeug-vogt.de\/wp-content\/uploads\/2016\/11\/Westerwald-Enghalskrug-Maskaron-um-1650-678x1024.jpg 678w, https:\/\/www.fayence-steinzeug-vogt.de\/wp-content\/uploads\/2016\/11\/Westerwald-Enghalskrug-Maskaron-um-1650-768x1159.jpg 768w, https:\/\/www.fayence-steinzeug-vogt.de\/wp-content\/uploads\/2016\/11\/Westerwald-Enghalskrug-Maskaron-um-1650-1018x1536.jpg 1018w, https:\/\/www.fayence-steinzeug-vogt.de\/wp-content\/uploads\/2016\/11\/Westerwald-Enghalskrug-Maskaron-um-1650-1357x2048.jpg 1357w\" sizes=\"(max-width: 1696px) 100vw, 1696px\" \/><figcaption>Westerw\u00e4lder Enghalskrug-Maskaron um-1650<\/figcaption><\/figure>\n\n\n\n<figure class=\"wp-block-image size-large\"><img loading=\"lazy\" decoding=\"async\" width=\"1808\" height=\"2560\" data-id=\"2520\" src=\"https:\/\/stage.fayence-steinzeug-vogt.de\/wp-content\/uploads\/2016\/11\/Groser-Westerwald-Kugelbauchkrug-um-1691-scaled.jpg\" alt=\"17th century-saltglazed-stoneware-westerwald-jug-ca-1690- blue and manganese\" class=\"wp-image-2520\" srcset=\"https:\/\/www.fayence-steinzeug-vogt.de\/wp-content\/uploads\/2016\/11\/Groser-Westerwald-Kugelbauchkrug-um-1691-scaled.jpg 1808w, https:\/\/www.fayence-steinzeug-vogt.de\/wp-content\/uploads\/2016\/11\/Groser-Westerwald-Kugelbauchkrug-um-1691-212x300.jpg 212w, https:\/\/www.fayence-steinzeug-vogt.de\/wp-content\/uploads\/2016\/11\/Groser-Westerwald-Kugelbauchkrug-um-1691-723x1024.jpg 723w, https:\/\/www.fayence-steinzeug-vogt.de\/wp-content\/uploads\/2016\/11\/Groser-Westerwald-Kugelbauchkrug-um-1691-768x1087.jpg 768w, https:\/\/www.fayence-steinzeug-vogt.de\/wp-content\/uploads\/2016\/11\/Groser-Westerwald-Kugelbauchkrug-um-1691-1085x1536.jpg 1085w, https:\/\/www.fayence-steinzeug-vogt.de\/wp-content\/uploads\/2016\/11\/Groser-Westerwald-Kugelbauchkrug-um-1691-1447x2048.jpg 1447w\" sizes=\"(max-width: 1808px) 100vw, 1808px\" \/><figcaption>Gro\u00dfer Westerw\u00e4lder Kugelbauchkrug um-1690<\/figcaption><\/figure>\n\n\n\n<figure class=\"wp-block-image size-large\"><img loading=\"lazy\" decoding=\"async\" width=\"1883\" height=\"2560\" data-id=\"2526\" src=\"https:\/\/stage.fayence-steinzeug-vogt.de\/wp-content\/uploads\/2016\/11\/Westerwald-Kruke-um-1690-scaled.jpg\" alt=\"17th century blue salt glazed stoneware-westerwald-kruke-flasche-ca-1690\" class=\"wp-image-2526\" srcset=\"https:\/\/www.fayence-steinzeug-vogt.de\/wp-content\/uploads\/2016\/11\/Westerwald-Kruke-um-1690-scaled.jpg 1883w, https:\/\/www.fayence-steinzeug-vogt.de\/wp-content\/uploads\/2016\/11\/Westerwald-Kruke-um-1690-221x300.jpg 221w, https:\/\/www.fayence-steinzeug-vogt.de\/wp-content\/uploads\/2016\/11\/Westerwald-Kruke-um-1690-753x1024.jpg 753w, https:\/\/www.fayence-steinzeug-vogt.de\/wp-content\/uploads\/2016\/11\/Westerwald-Kruke-um-1690-768x1044.jpg 768w, https:\/\/www.fayence-steinzeug-vogt.de\/wp-content\/uploads\/2016\/11\/Westerwald-Kruke-um-1690-1130x1536.jpg 1130w, https:\/\/www.fayence-steinzeug-vogt.de\/wp-content\/uploads\/2016\/11\/Westerwald-Kruke-um-1690-1507x2048.jpg 1507w\" sizes=\"(max-width: 1883px) 100vw, 1883px\" \/><figcaption>Westerw\u00e4lder Kruke Flasche um-1690<\/figcaption><\/figure>\n\n\n\n<figure class=\"wp-block-image size-large\"><img loading=\"lazy\" decoding=\"async\" width=\"1920\" height=\"2486\" data-id=\"2525\" src=\"https:\/\/stage.fayence-steinzeug-vogt.de\/wp-content\/uploads\/2016\/11\/Westerwald-Kruke-um-1680.jpg\" alt=\"7th century westerwald blue salt glazed stoneware bottle\" class=\"wp-image-2525\" srcset=\"https:\/\/www.fayence-steinzeug-vogt.de\/wp-content\/uploads\/2016\/11\/Westerwald-Kruke-um-1680.jpg 1920w, https:\/\/www.fayence-steinzeug-vogt.de\/wp-content\/uploads\/2016\/11\/Westerwald-Kruke-um-1680-232x300.jpg 232w, https:\/\/www.fayence-steinzeug-vogt.de\/wp-content\/uploads\/2016\/11\/Westerwald-Kruke-um-1680-791x1024.jpg 791w, https:\/\/www.fayence-steinzeug-vogt.de\/wp-content\/uploads\/2016\/11\/Westerwald-Kruke-um-1680-768x994.jpg 768w, https:\/\/www.fayence-steinzeug-vogt.de\/wp-content\/uploads\/2016\/11\/Westerwald-Kruke-um-1680-1186x1536.jpg 1186w, https:\/\/www.fayence-steinzeug-vogt.de\/wp-content\/uploads\/2016\/11\/Westerwald-Kruke-um-1680-1582x2048.jpg 1582w\" sizes=\"(max-width: 1920px) 100vw, 1920px\" \/><figcaption>Westerw\u00e4lder Kruke Flasche um-1680<\/figcaption><\/figure>\n\n\n\n<figure class=\"wp-block-image size-large\"><img loading=\"lazy\" decoding=\"async\" width=\"640\" height=\"896\" data-id=\"1901\" src=\"https:\/\/stage.fayence-steinzeug-vogt.de\/wp-content\/uploads\/2015\/10\/Westerwalder-Steinzeug-Flasche-um-1650.jpg\" alt=\"17th century Westerwald Saltglazed stoneware Jug\" class=\"wp-image-1901\" srcset=\"https:\/\/www.fayence-steinzeug-vogt.de\/wp-content\/uploads\/2015\/10\/Westerwalder-Steinzeug-Flasche-um-1650.jpg 640w, https:\/\/www.fayence-steinzeug-vogt.de\/wp-content\/uploads\/2015\/10\/Westerwalder-Steinzeug-Flasche-um-1650-214x300.jpg 214w\" sizes=\"(max-width: 640px) 100vw, 640px\" \/><figcaption>Westerw\u00e4lder Steinzeugflasche um 1650, Reliefauflagen, H 25 cm<\/figcaption><\/figure>\n\n\n\n<figure class=\"wp-block-image size-large\"><img loading=\"lazy\" decoding=\"async\" width=\"890\" height=\"1177\" data-id=\"801\" src=\"https:\/\/stage.fayence-steinzeug-vogt.de\/wp-content\/uploads\/2015\/04\/Westerwalder-Sternkrug-um-1650-e1475148126366.jpg\" alt=\"17th century Westerwald Saltglazed stoneware Jug\" class=\"wp-image-801\" srcset=\"https:\/\/www.fayence-steinzeug-vogt.de\/wp-content\/uploads\/2015\/04\/Westerwalder-Sternkrug-um-1650-e1475148126366.jpg 890w, https:\/\/www.fayence-steinzeug-vogt.de\/wp-content\/uploads\/2015\/04\/Westerwalder-Sternkrug-um-1650-e1475148126366-227x300.jpg 227w, https:\/\/www.fayence-steinzeug-vogt.de\/wp-content\/uploads\/2015\/04\/Westerwalder-Sternkrug-um-1650-e1475148126366-774x1024.jpg 774w, https:\/\/www.fayence-steinzeug-vogt.de\/wp-content\/uploads\/2015\/04\/Westerwalder-Sternkrug-um-1650-e1475148126366-768x1016.jpg 768w\" sizes=\"(max-width: 890px) 100vw, 890px\" \/><figcaption>Westerw\u00e4lder Sternkrug mit bemalten Reliefauflagen um 1650, H. 22 cm<\/figcaption><\/figure>\n\n\n\n<figure class=\"wp-block-image size-large\"><img loading=\"lazy\" decoding=\"async\" width=\"800\" height=\"1200\" data-id=\"5758\" src=\"https:\/\/stage.fayence-steinzeug-vogt.de\/wp-content\/uploads\/2020\/02\/Rare-late-17th-century-Westerwald-Salt-Glazed-Stoneware-tankard-with-saints-e1580911100949.jpg\" alt=\"Westerw\u00e4lder Steinzeugkrug um 1700\" class=\"wp-image-5758\" srcset=\"https:\/\/www.fayence-steinzeug-vogt.de\/wp-content\/uploads\/2020\/02\/Rare-late-17th-century-Westerwald-Salt-Glazed-Stoneware-tankard-with-saints-e1580911100949.jpg 800w, https:\/\/www.fayence-steinzeug-vogt.de\/wp-content\/uploads\/2020\/02\/Rare-late-17th-century-Westerwald-Salt-Glazed-Stoneware-tankard-with-saints-e1580911100949-200x300.jpg 200w, https:\/\/www.fayence-steinzeug-vogt.de\/wp-content\/uploads\/2020\/02\/Rare-late-17th-century-Westerwald-Salt-Glazed-Stoneware-tankard-with-saints-e1580911100949-683x1024.jpg 683w, https:\/\/www.fayence-steinzeug-vogt.de\/wp-content\/uploads\/2020\/02\/Rare-late-17th-century-Westerwald-Salt-Glazed-Stoneware-tankard-with-saints-e1580911100949-768x1152.jpg 768w\" sizes=\"(max-width: 800px) 100vw, 800px\" \/><figcaption>Westerw\u00e4lder Steinzeugkrug um 1700 mit Reliefauflagen H. 18 cm<\/figcaption><\/figure>\n\n\n\n<figure class=\"wp-block-image size-large\"><img loading=\"lazy\" decoding=\"async\" width=\"1736\" height=\"2560\" data-id=\"2522\" src=\"https:\/\/stage.fayence-steinzeug-vogt.de\/wp-content\/uploads\/2016\/11\/Westerwald-Birnkrug-um-1680-scaled.jpg\" alt=\"westerwald-westerw\u00e4lder-birnkrug-um-1680 - blue and manganese salt glazed stoneware - jug\" class=\"wp-image-2522\" srcset=\"https:\/\/www.fayence-steinzeug-vogt.de\/wp-content\/uploads\/2016\/11\/Westerwald-Birnkrug-um-1680-scaled.jpg 1736w, https:\/\/www.fayence-steinzeug-vogt.de\/wp-content\/uploads\/2016\/11\/Westerwald-Birnkrug-um-1680-203x300.jpg 203w, https:\/\/www.fayence-steinzeug-vogt.de\/wp-content\/uploads\/2016\/11\/Westerwald-Birnkrug-um-1680-694x1024.jpg 694w, https:\/\/www.fayence-steinzeug-vogt.de\/wp-content\/uploads\/2016\/11\/Westerwald-Birnkrug-um-1680-768x1133.jpg 768w, https:\/\/www.fayence-steinzeug-vogt.de\/wp-content\/uploads\/2016\/11\/Westerwald-Birnkrug-um-1680-1041x1536.jpg 1041w, https:\/\/www.fayence-steinzeug-vogt.de\/wp-content\/uploads\/2016\/11\/Westerwald-Birnkrug-um-1680-1388x2048.jpg 1388w\" sizes=\"(max-width: 1736px) 100vw, 1736px\" \/><figcaption>Westerw\u00e4lder Birnkrug um-1680<\/figcaption><\/figure>\n\n\n\n<figure class=\"wp-block-image size-large\"><img loading=\"lazy\" decoding=\"async\" width=\"1920\" height=\"2561\" data-id=\"2527\" src=\"https:\/\/stage.fayence-steinzeug-vogt.de\/wp-content\/uploads\/2016\/11\/Westerwald-Kugelbauchkrug-um-1680.jpg\" alt=\"westerwald-kugelbauchkrug-um-1680 - blue salt glazed stoneware - jug\" class=\"wp-image-2527\" srcset=\"https:\/\/www.fayence-steinzeug-vogt.de\/wp-content\/uploads\/2016\/11\/Westerwald-Kugelbauchkrug-um-1680.jpg 1920w, https:\/\/www.fayence-steinzeug-vogt.de\/wp-content\/uploads\/2016\/11\/Westerwald-Kugelbauchkrug-um-1680-225x300.jpg 225w, https:\/\/www.fayence-steinzeug-vogt.de\/wp-content\/uploads\/2016\/11\/Westerwald-Kugelbauchkrug-um-1680-768x1024.jpg 768w, https:\/\/www.fayence-steinzeug-vogt.de\/wp-content\/uploads\/2016\/11\/Westerwald-Kugelbauchkrug-um-1680-1152x1536.jpg 1152w, https:\/\/www.fayence-steinzeug-vogt.de\/wp-content\/uploads\/2016\/11\/Westerwald-Kugelbauchkrug-um-1680-1535x2048.jpg 1535w\" sizes=\"(max-width: 1920px) 100vw, 1920px\" \/><figcaption>Kleiner Westerw\u00e4lder Kugelbauchkrug um-1680<\/figcaption><\/figure>\n\n\n\n<figure class=\"wp-block-image size-large\"><img loading=\"lazy\" decoding=\"async\" width=\"1709\" height=\"2560\" data-id=\"2528\" src=\"https:\/\/stage.fayence-steinzeug-vogt.de\/wp-content\/uploads\/2016\/11\/Westerwald-Kugelbauchkrug-um-1690-scaled.jpg\" alt=\"17th century westerwald- blue salt glazed stoneware - jug\" class=\"wp-image-2528\" srcset=\"https:\/\/www.fayence-steinzeug-vogt.de\/wp-content\/uploads\/2016\/11\/Westerwald-Kugelbauchkrug-um-1690-scaled.jpg 1709w, https:\/\/www.fayence-steinzeug-vogt.de\/wp-content\/uploads\/2016\/11\/Westerwald-Kugelbauchkrug-um-1690-200x300.jpg 200w, https:\/\/www.fayence-steinzeug-vogt.de\/wp-content\/uploads\/2016\/11\/Westerwald-Kugelbauchkrug-um-1690-684x1024.jpg 684w, https:\/\/www.fayence-steinzeug-vogt.de\/wp-content\/uploads\/2016\/11\/Westerwald-Kugelbauchkrug-um-1690-768x1150.jpg 768w, https:\/\/www.fayence-steinzeug-vogt.de\/wp-content\/uploads\/2016\/11\/Westerwald-Kugelbauchkrug-um-1690-1025x1536.jpg 1025w, https:\/\/www.fayence-steinzeug-vogt.de\/wp-content\/uploads\/2016\/11\/Westerwald-Kugelbauchkrug-um-1690-1367x2048.jpg 1367w\" sizes=\"(max-width: 1709px) 100vw, 1709px\" \/><figcaption>Westerw\u00e4lder Kugelbauchkrug um-1690<\/figcaption><\/figure>\n<\/figure>\n\n\n\n<h4 class=\"wp-block-heading\">Recherche:<\/h4>\n\n\n\n<p><strong><a href=\"http:\/\/www.museum-digital.de\/rlp\/index.php?t=listen&amp;type=4&amp;style=grid&amp;instnr=37&amp;gesusa=197&amp;suinin=37&amp;suinsa=197&amp;startwert=72\" target=\"_blank\" rel=\"noopener noreferrer\">Museum Digital Rheinland-Pfalz<\/a> Keramikmuseum Westerwald.<br>Hier erhalten sie einen \u00dcberblick \u00fcber den Bestand in Bildern<br>und Zuschreibungen<br><\/strong><\/p>\n\n\n\n<h4 class=\"wp-block-heading\"><strong>Literatur:<\/strong><\/h4>\n\n\n\n<figure class=\"wp-block-gallery has-nested-images columns-2 is-cropped wp-block-gallery-2 is-layout-flex wp-block-gallery-is-layout-flex\">\n<figure class=\"wp-block-image size-large\"><img loading=\"lazy\" decoding=\"async\" width=\"500\" height=\"666\" data-id=\"6728\" src=\"https:\/\/stage.fayence-steinzeug-vogt.de\/wp-content\/uploads\/2021\/02\/The-Art-of-german-stoneware-e1612342522984.jpg\" alt=\"\" class=\"wp-image-6728\" srcset=\"https:\/\/www.fayence-steinzeug-vogt.de\/wp-content\/uploads\/2021\/02\/The-Art-of-german-stoneware-e1612342522984.jpg 500w, https:\/\/www.fayence-steinzeug-vogt.de\/wp-content\/uploads\/2021\/02\/The-Art-of-german-stoneware-e1612342522984-225x300.jpg 225w\" sizes=\"(max-width: 500px) 100vw, 500px\" \/><\/figure>\n\n\n\n<figure class=\"wp-block-image size-large\"><img loading=\"lazy\" decoding=\"async\" width=\"1816\" height=\"2560\" data-id=\"2517\" src=\"https:\/\/stage.fayence-steinzeug-vogt.de\/wp-content\/uploads\/2016\/11\/Die-Kunst-des-Deutschen-Steinzeugs-Karl-und-Peter-Amendt-Ingeborg-Unger-scaled.jpg\" alt=\"die-kunst-des-deutschen-steinzeugs-karl-und-peter-amendt-ingeborg-unger\" class=\"wp-image-2517\" srcset=\"https:\/\/www.fayence-steinzeug-vogt.de\/wp-content\/uploads\/2016\/11\/Die-Kunst-des-Deutschen-Steinzeugs-Karl-und-Peter-Amendt-Ingeborg-Unger-scaled.jpg 1816w, https:\/\/www.fayence-steinzeug-vogt.de\/wp-content\/uploads\/2016\/11\/Die-Kunst-des-Deutschen-Steinzeugs-Karl-und-Peter-Amendt-Ingeborg-Unger-213x300.jpg 213w, https:\/\/www.fayence-steinzeug-vogt.de\/wp-content\/uploads\/2016\/11\/Die-Kunst-des-Deutschen-Steinzeugs-Karl-und-Peter-Amendt-Ingeborg-Unger-727x1024.jpg 727w, https:\/\/www.fayence-steinzeug-vogt.de\/wp-content\/uploads\/2016\/11\/Die-Kunst-des-Deutschen-Steinzeugs-Karl-und-Peter-Amendt-Ingeborg-Unger-768x1082.jpg 768w, https:\/\/www.fayence-steinzeug-vogt.de\/wp-content\/uploads\/2016\/11\/Die-Kunst-des-Deutschen-Steinzeugs-Karl-und-Peter-Amendt-Ingeborg-Unger-1090x1536.jpg 1090w, https:\/\/www.fayence-steinzeug-vogt.de\/wp-content\/uploads\/2016\/11\/Die-Kunst-des-Deutschen-Steinzeugs-Karl-und-Peter-Amendt-Ingeborg-Unger-1453x2048.jpg 1453w\" sizes=\"(max-width: 1816px) 100vw, 1816px\" \/><\/figure>\n<\/figure>\n\n\n\n<h4 class=\"wp-block-heading\"><strong>Museum:<\/strong><\/h4>\n\n\n\n<h3 class=\"wp-block-heading\"><a href=\"http:\/\/www.keramikmuseum.de\/\" target=\"_blank\" rel=\"noopener noreferrer\">KERAMIKMUSEUM <\/a>Westerwald in H\u00d6HR-GRENZHAUSEN<\/h3>\n\n\n\n<figure class=\"wp-block-image\"><a href=\"https:\/\/stage.fayence-steinzeug-vogt.de\/wp-content\/uploads\/2016\/11\/Keramikmuseum-Westerwald-Hohr-Grenzausen.jpg\"><img loading=\"lazy\" decoding=\"async\" width=\"573\" height=\"99\" src=\"https:\/\/stage.fayence-steinzeug-vogt.de\/wp-content\/uploads\/2016\/11\/Keramikmuseum-Westerwald-Hohr-Grenzausen.jpg\" alt=\"keramikmuseum-westerwald-hoehr-grenzausen\" class=\"wp-image-2514\" srcset=\"https:\/\/www.fayence-steinzeug-vogt.de\/wp-content\/uploads\/2016\/11\/Keramikmuseum-Westerwald-Hohr-Grenzausen.jpg 573w, https:\/\/www.fayence-steinzeug-vogt.de\/wp-content\/uploads\/2016\/11\/Keramikmuseum-Westerwald-Hohr-Grenzausen-300x52.jpg 300w\" sizes=\"(max-width: 573px) 100vw, 573px\" \/><\/a><\/figure>\n","protected":false},"excerpt":{"rendered":"<p>Westerw\u00e4lder Steinzeug ist eine keramische Warenart, die in der fr\u00fchen Neuzeit im unteren Westerwald und im Kannenb\u00e4ckerland produziert wurde. Unabh\u00e4ngig von der Provenienz wird der Ausdruck auch allgemein f\u00fcr blau-graues Steinzeug verwendet. Das Westerw\u00e4lder Steinzeug wurde ab dem 17. Jahrhundert in gro\u00dfen Mengen in ganz Europa gehandelt und gilt neben ihrer kunstgeschichtlichen Bedeutung als wichtiger [&hellip;]<\/p>\n","protected":false},"author":2,"featured_media":2512,"comment_status":"closed","ping_status":"closed","sticky":false,"template":"","format":"standard","meta":{"footnotes":""},"categories":[33],"tags":[36,37,38,39,412,624,625],"class_list":["post-2501","post","type-post","status-publish","format-standard","has-post-thumbnail","hentry","category-stoneware","tag-16-jahrhundert","tag-16th-century","tag-17-jahrhundert","tag-17th-century-art","tag-museum-digital-rheinland-pfalz","tag-westerwald","tag-westerwald-keramik-museum-hoehr-grenzhausen"],"_links":{"self":[{"href":"https:\/\/www.fayence-steinzeug-vogt.de\/en\/wp-json\/wp\/v2\/posts\/2501","targetHints":{"allow":["GET"]}}],"collection":[{"href":"https:\/\/www.fayence-steinzeug-vogt.de\/en\/wp-json\/wp\/v2\/posts"}],"about":[{"href":"https:\/\/www.fayence-steinzeug-vogt.de\/en\/wp-json\/wp\/v2\/types\/post"}],"author":[{"embeddable":true,"href":"https:\/\/www.fayence-steinzeug-vogt.de\/en\/wp-json\/wp\/v2\/users\/2"}],"replies":[{"embeddable":true,"href":"https:\/\/www.fayence-steinzeug-vogt.de\/en\/wp-json\/wp\/v2\/comments?post=2501"}],"version-history":[{"count":2,"href":"https:\/\/www.fayence-steinzeug-vogt.de\/en\/wp-json\/wp\/v2\/posts\/2501\/revisions"}],"predecessor-version":[{"id":8776,"href":"https:\/\/www.fayence-steinzeug-vogt.de\/en\/wp-json\/wp\/v2\/posts\/2501\/revisions\/8776"}],"wp:featuredmedia":[{"embeddable":true,"href":"https:\/\/www.fayence-steinzeug-vogt.de\/en\/wp-json\/wp\/v2\/media\/2512"}],"wp:attachment":[{"href":"https:\/\/www.fayence-steinzeug-vogt.de\/en\/wp-json\/wp\/v2\/media?parent=2501"}],"wp:term":[{"taxonomy":"category","embeddable":true,"href":"https:\/\/www.fayence-steinzeug-vogt.de\/en\/wp-json\/wp\/v2\/categories?post=2501"},{"taxonomy":"post_tag","embeddable":true,"href":"https:\/\/www.fayence-steinzeug-vogt.de\/en\/wp-json\/wp\/v2\/tags?post=2501"}],"curies":[{"name":"wp","href":"https:\/\/api.w.org\/{rel}","templated":true}]}}