{"id":2543,"date":"2020-02-02T12:43:00","date_gmt":"2020-02-02T11:43:00","guid":{"rendered":"http:\/\/www.fayence-steinzeug-vogt.de\/?p=2543"},"modified":"2023-08-21T14:58:01","modified_gmt":"2023-08-21T12:58:01","slug":"proskau-fayence-proskau-faience","status":"publish","type":"post","link":"https:\/\/www.fayence-steinzeug-vogt.de\/en\/proskau-fayence-proskau-faience\/","title":{"rendered":"Proskau Fayence | Proskau Faience"},"content":{"rendered":"<p>Fayence aus der <a href=\"https:\/\/de.wikipedia.org\/wiki\/Proskau\" target=\"_blank\" rel=\"noopener noreferrer\"><strong>Proskauer Manufaktur <\/strong><\/a>geh\u00f6rte fr\u00fcher zur Zierde barocker Tafeln und schm\u00fcckten herrschaftliche Wohnsitze.<br \/>\n<em>Faience from the Proskau manufactory used to decorate baroque tables and adorned mansions.<\/em><\/p>\n\n<div uk-grid class=\"uk-child-width-1-1\">\n\n            <div class='uk-text-center'>\n\n            \n            <a href='https:\/\/www.fayence-steinzeug-vogt.de\/en\/proskau-fayence-proskau-faience\/proskau-2-fayence-zucker-dosen-um-1800-marke\/'><img loading=\"lazy\" decoding=\"async\" width=\"1024\" height=\"683\" src=\"https:\/\/www.fayence-steinzeug-vogt.de\/wp-content\/uploads\/2016\/11\/Proskau-2-Fayence-Zucker-Dosen-um-1800-Marke-1024x683.jpg\" class=\"attachment-large size-large\" alt=\"proskau-2-fayence-zucker-dosen-um-1800-marke\" srcset=\"https:\/\/www.fayence-steinzeug-vogt.de\/wp-content\/uploads\/2016\/11\/Proskau-2-Fayence-Zucker-Dosen-um-1800-Marke-1024x683.jpg 1024w, https:\/\/www.fayence-steinzeug-vogt.de\/wp-content\/uploads\/2016\/11\/Proskau-2-Fayence-Zucker-Dosen-um-1800-Marke-300x200.jpg 300w, https:\/\/www.fayence-steinzeug-vogt.de\/wp-content\/uploads\/2016\/11\/Proskau-2-Fayence-Zucker-Dosen-um-1800-Marke-768x512.jpg 768w, https:\/\/www.fayence-steinzeug-vogt.de\/wp-content\/uploads\/2016\/11\/Proskau-2-Fayence-Zucker-Dosen-um-1800-Marke-1536x1024.jpg 1536w, https:\/\/www.fayence-steinzeug-vogt.de\/wp-content\/uploads\/2016\/11\/Proskau-2-Fayence-Zucker-Dosen-um-1800-Marke.jpg 1920w\" sizes=\"(max-width: 1024px) 100vw, 1024px\" \/><\/a>\n                            <div class='uk-panel uk-padding-small'>Proskau Marken um 1800<\/div>\n            \n        <\/div>\n    \n<\/div>\n\n<p>Bis heute wird <strong>oberschlesische Fayence aus Proskau aus der zweiten H\u00e4lfte des 18. Jahrhunderts <\/strong>sehr gesch\u00e4tzt und gesammelt.<br \/>\n<em>To this very day Upper Silesian faience from Proskau dating around the second half of the 18th century is highly valued and collected.<\/em><\/p>\n<p><a href=\"https:\/\/www.kulturwerk-schlesien.de\/unsereveroeffentlichungen\/m_2302\" target=\"_blank\" rel=\"noopener noreferrer\">Artikel<\/a> zur Manufaktur in Proskau und der<a href=\"http:\/\/www.oberschlesisches-landesmuseum.de\/ausstellungen\/archiv\/2009-2010\/47-07-11-2010-06-02-2011-glanzst%C3%BCcke-schlesischer-keramik-proskauer-fayencen.html\" target=\"_blank\" rel=\"noopener noreferrer\"><strong> Ausstellung im Jahr 2011<\/strong><\/a> im <a href=\"http:\/\/www.oberschlesisches-landesmuseum.de\/ausstellungen\/vor-ort.html\" target=\"_blank\" rel=\"noopener noreferrer\"><strong>Schlesischen Landesmuseum<\/strong><\/a> aus aus dem <a href=\"https:\/\/www.kulturwerk-schlesien.de\/unsereveroeffentlichungen\/529.Schlesischer-Kulturspiegel-Ausgaben-ab-2003.html\" target=\"_blank\" rel=\"noopener noreferrer\"><strong>Schlesischen Kulturspiegel<\/strong><\/a> herausgegeben von der <a href=\"https:\/\/www.kulturwerk-schlesien.de\/wirueberuns\/index.html\" target=\"_blank\" rel=\"noopener noreferrer\"><strong>Stiftung KulturWerk Schlesien nachfolgend zum download<\/strong><\/a><\/p>\n<figure id=\"attachment_5804\" aria-describedby=\"caption-attachment-5804\" style=\"width: 810px\" class=\"wp-caption alignnone\"><a href=\"https:\/\/stage.fayence-steinzeug-vogt.de\/wp-content\/uploads\/2019\/12\/Schlesischer-Kulturspiegel-02-07-Stiftung-KulturWerk-Schlesien.jpg\"><img loading=\"lazy\" decoding=\"async\" class=\"size-full wp-image-5804\" src=\"https:\/\/stage.fayence-steinzeug-vogt.de\/wp-content\/uploads\/2019\/12\/Schlesischer-Kulturspiegel-02-07-Stiftung-KulturWerk-Schlesien.jpg\" alt=\"\" width=\"810\" height=\"866\" srcset=\"https:\/\/www.fayence-steinzeug-vogt.de\/wp-content\/uploads\/2019\/12\/Schlesischer-Kulturspiegel-02-07-Stiftung-KulturWerk-Schlesien.jpg 810w, https:\/\/www.fayence-steinzeug-vogt.de\/wp-content\/uploads\/2019\/12\/Schlesischer-Kulturspiegel-02-07-Stiftung-KulturWerk-Schlesien-281x300.jpg 281w, https:\/\/www.fayence-steinzeug-vogt.de\/wp-content\/uploads\/2019\/12\/Schlesischer-Kulturspiegel-02-07-Stiftung-KulturWerk-Schlesien-768x821.jpg 768w\" sizes=\"(max-width: 810px) 100vw, 810px\" \/><\/a><figcaption id=\"caption-attachment-5804\" class=\"wp-caption-text\">Schlesischer Kulturspiegel Ausgabe 02\/07 Herausgeber Stiftung KulturWerk-Schlesien 42. Jahrgang 2007<\/figcaption><\/figure>\n<p><strong><a href=\"https:\/\/stage.fayence-steinzeug-vogt.de\/wp-content\/uploads\/2019\/12\/Stiftung-Kulturwerk-Schlesien-Schlesischer-Kulturspiegel-2-07.pdf\">Stiftung Kulturwerk Schlesien Schlesischer Kulturspiegel 2 &#8211; 07<\/a><\/strong><\/p>\n<p>Charakteristisch f\u00fcr die k\u00fcnstlerische Gestaltung ist die Proskauer Rose in leuchtend roten Muffelfarben und sehr plastischer Malerei:<br \/>\n<em>Characteristic for the artistic design is the &#8220;Proskau Rose&#8221; in bright red muffle fired colours and very three-dimensional painting:<\/em><\/p>\n\n<div uk-grid class=\"uk-child-width-1-1\">\n\n            <div class='uk-text-center'>\n\n            \n            <a href='https:\/\/www.fayence-steinzeug-vogt.de\/en\/proskau-fayence-proskau-faience\/proskau-fayence-platte-um-1800\/'><img loading=\"lazy\" decoding=\"async\" width=\"1024\" height=\"765\" src=\"https:\/\/www.fayence-steinzeug-vogt.de\/wp-content\/uploads\/2016\/12\/Proskau-Fayence-Platte-um-1800-1024x765.jpg\" class=\"attachment-large size-large\" alt=\"proskau-fayence-platte-um-1800\" srcset=\"https:\/\/www.fayence-steinzeug-vogt.de\/wp-content\/uploads\/2016\/12\/Proskau-Fayence-Platte-um-1800-1024x765.jpg 1024w, https:\/\/www.fayence-steinzeug-vogt.de\/wp-content\/uploads\/2016\/12\/Proskau-Fayence-Platte-um-1800-300x224.jpg 300w, https:\/\/www.fayence-steinzeug-vogt.de\/wp-content\/uploads\/2016\/12\/Proskau-Fayence-Platte-um-1800-768x574.jpg 768w, https:\/\/www.fayence-steinzeug-vogt.de\/wp-content\/uploads\/2016\/12\/Proskau-Fayence-Platte-um-1800-1536x1148.jpg 1536w, https:\/\/www.fayence-steinzeug-vogt.de\/wp-content\/uploads\/2016\/12\/Proskau-Fayence-Platte-um-1800.jpg 1920w\" sizes=\"(max-width: 1024px) 100vw, 1024px\" \/><\/a>\n                            <div class='uk-panel uk-padding-small'>Proskau-Fayence-Platte-um-1800<\/div>\n            \n        <\/div>\n            <div class='uk-text-center'>\n\n            \n            <a href='https:\/\/www.fayence-steinzeug-vogt.de\/en\/proskau-fayence-proskau-faience\/proskau-fayence-rose-um-1800\/'><img loading=\"lazy\" decoding=\"async\" width=\"1024\" height=\"904\" src=\"https:\/\/www.fayence-steinzeug-vogt.de\/wp-content\/uploads\/2016\/12\/Proskau-Fayence-Rose-um-1800-1024x904.jpg\" class=\"attachment-large size-large\" alt=\"proskau-fayence-rose-muffelfarben-um-1800\" srcset=\"https:\/\/www.fayence-steinzeug-vogt.de\/wp-content\/uploads\/2016\/12\/Proskau-Fayence-Rose-um-1800-1024x904.jpg 1024w, https:\/\/www.fayence-steinzeug-vogt.de\/wp-content\/uploads\/2016\/12\/Proskau-Fayence-Rose-um-1800-300x265.jpg 300w, https:\/\/www.fayence-steinzeug-vogt.de\/wp-content\/uploads\/2016\/12\/Proskau-Fayence-Rose-um-1800-768x678.jpg 768w, https:\/\/www.fayence-steinzeug-vogt.de\/wp-content\/uploads\/2016\/12\/Proskau-Fayence-Rose-um-1800-1536x1356.jpg 1536w, https:\/\/www.fayence-steinzeug-vogt.de\/wp-content\/uploads\/2016\/12\/Proskau-Fayence-Rose-um-1800.jpg 1649w\" sizes=\"(max-width: 1024px) 100vw, 1024px\" \/><\/a>\n                            <div class='uk-panel uk-padding-small'>Proskau-Fayence-Rose-in Muffelmalerei<\/div>\n            \n        <\/div>\n    \n<\/div>\n\n<h3>Literatur:<\/h3>\n<p><a href=\"http:\/\/muzeum.gliwice.pl\/pl\/nasza-ksiegarnia\/produkt\/fajanse-proszkowskie-kolekcja-ze-zbiorow-muzeum-w-gliwicach\" target=\"_blank\" rel=\"noopener noreferrer\"><strong>Katalog<\/strong> <\/a>des <strong><a href=\"http:\/\/www.schlesisches-museum.de\/index.php?id=glemus\" target=\"_blank\" rel=\"noopener noreferrer\">Schlesisches Museums Gleiwitz<\/a><br \/>\n<\/strong> <a href=\"http:\/\/muzeum.gliwice.pl\/en\/exhibitions\" target=\"_blank\" rel=\"noopener noreferrer\"><strong>Muzeum Gliwice<\/strong><\/a><\/p>\n<p>Das Museum in Gliwice besitzt eine Sammlung von \u00fcber zweihundert signierten Fayence Objekten aus Pr\u00f3szk\u00f3w. Viele dieser Objekte sind wertvolle Unikate. Die Publikation wurde mit Informationen \u00fcber die Geschichte der Manufaktur in Pr\u00f3szk\u00f3w erg\u00e4nzt, einschlie\u00dflich der aufeinander folgenden Besitzer und der bedeutendsten K\u00fcnstler und Angestellten.<br \/>\n\u00dcbersetzt mit www.DeepL.com\/Translator (kostenlose Version)<\/p>\n<p>The Museum in Gliwice has a collection of over two hundred signed, faience objects from Pr\u00f3szk\u00f3w. This collection has been created almost since the beginning of its activity in 1905. Many of these objects are valuable and unique. The publication is enriched with information about the history of the Pr\u00f3szk\u00f3w manufactory, including the successive owners and the most important artists and employees.<br \/>\nTranslated with www.DeepL.com\/Translator (free version)<\/p>\n<figure id=\"attachment_5822\" aria-describedby=\"caption-attachment-5822\" style=\"width: 220px\" class=\"wp-caption alignnone\"><a href=\"https:\/\/stage.fayence-steinzeug-vogt.de\/wp-content\/uploads\/2019\/12\/Fajanse-proszkowskie.-Kolekcja-ze-zbiorow-Muzeum-w-Gliwicach-2005.jpg\"><img loading=\"lazy\" decoding=\"async\" class=\"wp-image-5822 size-full\" src=\"https:\/\/stage.fayence-steinzeug-vogt.de\/wp-content\/uploads\/2019\/12\/Fajanse-proszkowskie.-Kolekcja-ze-zbiorow-Muzeum-w-Gliwicach-2005.jpg\" alt=\"Katalog Fayence Proskau Schlesisches Museum Gleiwitz\" width=\"220\" height=\"294\" \/><\/a><figcaption id=\"caption-attachment-5822\" class=\"wp-caption-text\">Fajanse pr\u00f3szkowskie. Kolekcja ze zbior\u00f3w Muzeum w Gliwicach<br \/>AUTOR Anna Kwiecie\u0144, Stanis\u0142aw Siess-Krzyszkowski<br \/>ROK WYDANIA 2005<br \/>INFORMACJE Oprawa: twarda Strony: 164 Wymiar: 27 x 22 cm ISBN 83-89856-05-0<\/figcaption><\/figure>\n<div id=\"midCol\" class=\"grid_nine twoL \">\n<div id=\"mainContent\" class=\"twoL\">\n<div id=\"jbArticle\">\n<div class=\"jbIntroText\">\n<h3>Digitaler Katalog der Ausstellung im Oberschlesischen Landesmuseum<br \/>\nDigital Catalogue Proskau Faiences in Museums and Collections<\/h3>\n<p><strong>Proskauer Fayencen geh\u00f6ren zu den bedeutendsten keramischen Er-zeugnissen aus der zweiten H\u00e4lfte des 18. Jahrhunderts im schlesischen Raum. Die Manufaktur aus Proskau hat sich an europ\u00e4ischen Mustern und Trends orientiert, wobei sie nicht nur an die bevorzugten Formen, sondern auch an die entsprechenden Motive der dekorativen Gestaltung ankn\u00fcpfte. Bei der Herstellung zeichnete sich der Einflu\u00df der Stra\u00dfburger Manufaktur deutlich ab.<br \/>\nDas Projekt \u201eDigitaler Katalog Proskauer Fayence\u201c der <a href=\"http:\/\/www.oberschlesisches-landesmuseum.de\/kulturreferat\/projektf%C3%B6rderung.html\" target=\"_blank\" rel=\"noopener noreferrer\">Stiftung Haus Oberschlesien<\/a> \/ Oberschlesisches Landesmuseum hat zur Erfassung und Pr\u00e4sentation in digitaler Form gef\u00fchrt. Weitgehend unbekannte St\u00fccke verschiedener in- und ausl\u00e4ndischer Sammlungen werden nach Form und Dekor vergleichbar. Die erl\u00e4uternden Angaben wurden von zahlreichen polnischen und deutschen Museen zur Verf\u00fcgung gestellt.<\/strong><\/p>\n<p>Beachtliche <strong>Sammlungen an Proskauer Fayence<\/strong> &#8211; <strong><em>Notable Collections of Proskau Faience in Museums<\/em><\/strong> befinden sich im <a href=\"http:\/\/www.schlesisches-museum.de\/\" target=\"_blank\" rel=\"noopener noreferrer\"><strong>Schlesischen Museum zu G\u00f6rlitz<\/strong><\/a>, im <a href=\"https:\/\/www.goerlitzer-sammlungen.de\/khm\/\" target=\"_blank\" rel=\"noopener noreferrer\"><strong>Kulturhistorischen Museum in G\u00f6rlitz<\/strong><\/a>, beim <a href=\"https:\/\/www.hausschlesien.de\/kulturundbildung\"><strong>Museum f\u00fcr schlesische Landeskunde, K\u00f6nigswinter-Heisterbacherrott<\/strong><\/a> sowie im <a href=\"http:\/\/www.oberschlesisches-landesmuseum.de\/\" target=\"_blank\" rel=\"noopener noreferrer\"><strong>Oberschlesischen Landesmuseum, Ratingen-H\u00f6sel<\/strong><\/a>.<\/p>\n<p>Die wohl <strong>wichtigsten Sammlungen in Polen &#8211; <em>important Collections in Polish Museums<\/em> &#8211;<\/strong> befinden sich beim <strong><a href=\"http:\/\/muzeum.bytom.pl\/\" target=\"_blank\" rel=\"noopener noreferrer\">Oberschlesischen Museum in Beuthen <\/a><\/strong><strong>Muzeum G\u00f3rno\u015bl\u0105skie<\/strong> <strong>w Bytomiu<\/strong>, <a href=\"http:\/\/muzeum.opole.pl\/\" target=\"_blank\" rel=\"noopener noreferrer\"><strong>Museum des Oppelner Schlesien<\/strong><\/a>, <strong>Muzeum \u015al\u0105ska Opolskiego<\/strong>, <a href=\"http:\/\/www.muzeum.nysa.pl\/web.n4?go=35\" target=\"_blank\" rel=\"noopener noreferrer\"><strong>Museum in Neisse<\/strong><\/a> <strong>Muzeum Powiatowe w Nysie<\/strong>, <a href=\"https:\/\/muzeum.walbrzych.pl\/dzial-ceramiki\/\" target=\"_blank\" rel=\"noopener noreferrer\"><strong>Bezirksmuseums in Waldenburg<\/strong><\/a> <strong>Muzeum Porcelany w Wa\u0142brzychu<\/strong> sowie im <a href=\"https:\/\/mzl.zgora.pl\/deutsch\/\" target=\"_blank\" rel=\"noopener noreferrer\"><strong>Museum des Lebuser Landes<\/strong><\/a>, Gr\u00fcnberg Muzeum Ziemi Lubuskiej. Dar\u00fcber hinaus verf\u00fcgt das <a href=\"http:\/\/www.szm.cz\/de\/\" target=\"_blank\" rel=\"noopener noreferrer\"><strong>Schlesische Museum in Troppau <\/strong><\/a><strong>Slezsk\u00e9 zemsk\u00e9 muzeum, Opava<\/strong> \u00fcber einen breiten ausgestellten Querschnitt.<\/p>\n<p><img loading=\"lazy\" decoding=\"async\" src=\"http:\/\/www.oberschlesisches-landesmuseum.de\/images\/CD_Proskau.jpg\" alt=\"CD_Proskau\" width=\"132\" height=\"132\" \/><\/p>\n<p>Der digitale Katalog &#8220;Glanzpunkte schlesischer Keramik.<br \/>\nFayencen aus Proskau und Gliniz in Museen und Sammlungen.&#8221; zu Best\u00e4nden Proskauer Fayencen in Museen und Privatsammlungen sowie zu Angeboten des Kunsthandels ist im <a href=\"http:\/\/www.oberschlesisches-landesmuseum.de\/besuch\/museumsshop\/schriften-der-stiftung\/83\/8\/digitale-quellen-zur-schlesischen-landesgeschichte\/glanzpunkte-schlesischer-keramik-detail.html\" target=\"_blank\" rel=\"noopener noreferrer\">Museumsshop<\/a> f\u00fcr 19,80 Euro unter der Rubrik &#8220;Schriften der Stiftung&#8221; erh\u00e4ltlich.<\/p>\n<\/div>\n<\/div>\n<\/div>\n<\/div>\n<p>Quelle:<br \/>\n<a title=\"Oberschlesisches Landesmuseum\" href=\"http:\/\/www.oberschlesisches-landesmuseum.de\/ausstellungen\/archiv\/2009-2010\/47-07-11-2010-06-02-2011-glanzst%C3%BCcke-schlesischer-keramik-proskauer-fayencen.html\" target=\"_blank\" rel=\"noopener noreferrer\">Glanzst\u00fccke schlesischer Keramik &#8211; Proskauer Fayencen &#8211; Oberschlesisches Landesmuseum 2011<\/a><\/p>\n<h3><strong>Referenz Objekte:<br \/>\nProskauer Fayencen Peter Vogt M\u00fcnchen<\/strong><\/h3>\n\n<div uk-grid class=\"uk-child-width-1-2\">\n\n            <div class='uk-text-center'>\n\n            \n            <a href='https:\/\/www.fayence-steinzeug-vogt.de\/en\/18th-century-proskau-faience-partridge-tureen-and-cover\/'><img loading=\"lazy\" decoding=\"async\" width=\"300\" height=\"300\" src=\"https:\/\/www.fayence-steinzeug-vogt.de\/wp-content\/uploads\/2020\/02\/18th-century-Proskau-Faience-partridge-Tureen-and-Cover-300x300.jpg\" class=\"attachment-medium size-medium\" alt=\"Proskau Fayence Dose mit Deckel in Form eines Rebhuhn 18. Jh.\" srcset=\"https:\/\/www.fayence-steinzeug-vogt.de\/wp-content\/uploads\/2020\/02\/18th-century-Proskau-Faience-partridge-Tureen-and-Cover-300x300.jpg 300w, https:\/\/www.fayence-steinzeug-vogt.de\/wp-content\/uploads\/2020\/02\/18th-century-Proskau-Faience-partridge-Tureen-and-Cover-150x150.jpg 150w, https:\/\/www.fayence-steinzeug-vogt.de\/wp-content\/uploads\/2020\/02\/18th-century-Proskau-Faience-partridge-Tureen-and-Cover-768x768.jpg 768w, https:\/\/www.fayence-steinzeug-vogt.de\/wp-content\/uploads\/2020\/02\/18th-century-Proskau-Faience-partridge-Tureen-and-Cover.jpg 800w\" sizes=\"(max-width: 300px) 100vw, 300px\" \/><\/a>\n                            <div class='uk-panel uk-padding-small'>Proskauer Fayencedose in Form eines Rebhuhnes um 1770, bunte Muffelmalerei, H. 11 cm<\/div>\n            \n        <\/div>\n            <div class='uk-text-center'>\n\n            \n            <a href='https:\/\/www.fayence-steinzeug-vogt.de\/en\/proskau-faience-small-quail-tureen-and-cover-1800\/'><img loading=\"lazy\" decoding=\"async\" width=\"291\" height=\"300\" src=\"https:\/\/www.fayence-steinzeug-vogt.de\/wp-content\/uploads\/2020\/02\/Proskau-Faience-Small-Quail-Tureen-and-Cover-1800-291x300.jpg\" class=\"attachment-medium size-medium\" alt=\"Proskau Fayence Terrine mit Deckel in Form einer Wachtel um 1800\" srcset=\"https:\/\/www.fayence-steinzeug-vogt.de\/wp-content\/uploads\/2020\/02\/Proskau-Faience-Small-Quail-Tureen-and-Cover-1800-291x300.jpg 291w, https:\/\/www.fayence-steinzeug-vogt.de\/wp-content\/uploads\/2020\/02\/Proskau-Faience-Small-Quail-Tureen-and-Cover-1800-768x791.jpg 768w, https:\/\/www.fayence-steinzeug-vogt.de\/wp-content\/uploads\/2020\/02\/Proskau-Faience-Small-Quail-Tureen-and-Cover-1800.jpg 800w\" sizes=\"(max-width: 291px) 100vw, 291px\" \/><\/a>\n                            <div class='uk-panel uk-padding-small'>Proskauer Fayencedose in Form einer Wachtel um 1800, bunte Muffelmalerei, H. 12 cm<\/div>\n            \n        <\/div>\n            <div class='uk-text-center'>\n\n            \n            <a href='https:\/\/www.fayence-steinzeug-vogt.de\/en\/proskau-faience-tankard-with-musician-playing-the-baroque-lute\/'><img loading=\"lazy\" decoding=\"async\" width=\"200\" height=\"300\" src=\"https:\/\/www.fayence-steinzeug-vogt.de\/wp-content\/uploads\/2020\/02\/Proskau-Faience-Tankard-with-musician-playing-the-baroque-lute-e1580911110526-200x300.jpg\" class=\"attachment-medium size-medium\" alt=\"Proskau Fayence Humpen mit Musikant ca. 1819\" srcset=\"https:\/\/www.fayence-steinzeug-vogt.de\/wp-content\/uploads\/2020\/02\/Proskau-Faience-Tankard-with-musician-playing-the-baroque-lute-e1580911110526-200x300.jpg 200w, https:\/\/www.fayence-steinzeug-vogt.de\/wp-content\/uploads\/2020\/02\/Proskau-Faience-Tankard-with-musician-playing-the-baroque-lute-e1580911110526-683x1024.jpg 683w, https:\/\/www.fayence-steinzeug-vogt.de\/wp-content\/uploads\/2020\/02\/Proskau-Faience-Tankard-with-musician-playing-the-baroque-lute-e1580911110526-768x1152.jpg 768w, https:\/\/www.fayence-steinzeug-vogt.de\/wp-content\/uploads\/2020\/02\/Proskau-Faience-Tankard-with-musician-playing-the-baroque-lute-e1580911110526.jpg 800w\" sizes=\"(max-width: 200px) 100vw, 200px\" \/><\/a>\n                            <div class='uk-panel uk-padding-small'>Proskauer Musikantenkrug um 1819, der mit bunten Muffelfarben bemalt ist, H. 25 cm<\/div>\n            \n        <\/div>\n            <div class='uk-text-center'>\n\n            \n            <a href='https:\/\/www.fayence-steinzeug-vogt.de\/en\/proskau-fayence-proskau-faience\/proskau-fayence-walzenkrug-hornist-um-1800\/'><img loading=\"lazy\" decoding=\"async\" width=\"187\" height=\"300\" src=\"https:\/\/www.fayence-steinzeug-vogt.de\/wp-content\/uploads\/2016\/11\/Proskau-Fayence-Walzenkrug-Hornist-um-1800-187x300.jpg\" class=\"attachment-medium size-medium\" alt=\"proskau-fayence-walzenkrug-musikanten-um-1800\" srcset=\"https:\/\/www.fayence-steinzeug-vogt.de\/wp-content\/uploads\/2016\/11\/Proskau-Fayence-Walzenkrug-Hornist-um-1800-187x300.jpg 187w, https:\/\/www.fayence-steinzeug-vogt.de\/wp-content\/uploads\/2016\/11\/Proskau-Fayence-Walzenkrug-Hornist-um-1800-638x1024.jpg 638w, https:\/\/www.fayence-steinzeug-vogt.de\/wp-content\/uploads\/2016\/11\/Proskau-Fayence-Walzenkrug-Hornist-um-1800-768x1233.jpg 768w, https:\/\/www.fayence-steinzeug-vogt.de\/wp-content\/uploads\/2016\/11\/Proskau-Fayence-Walzenkrug-Hornist-um-1800-957x1536.jpg 957w, https:\/\/www.fayence-steinzeug-vogt.de\/wp-content\/uploads\/2016\/11\/Proskau-Fayence-Walzenkrug-Hornist-um-1800-1275x2048.jpg 1275w, https:\/\/www.fayence-steinzeug-vogt.de\/wp-content\/uploads\/2016\/11\/Proskau-Fayence-Walzenkrug-Hornist-um-1800-scaled.jpg 1594w\" sizes=\"(max-width: 187px) 100vw, 187px\" \/><\/a>\n                            <div class='uk-panel uk-padding-small'>Proskauer Musikantenkrug um 1805, Muffelfarben<\/div>\n            \n        <\/div>\n            <div class='uk-text-center'>\n\n            \n            <a href='https:\/\/www.fayence-steinzeug-vogt.de\/en\/proskau-faience-tankard-with-musician-playing-the-baroque-kettledrum\/'><img loading=\"lazy\" decoding=\"async\" width=\"200\" height=\"300\" src=\"https:\/\/www.fayence-steinzeug-vogt.de\/wp-content\/uploads\/2020\/02\/Proskau-Faience-Tankard-with-musician-playing-the-baroque-kettledrum-e1580911122928-200x300.jpg\" class=\"attachment-medium size-medium\" alt=\"Proskau Fayence Humpen mit Musikant ca. 1833\" srcset=\"https:\/\/www.fayence-steinzeug-vogt.de\/wp-content\/uploads\/2020\/02\/Proskau-Faience-Tankard-with-musician-playing-the-baroque-kettledrum-e1580911122928-200x300.jpg 200w, https:\/\/www.fayence-steinzeug-vogt.de\/wp-content\/uploads\/2020\/02\/Proskau-Faience-Tankard-with-musician-playing-the-baroque-kettledrum-e1580911122928-683x1024.jpg 683w, https:\/\/www.fayence-steinzeug-vogt.de\/wp-content\/uploads\/2020\/02\/Proskau-Faience-Tankard-with-musician-playing-the-baroque-kettledrum-e1580911122928-768x1152.jpg 768w, https:\/\/www.fayence-steinzeug-vogt.de\/wp-content\/uploads\/2020\/02\/Proskau-Faience-Tankard-with-musician-playing-the-baroque-kettledrum-e1580911122928.jpg 800w\" sizes=\"(max-width: 200px) 100vw, 200px\" \/><\/a>\n                            <div class='uk-panel uk-padding-small'>Proskauer Musikantenkrug um 1833, der mit bunten Muffelfarben bemalt ist, H. 25 cm<\/div>\n            \n        <\/div>\n            <div class='uk-text-center'>\n\n            \n            <a href='https:\/\/www.fayence-steinzeug-vogt.de\/en\/proskau-fayence-proskau-faience\/proskau-fayence-walzenkrug-musikanten-um-1800\/'><img loading=\"lazy\" decoding=\"async\" width=\"182\" height=\"300\" src=\"https:\/\/www.fayence-steinzeug-vogt.de\/wp-content\/uploads\/2016\/11\/Proskau-Fayence-Walzenkrug-Musikanten-um-1800-182x300.jpg\" class=\"attachment-medium size-medium\" alt=\"proskau-fayence-walzenkrug-musikanten-um-1800\" srcset=\"https:\/\/www.fayence-steinzeug-vogt.de\/wp-content\/uploads\/2016\/11\/Proskau-Fayence-Walzenkrug-Musikanten-um-1800-182x300.jpg 182w, https:\/\/www.fayence-steinzeug-vogt.de\/wp-content\/uploads\/2016\/11\/Proskau-Fayence-Walzenkrug-Musikanten-um-1800-621x1024.jpg 621w, https:\/\/www.fayence-steinzeug-vogt.de\/wp-content\/uploads\/2016\/11\/Proskau-Fayence-Walzenkrug-Musikanten-um-1800-768x1267.jpg 768w, https:\/\/www.fayence-steinzeug-vogt.de\/wp-content\/uploads\/2016\/11\/Proskau-Fayence-Walzenkrug-Musikanten-um-1800-931x1536.jpg 931w, https:\/\/www.fayence-steinzeug-vogt.de\/wp-content\/uploads\/2016\/11\/Proskau-Fayence-Walzenkrug-Musikanten-um-1800-1242x2048.jpg 1242w, https:\/\/www.fayence-steinzeug-vogt.de\/wp-content\/uploads\/2016\/11\/Proskau-Fayence-Walzenkrug-Musikanten-um-1800-scaled.jpg 1552w\" sizes=\"(max-width: 182px) 100vw, 182px\" \/><\/a>\n                            <div class='uk-panel uk-padding-small'>Proskauer Musikantenkrug um 1805, Muffelfarben<\/div>\n            \n        <\/div>\n            <div class='uk-text-center'>\n\n            \n            <a href='https:\/\/www.fayence-steinzeug-vogt.de\/en\/proskau-fayence-proskau-faience\/proskau-fayence-walzenkrug-musikant-um-1800\/'><img loading=\"lazy\" decoding=\"async\" width=\"176\" height=\"300\" src=\"https:\/\/www.fayence-steinzeug-vogt.de\/wp-content\/uploads\/2016\/11\/Proskau-Fayence-Walzenkrug-Musikant-um-1800-176x300.jpg\" class=\"attachment-medium size-medium\" alt=\"proskau-fayence-walzenkrug-musikant-um-1800\" srcset=\"https:\/\/www.fayence-steinzeug-vogt.de\/wp-content\/uploads\/2016\/11\/Proskau-Fayence-Walzenkrug-Musikant-um-1800-176x300.jpg 176w, https:\/\/www.fayence-steinzeug-vogt.de\/wp-content\/uploads\/2016\/11\/Proskau-Fayence-Walzenkrug-Musikant-um-1800-601x1024.jpg 601w, https:\/\/www.fayence-steinzeug-vogt.de\/wp-content\/uploads\/2016\/11\/Proskau-Fayence-Walzenkrug-Musikant-um-1800-768x1308.jpg 768w, https:\/\/www.fayence-steinzeug-vogt.de\/wp-content\/uploads\/2016\/11\/Proskau-Fayence-Walzenkrug-Musikant-um-1800-902x1536.jpg 902w, https:\/\/www.fayence-steinzeug-vogt.de\/wp-content\/uploads\/2016\/11\/Proskau-Fayence-Walzenkrug-Musikant-um-1800-1202x2048.jpg 1202w, https:\/\/www.fayence-steinzeug-vogt.de\/wp-content\/uploads\/2016\/11\/Proskau-Fayence-Walzenkrug-Musikant-um-1800-scaled.jpg 1503w\" sizes=\"(max-width: 176px) 100vw, 176px\" \/><\/a>\n                            <div class='uk-panel uk-padding-small'>Proskauer Musikantenkrug um 1800, Muffelfarben<\/div>\n            \n        <\/div>\n            <div class='uk-text-center'>\n\n            \n            <a href='https:\/\/www.fayence-steinzeug-vogt.de\/en\/crailsheim-par-force-ritt\/'><img loading=\"lazy\" decoding=\"async\" width=\"197\" height=\"300\" src=\"https:\/\/www.fayence-steinzeug-vogt.de\/wp-content\/uploads\/2016\/04\/CRailsheim-par-force-ritt-197x300.jpg\" class=\"attachment-medium size-medium\" alt=\"\" srcset=\"https:\/\/www.fayence-steinzeug-vogt.de\/wp-content\/uploads\/2016\/04\/CRailsheim-par-force-ritt-197x300.jpg 197w, https:\/\/www.fayence-steinzeug-vogt.de\/wp-content\/uploads\/2016\/04\/CRailsheim-par-force-ritt-672x1024.jpg 672w, https:\/\/www.fayence-steinzeug-vogt.de\/wp-content\/uploads\/2016\/04\/CRailsheim-par-force-ritt-768x1171.jpg 768w, https:\/\/www.fayence-steinzeug-vogt.de\/wp-content\/uploads\/2016\/04\/CRailsheim-par-force-ritt-1008x1536.jpg 1008w, https:\/\/www.fayence-steinzeug-vogt.de\/wp-content\/uploads\/2016\/04\/CRailsheim-par-force-ritt.jpg 1024w\" sizes=\"(max-width: 197px) 100vw, 197px\" \/><\/a>\n                            <div class='uk-panel uk-padding-small'>Crailsheimer Parforce Jagdkrug Scharffeuermalerei um 1770<\/div>\n            \n        <\/div>\n            <div class='uk-text-center'>\n\n            \n            <a href='https:\/\/www.fayence-steinzeug-vogt.de\/en\/crailsheim-hase-und-hund\/'><img loading=\"lazy\" decoding=\"async\" width=\"194\" height=\"300\" src=\"https:\/\/www.fayence-steinzeug-vogt.de\/wp-content\/uploads\/2016\/04\/Crailsheim-HAse-und-Hund-194x300.jpg\" class=\"attachment-medium size-medium\" alt=\"\" srcset=\"https:\/\/www.fayence-steinzeug-vogt.de\/wp-content\/uploads\/2016\/04\/Crailsheim-HAse-und-Hund-194x300.jpg 194w, https:\/\/www.fayence-steinzeug-vogt.de\/wp-content\/uploads\/2016\/04\/Crailsheim-HAse-und-Hund-662x1024.jpg 662w, https:\/\/www.fayence-steinzeug-vogt.de\/wp-content\/uploads\/2016\/04\/Crailsheim-HAse-und-Hund-768x1188.jpg 768w, https:\/\/www.fayence-steinzeug-vogt.de\/wp-content\/uploads\/2016\/04\/Crailsheim-HAse-und-Hund-993x1536.jpg 993w, https:\/\/www.fayence-steinzeug-vogt.de\/wp-content\/uploads\/2016\/04\/Crailsheim-HAse-und-Hund.jpg 1024w\" sizes=\"(max-width: 194px) 100vw, 194px\" \/><\/a>\n                            <div class='uk-panel uk-padding-small'>Crailsheimer Jagdkrug &#8220;Gelbe Familie&#8221; Scharffeuermalerei um 1780<\/div>\n            \n        <\/div>\n            <div class='uk-text-center'>\n\n            \n            <a href='https:\/\/www.fayence-steinzeug-vogt.de\/en\/proskauer-hasenkrug-um-1800\/'><img loading=\"lazy\" decoding=\"async\" width=\"200\" height=\"300\" src=\"https:\/\/www.fayence-steinzeug-vogt.de\/wp-content\/uploads\/2018\/01\/Proskauer-Hasenkrug-um-1800-200x300.jpg\" class=\"attachment-medium size-medium\" alt=\"Proskauer Hasenkrug um 1800\" srcset=\"https:\/\/www.fayence-steinzeug-vogt.de\/wp-content\/uploads\/2018\/01\/Proskauer-Hasenkrug-um-1800-200x300.jpg 200w, https:\/\/www.fayence-steinzeug-vogt.de\/wp-content\/uploads\/2018\/01\/Proskauer-Hasenkrug-um-1800-683x1024.jpg 683w, https:\/\/www.fayence-steinzeug-vogt.de\/wp-content\/uploads\/2018\/01\/Proskauer-Hasenkrug-um-1800-768x1152.jpg 768w, https:\/\/www.fayence-steinzeug-vogt.de\/wp-content\/uploads\/2018\/01\/Proskauer-Hasenkrug-um-1800.jpg 1024w\" sizes=\"(max-width: 200px) 100vw, 200px\" \/><\/a>\n                            <div class='uk-panel uk-padding-small'>Proskauer Hasenkrug um 1800, der mit bunten Muffelfarben bemalt ist, H. 22 cm<\/div>\n            \n        <\/div>\n            <div class='uk-text-center'>\n\n            \n            <a href='https:\/\/www.fayence-steinzeug-vogt.de\/en\/042_2015-72dpirgb\/'><img loading=\"lazy\" decoding=\"async\" width=\"214\" height=\"300\" src=\"https:\/\/www.fayence-steinzeug-vogt.de\/wp-content\/uploads\/2015\/01\/042_2015-72dpiRGB-e1480158743479-214x300.jpg\" class=\"attachment-medium size-medium\" alt=\"Proskauer Fayencewalzenkrug um 1790\" srcset=\"https:\/\/www.fayence-steinzeug-vogt.de\/wp-content\/uploads\/2015\/01\/042_2015-72dpiRGB-e1480158743479-214x300.jpg 214w, https:\/\/www.fayence-steinzeug-vogt.de\/wp-content\/uploads\/2015\/01\/042_2015-72dpiRGB-e1480158743479.jpg 618w\" sizes=\"(max-width: 214px) 100vw, 214px\" \/><\/a>\n                            <div class='uk-panel uk-padding-small'>Proskauer Fayencewalzenkrug um 1790, Sprottauer Zinnmontierung, H. 30 cm<\/div>\n            \n        <\/div>\n            <div class='uk-text-center'>\n\n            \n            <a href='https:\/\/www.fayence-steinzeug-vogt.de\/en\/proskau-fayence-proskau-faience\/proskau-fayence-terrine-um-1800\/'><img loading=\"lazy\" decoding=\"async\" width=\"300\" height=\"222\" src=\"https:\/\/www.fayence-steinzeug-vogt.de\/wp-content\/uploads\/2016\/11\/Proskau-Fayence-Terrine-um-1800-300x222.jpg\" class=\"attachment-medium size-medium\" alt=\"proskau-fayence-terrine-um-1800\" srcset=\"https:\/\/www.fayence-steinzeug-vogt.de\/wp-content\/uploads\/2016\/11\/Proskau-Fayence-Terrine-um-1800-300x222.jpg 300w, https:\/\/www.fayence-steinzeug-vogt.de\/wp-content\/uploads\/2016\/11\/Proskau-Fayence-Terrine-um-1800-1024x757.jpg 1024w, https:\/\/www.fayence-steinzeug-vogt.de\/wp-content\/uploads\/2016\/11\/Proskau-Fayence-Terrine-um-1800-768x568.jpg 768w, https:\/\/www.fayence-steinzeug-vogt.de\/wp-content\/uploads\/2016\/11\/Proskau-Fayence-Terrine-um-1800-1536x1136.jpg 1536w, https:\/\/www.fayence-steinzeug-vogt.de\/wp-content\/uploads\/2016\/11\/Proskau-Fayence-Terrine-um-1800.jpg 1920w\" sizes=\"(max-width: 300px) 100vw, 300px\" \/><\/a>\n                            <div class='uk-panel uk-padding-small'>Gro\u00dfe Proskauer Fayence Terrine um 1800<\/div>\n            \n        <\/div>\n            <div class='uk-text-center'>\n\n            \n            <a href='https:\/\/www.fayence-steinzeug-vogt.de\/en\/proskauer-deckelterrine-um-1782\/'><img loading=\"lazy\" decoding=\"async\" width=\"200\" height=\"300\" src=\"https:\/\/www.fayence-steinzeug-vogt.de\/wp-content\/uploads\/2018\/01\/Proskauer-Deckelterrine-um-1782-200x300.jpg\" class=\"attachment-medium size-medium\" alt=\"Proskauer Deckelterrine um 1782\" srcset=\"https:\/\/www.fayence-steinzeug-vogt.de\/wp-content\/uploads\/2018\/01\/Proskauer-Deckelterrine-um-1782-200x300.jpg 200w, https:\/\/www.fayence-steinzeug-vogt.de\/wp-content\/uploads\/2018\/01\/Proskauer-Deckelterrine-um-1782-683x1024.jpg 683w, https:\/\/www.fayence-steinzeug-vogt.de\/wp-content\/uploads\/2018\/01\/Proskauer-Deckelterrine-um-1782-768x1152.jpg 768w, https:\/\/www.fayence-steinzeug-vogt.de\/wp-content\/uploads\/2018\/01\/Proskauer-Deckelterrine-um-1782.jpg 1024w\" sizes=\"(max-width: 200px) 100vw, 200px\" \/><\/a>\n                            <div class='uk-panel uk-padding-small'>Proskauer Deckelterrine um 1782, Muffelmalerei und Manufakturmarke \u201eDP\u201c, H. 16 cm<\/div>\n            \n        <\/div>\n            <div class='uk-text-center'>\n\n            \n            <a href='https:\/\/www.fayence-steinzeug-vogt.de\/en\/proskau-fayence-proskau-faience\/proskau-2-fayence-zucker-dosen-ca-1800\/'><img loading=\"lazy\" decoding=\"async\" width=\"300\" height=\"200\" src=\"https:\/\/www.fayence-steinzeug-vogt.de\/wp-content\/uploads\/2016\/11\/Proskau-2-Fayence-Zucker-Dosen-ca.-1800-300x200.jpg\" class=\"attachment-medium size-medium\" alt=\"proskau-2-fayence-zucker-dosen-ca-1800\" srcset=\"https:\/\/www.fayence-steinzeug-vogt.de\/wp-content\/uploads\/2016\/11\/Proskau-2-Fayence-Zucker-Dosen-ca.-1800-300x200.jpg 300w, https:\/\/www.fayence-steinzeug-vogt.de\/wp-content\/uploads\/2016\/11\/Proskau-2-Fayence-Zucker-Dosen-ca.-1800-1024x683.jpg 1024w, https:\/\/www.fayence-steinzeug-vogt.de\/wp-content\/uploads\/2016\/11\/Proskau-2-Fayence-Zucker-Dosen-ca.-1800-768x512.jpg 768w, https:\/\/www.fayence-steinzeug-vogt.de\/wp-content\/uploads\/2016\/11\/Proskau-2-Fayence-Zucker-Dosen-ca.-1800-1536x1024.jpg 1536w, https:\/\/www.fayence-steinzeug-vogt.de\/wp-content\/uploads\/2016\/11\/Proskau-2-Fayence-Zucker-Dosen-ca.-1800.jpg 1920w\" sizes=\"(max-width: 300px) 100vw, 300px\" \/><\/a>\n                            <div class='uk-panel uk-padding-small'>Proskau Fayence Zucker Dosen mit H\u00fcndchen um 1800<\/div>\n            \n        <\/div>\n            <div class='uk-text-center'>\n\n            \n            <a href='https:\/\/www.fayence-steinzeug-vogt.de\/en\/proskau-schreibzeug-um-1780\/'><img loading=\"lazy\" decoding=\"async\" width=\"300\" height=\"192\" src=\"https:\/\/www.fayence-steinzeug-vogt.de\/wp-content\/uploads\/2015\/01\/Proskau-Schreibzeug-um-1780-300x192.jpg\" class=\"attachment-medium size-medium\" alt=\"\" srcset=\"https:\/\/www.fayence-steinzeug-vogt.de\/wp-content\/uploads\/2015\/01\/Proskau-Schreibzeug-um-1780-300x192.jpg 300w, https:\/\/www.fayence-steinzeug-vogt.de\/wp-content\/uploads\/2015\/01\/Proskau-Schreibzeug-um-1780-1024x656.jpg 1024w, https:\/\/www.fayence-steinzeug-vogt.de\/wp-content\/uploads\/2015\/01\/Proskau-Schreibzeug-um-1780-768x492.jpg 768w, https:\/\/www.fayence-steinzeug-vogt.de\/wp-content\/uploads\/2015\/01\/Proskau-Schreibzeug-um-1780-1536x984.jpg 1536w, https:\/\/www.fayence-steinzeug-vogt.de\/wp-content\/uploads\/2015\/01\/Proskau-Schreibzeug-um-1780.jpg 1920w\" sizes=\"(max-width: 300px) 100vw, 300px\" \/><\/a>\n                            <div class='uk-panel uk-padding-small'>Proskauer Schreibzeug mit Muffelmalerei Manufakturmarke &#8220;DP&#8221; um 1780, B. 29 cm<\/div>\n            \n        <\/div>\n            <div class='uk-text-center'>\n\n            \n            <a href='https:\/\/www.fayence-steinzeug-vogt.de\/en\/proskauer-fayencekanne\/'><img loading=\"lazy\" decoding=\"async\" width=\"199\" height=\"300\" src=\"https:\/\/www.fayence-steinzeug-vogt.de\/wp-content\/uploads\/2015\/04\/Proskauer-Fayencekanne-e1480158793927-199x300.jpg\" class=\"attachment-medium size-medium\" alt=\"Proskauer Fayencekanne um 1780\" srcset=\"https:\/\/www.fayence-steinzeug-vogt.de\/wp-content\/uploads\/2015\/04\/Proskauer-Fayencekanne-e1480158793927-199x300.jpg 199w, https:\/\/www.fayence-steinzeug-vogt.de\/wp-content\/uploads\/2015\/04\/Proskauer-Fayencekanne-e1480158793927-678x1024.jpg 678w, https:\/\/www.fayence-steinzeug-vogt.de\/wp-content\/uploads\/2015\/04\/Proskauer-Fayencekanne-e1480158793927-768x1160.jpg 768w, https:\/\/www.fayence-steinzeug-vogt.de\/wp-content\/uploads\/2015\/04\/Proskauer-Fayencekanne-e1480158793927-1017x1536.jpg 1017w, https:\/\/www.fayence-steinzeug-vogt.de\/wp-content\/uploads\/2015\/04\/Proskauer-Fayencekanne-e1480158793927.jpg 1221w\" sizes=\"(max-width: 199px) 100vw, 199px\" \/><\/a>\n                            <div class='uk-panel uk-padding-small'>Proskauer Fayencekanne um 1780, auf dem Boden mangane Manufakturmarke \u201eP\u201c, H. 17 cm<\/div>\n            \n        <\/div>\n    \n<\/div>\n\n","protected":false},"excerpt":{"rendered":"<p>Fayence aus der Proskauer Manufaktur geh\u00f6rte fr\u00fcher zur Zierde barocker Tafeln und schm\u00fcckten herrschaftliche Wohnsitze. Faience from the Proskau manufactory used to decorate baroque tables and adorned mansions. Proskau Marken um 1800 Bis heute wird oberschlesische Fayence aus Proskau aus der zweiten H\u00e4lfte des 18. Jahrhunderts sehr gesch\u00e4tzt und gesammelt. To this very day Upper [&hellip;]<\/p>\n","protected":false},"author":2,"featured_media":5752,"comment_status":"closed","ping_status":"closed","sticky":false,"template":"","format":"standard","meta":{"footnotes":""},"categories":[28,31,30],"tags":[423,467,469,529,530,576,577,42,44,406,407,418],"class_list":["post-2543","post","type-post","status-publish","format-standard","has-post-thumbnail","hentry","category-european-ceramics","category-faience","category-expert-knowledge","tag-muzeum-gliwice","tag-proskau","tag-proszkow-fajans","tag-schlesischer-kulturspiegel","tag-schlesisches-landesmuseum","tag-stiftung-haus-oberschlesien","tag-stiftung-kulturwerk-schlesien","tag-18-jhd","tag-18th-century-works-of-art","tag-muffelfarben","tag-muffelmalerei","tag-musikant"],"_links":{"self":[{"href":"https:\/\/www.fayence-steinzeug-vogt.de\/en\/wp-json\/wp\/v2\/posts\/2543","targetHints":{"allow":["GET"]}}],"collection":[{"href":"https:\/\/www.fayence-steinzeug-vogt.de\/en\/wp-json\/wp\/v2\/posts"}],"about":[{"href":"https:\/\/www.fayence-steinzeug-vogt.de\/en\/wp-json\/wp\/v2\/types\/post"}],"author":[{"embeddable":true,"href":"https:\/\/www.fayence-steinzeug-vogt.de\/en\/wp-json\/wp\/v2\/users\/2"}],"replies":[{"embeddable":true,"href":"https:\/\/www.fayence-steinzeug-vogt.de\/en\/wp-json\/wp\/v2\/comments?post=2543"}],"version-history":[{"count":1,"href":"https:\/\/www.fayence-steinzeug-vogt.de\/en\/wp-json\/wp\/v2\/posts\/2543\/revisions"}],"predecessor-version":[{"id":8491,"href":"https:\/\/www.fayence-steinzeug-vogt.de\/en\/wp-json\/wp\/v2\/posts\/2543\/revisions\/8491"}],"wp:featuredmedia":[{"embeddable":true,"href":"https:\/\/www.fayence-steinzeug-vogt.de\/en\/wp-json\/wp\/v2\/media\/5752"}],"wp:attachment":[{"href":"https:\/\/www.fayence-steinzeug-vogt.de\/en\/wp-json\/wp\/v2\/media?parent=2543"}],"wp:term":[{"taxonomy":"category","embeddable":true,"href":"https:\/\/www.fayence-steinzeug-vogt.de\/en\/wp-json\/wp\/v2\/categories?post=2543"},{"taxonomy":"post_tag","embeddable":true,"href":"https:\/\/www.fayence-steinzeug-vogt.de\/en\/wp-json\/wp\/v2\/tags?post=2543"}],"curies":[{"name":"wp","href":"https:\/\/api.w.org\/{rel}","templated":true}]}}