{"id":3182,"date":"2017-04-02T22:08:21","date_gmt":"2017-04-02T20:08:21","guid":{"rendered":"http:\/\/www.fayence-steinzeug-vogt.de\/?p=3182"},"modified":"2022-07-15T13:19:32","modified_gmt":"2022-07-15T11:19:32","slug":"ansbacher-karpfenteichplatte-gruene-familie-um-1735","status":"publish","type":"post","link":"https:\/\/www.fayence-steinzeug-vogt.de\/en\/ansbacher-karpfenteichplatte-gruene-familie-um-1735\/","title":{"rendered":"Ansbacher Karpfenteichplatte um 1735"},"content":{"rendered":"\n<h3 class=\"wp-block-heading\">Ansbacher Fayence Karpfenteichplatte der \u201eGr\u00fcnen Familie\u201c um 1735<br><br>Bemalung in Muffelfarben wird Johann Wolfgang Meyerh\u00f6ffer zugeschrieben<\/h3>\n\n\n\n<figure class=\"wp-block-gallery has-nested-images columns-default is-cropped wp-block-gallery-1 is-layout-flex wp-block-gallery-is-layout-flex\">\n<figure class=\"wp-block-image size-full\"><img loading=\"lazy\" decoding=\"async\" width=\"500\" height=\"491\" data-id=\"3153\" src=\"https:\/\/stage.fayence-steinzeug-vogt.de\/wp-content\/uploads\/2015\/01\/Ansbacher-Karpfenteichplatte-Grunen-Familie-um-1735-e1500057655323.jpg\" alt=\"Ansbacher Karpfenteichplatte Gr\u00fcnen Familie um 1735\" class=\"wp-image-3153\" srcset=\"https:\/\/www.fayence-steinzeug-vogt.de\/wp-content\/uploads\/2015\/01\/Ansbacher-Karpfenteichplatte-Grunen-Familie-um-1735-e1500057655323.jpg 500w, https:\/\/www.fayence-steinzeug-vogt.de\/wp-content\/uploads\/2015\/01\/Ansbacher-Karpfenteichplatte-Grunen-Familie-um-1735-e1500057655323-300x295.jpg 300w\" sizes=\"(max-width: 500px) 100vw, 500px\" \/><figcaption>Ansbacher Karpfenteichplatte der \u201eGr\u00fcnen Familie\u201c um 1735, mit leuchtenden Muffelfarben bemalt<\/figcaption><\/figure>\n\n\n\n<figure class=\"wp-block-image size-full\"><img loading=\"lazy\" decoding=\"async\" width=\"1024\" height=\"981\" data-id=\"3037\" src=\"https:\/\/stage.fayence-steinzeug-vogt.de\/wp-content\/uploads\/2017\/03\/Ansbach-Karpfenteich-Platte-Grune-Familie-um-1735.jpg\" alt=\"Ansbach Karpfenteich Platte Gr\u00fcne Familie um 1735\" class=\"wp-image-3037\" srcset=\"https:\/\/www.fayence-steinzeug-vogt.de\/wp-content\/uploads\/2017\/03\/Ansbach-Karpfenteich-Platte-Grune-Familie-um-1735.jpg 1024w, https:\/\/www.fayence-steinzeug-vogt.de\/wp-content\/uploads\/2017\/03\/Ansbach-Karpfenteich-Platte-Grune-Familie-um-1735-300x287.jpg 300w, https:\/\/www.fayence-steinzeug-vogt.de\/wp-content\/uploads\/2017\/03\/Ansbach-Karpfenteich-Platte-Grune-Familie-um-1735-768x736.jpg 768w\" sizes=\"(max-width: 1024px) 100vw, 1024px\" \/><figcaption>Bemalung Johann Wolfgang Meyerh\u00f6ffer zugeschrieben, D. 33 cm<\/figcaption><\/figure>\n<\/figure>\n\n\n\n<figure class=\"wp-block-image alignnone is-resized\"><a href=\"https:\/\/stage.fayence-steinzeug-vogt.de\/wp-content\/uploads\/2017\/04\/Ruckseite-Ansbacher-Karpfenteichplatte-der-Grunen-Familie-um-1735.jpg\"><img loading=\"lazy\" decoding=\"async\" src=\"https:\/\/stage.fayence-steinzeug-vogt.de\/wp-content\/uploads\/2017\/04\/Ruckseite-Ansbacher-Karpfenteichplatte-der-Grunen-Familie-um-1735.jpg\" alt=\"R\u00fcckseite Ansbacher Karpfenteichplatte der Gr\u00fcnen Familie um 1735\" class=\"wp-image-3186\" width=\"410\" height=\"389\" srcset=\"https:\/\/www.fayence-steinzeug-vogt.de\/wp-content\/uploads\/2017\/04\/Ruckseite-Ansbacher-Karpfenteichplatte-der-Grunen-Familie-um-1735.jpg 800w, https:\/\/www.fayence-steinzeug-vogt.de\/wp-content\/uploads\/2017\/04\/Ruckseite-Ansbacher-Karpfenteichplatte-der-Grunen-Familie-um-1735-300x285.jpg 300w, https:\/\/www.fayence-steinzeug-vogt.de\/wp-content\/uploads\/2017\/04\/Ruckseite-Ansbacher-Karpfenteichplatte-der-Grunen-Familie-um-1735-768x729.jpg 768w\" sizes=\"(max-width: 410px) 100vw, 410px\" \/><\/a><figcaption>R\u00fcckseite Ansbacher Karpfenteichplatte der Gr\u00fcnen Familie um 1735<\/figcaption><\/figure>\n\n\n\n<p><strong>Provenienz: S\u00fcddeutsche Fayencen, Sammlung Igo Levi, Luzern,<br>Weinm\u00fcller <strong>Auktion 81 April 1962 Katalog 89<\/strong><\/strong> <strong>Titel und Tafel 7 &#8211;<br><\/strong><\/p>\n\n\n\n<figure class=\"wp-block-gallery has-nested-images columns-2 is-cropped wp-block-gallery-2 is-layout-flex wp-block-gallery-is-layout-flex\">\n<figure class=\"wp-block-image size-large\"><img loading=\"lazy\" decoding=\"async\" width=\"1196\" height=\"1671\" data-id=\"3090\" src=\"https:\/\/stage.fayence-steinzeug-vogt.de\/wp-content\/uploads\/2017\/03\/Suddeutsche-Fayencen-Sammlung-Igo-Levi-Luzern-Weinmuller.jpg\" alt=\"S\u00fcddeutsche Fayencen - Sammlung Igo Levi Luzern - Weinm\u00fcller\" class=\"wp-image-3090\" srcset=\"https:\/\/www.fayence-steinzeug-vogt.de\/wp-content\/uploads\/2017\/03\/Suddeutsche-Fayencen-Sammlung-Igo-Levi-Luzern-Weinmuller.jpg 1196w, https:\/\/www.fayence-steinzeug-vogt.de\/wp-content\/uploads\/2017\/03\/Suddeutsche-Fayencen-Sammlung-Igo-Levi-Luzern-Weinmuller-215x300.jpg 215w, https:\/\/www.fayence-steinzeug-vogt.de\/wp-content\/uploads\/2017\/03\/Suddeutsche-Fayencen-Sammlung-Igo-Levi-Luzern-Weinmuller-733x1024.jpg 733w, https:\/\/www.fayence-steinzeug-vogt.de\/wp-content\/uploads\/2017\/03\/Suddeutsche-Fayencen-Sammlung-Igo-Levi-Luzern-Weinmuller-768x1073.jpg 768w, https:\/\/www.fayence-steinzeug-vogt.de\/wp-content\/uploads\/2017\/03\/Suddeutsche-Fayencen-Sammlung-Igo-Levi-Luzern-Weinmuller-1099x1536.jpg 1099w\" sizes=\"(max-width: 1196px) 100vw, 1196px\" \/><\/figure>\n\n\n\n<figure class=\"wp-block-image size-large\"><img loading=\"lazy\" decoding=\"async\" width=\"800\" height=\"1151\" data-id=\"3201\" src=\"https:\/\/stage.fayence-steinzeug-vogt.de\/wp-content\/uploads\/2017\/04\/Weinmuller-Auktion-81-April-1962-Katalog-89-Ansbach.jpg\" alt=\"\" class=\"wp-image-3201\" srcset=\"https:\/\/www.fayence-steinzeug-vogt.de\/wp-content\/uploads\/2017\/04\/Weinmuller-Auktion-81-April-1962-Katalog-89-Ansbach.jpg 800w, https:\/\/www.fayence-steinzeug-vogt.de\/wp-content\/uploads\/2017\/04\/Weinmuller-Auktion-81-April-1962-Katalog-89-Ansbach-209x300.jpg 209w, https:\/\/www.fayence-steinzeug-vogt.de\/wp-content\/uploads\/2017\/04\/Weinmuller-Auktion-81-April-1962-Katalog-89-Ansbach-712x1024.jpg 712w, https:\/\/www.fayence-steinzeug-vogt.de\/wp-content\/uploads\/2017\/04\/Weinmuller-Auktion-81-April-1962-Katalog-89-Ansbach-768x1105.jpg 768w\" sizes=\"(max-width: 800px) 100vw, 800px\" \/><figcaption>Abgebildet im Katalog S\u00fcddeutsche Fayencen, Sammlung Igo Levi, Luzern,<\/figcaption><\/figure>\n<\/figure>\n\n\n\n<p><span style=\"border-radius: 2px; text-indent: 20px; width: auto; padding: 0px 4px 0px 0px; text-align: center; font: bold 11px\/20px 'Helvetica Neue',Helvetica,sans-serif; color: #ffffff; background: #bd081c no-repeat scroll 3px 50% \/ 14px 14px; position: absolute; opacity: 1; z-index: 8675309; display: none; cursor: pointer; top: 168px; left: 24px;\">Merken<\/span><\/p>\n\n\n\n<p><span style=\"border-radius: 2px; text-indent: 20px; width: auto; padding: 0px 4px 0px 0px; text-align: center; font: bold 11px\/20px 'Helvetica Neue',Helvetica,sans-serif; color: #ffffff; background: #bd081c no-repeat scroll 3px 50% \/ 14px 14px; position: absolute; opacity: 1; z-index: 8675309; display: none; cursor: pointer; top: 206px; left: 24px;\">Merken<\/span><\/p>\n\n\n\n<div id=\"balloon_parent_div_ab\" class=\"kisb\" style=\"visibility: hidden; position: absolute; left: 269px; top: 152px;\">\n<div class=\"kl_abmenu\">Zu Anti-Banner hinzuf\u00fcgen<\/div>\n<\/div>\n\n\n\n<p><span style=\"border-radius: 2px; text-indent: 20px; width: auto; padding: 0px 4px 0px 0px; text-align: center; font: bold 11px\/20px 'Helvetica Neue',Helvetica,sans-serif; color: #ffffff; background: #bd081c no-repeat scroll 3px 50% \/ 14px 14px; position: absolute; opacity: 1; z-index: 8675309; display: none; cursor: pointer;\">Merken<\/span><\/p>\n\n\n\n<p><span style=\"border-radius: 2px; text-indent: 20px; width: auto; padding: 0px 4px 0px 0px; text-align: center; font: bold 11px\/20px 'Helvetica Neue',Helvetica,sans-serif; color: #ffffff; background: #bd081c no-repeat scroll 3px 50% \/ 14px 14px; position: absolute; opacity: 1; z-index: 8675309; display: none; cursor: pointer;\">Merken<\/span><\/p>\n\n\n\n<p><span style=\"border-radius: 2px; text-indent: 20px; width: auto; padding: 0px 4px 0px 0px; text-align: center; font: bold 11px\/20px 'Helvetica Neue',Helvetica,sans-serif; color: #ffffff; background: #bd081c no-repeat scroll 3px 50% \/ 14px 14px; position: absolute; opacity: 1; z-index: 8675309; display: none; cursor: pointer;\">Merken<\/span><\/p>\n\n\n\n<p><span style=\"border-radius: 2px; text-indent: 20px; width: auto; padding: 0px 4px 0px 0px; text-align: center; font: bold 11px\/20px 'Helvetica Neue',Helvetica,sans-serif; color: #ffffff; background: #bd081c no-repeat scroll 3px 50% \/ 14px 14px; position: absolute; opacity: 1; z-index: 8675309; display: none; cursor: pointer; top: 230px; left: 24px;\">Merken<\/span><\/p>\n\n\n\n<p><span style=\"border-radius: 2px; text-indent: 20px; width: auto; padding: 0px 4px 0px 0px; text-align: center; font: bold 11px\/20px 'Helvetica Neue',Helvetica,sans-serif; color: #ffffff; background: #bd081c no-repeat scroll 3px 50% \/ 14px 14px; position: absolute; opacity: 1; z-index: 8675309; display: none; cursor: pointer;\">Merken<\/span><\/p>\n\n\n\n<p><span style=\"border-radius: 2px; text-indent: 20px; width: auto; padding: 0px 4px 0px 0px; text-align: center; font: bold 11px\/20px 'Helvetica Neue',Helvetica,sans-serif; color: #ffffff; background: #bd081c no-repeat scroll 3px 50% \/ 14px 14px; position: absolute; opacity: 1; z-index: 8675309; display: none; cursor: pointer; top: 1682px; left: 20px;\">Merken<\/span><\/p>\n\n\n\n<p><span style=\"border-radius: 2px; text-indent: 20px; width: auto; padding: 0px 4px 0px 0px; text-align: center; font: bold 11px\/20px 'Helvetica Neue',Helvetica,sans-serif; color: #ffffff; background: #bd081c no-repeat scroll 3px 50% \/ 14px 14px; position: absolute; opacity: 1; z-index: 8675309; display: none; cursor: pointer;\">Merken<\/span><\/p>\n\n\n\n<p><span style=\"border-radius: 2px; text-indent: 20px; width: auto; padding: 0px 4px 0px 0px; text-align: center; font: bold 11px\/20px 'Helvetica Neue',Helvetica,sans-serif; color: #ffffff; background: #bd081c no-repeat scroll 3px 50% \/ 14px 14px; position: absolute; opacity: 1; z-index: 8675309; display: none; cursor: pointer;\">Merken<\/span><\/p>\n\n\n\n<p><span style=\"border-radius: 2px; text-indent: 20px; width: auto; padding: 0px 4px 0px 0px; text-align: center; font: bold 11px\/20px 'Helvetica Neue',Helvetica,sans-serif; color: #ffffff; background: #bd081c no-repeat scroll 3px 50% \/ 14px 14px; position: absolute; opacity: 1; z-index: 8675309; display: none; cursor: pointer; top: 1682px; left: 20px;\">Merken<\/span><\/p>\n\n\n\n<p><span style=\"border-radius: 2px; text-indent: 20px; width: auto; padding: 0px 4px 0px 0px; text-align: center; font: bold 11px\/20px 'Helvetica Neue',Helvetica,sans-serif; color: #ffffff; background: #bd081c no-repeat scroll 3px 50% \/ 14px 14px; position: absolute; opacity: 1; z-index: 8675309; display: none; cursor: pointer; top: 945px; left: 24px;\">Merken<\/span><\/p>\n\n\n\n<p><span style=\"border-radius: 2px; text-indent: 20px; width: auto; padding: 0px 4px 0px 0px; text-align: center; font: bold 11px\/20px 'Helvetica Neue',Helvetica,sans-serif; color: #ffffff; background: #bd081c no-repeat scroll 3px 50% \/ 14px 14px; position: absolute; opacity: 1; z-index: 8675309; display: none; cursor: pointer;\">Merken<\/span><\/p>\n\n\n\n<p><span style=\"border-radius: 2px; text-indent: 20px; width: auto; padding: 0px 4px 0px 0px; text-align: center; font: bold 11px\/20px 'Helvetica Neue',Helvetica,sans-serif; color: #ffffff; background: #bd081c no-repeat scroll 3px 50% \/ 14px 14px; position: absolute; opacity: 1; z-index: 8675309; display: none; cursor: pointer; top: 230px; left: 24px;\">Merken<\/span><\/p>\n\n\n\n<p><span style=\"border-radius: 2px; text-indent: 20px; width: auto; padding: 0px 4px 0px 0px; text-align: center; font: bold 11px\/20px 'Helvetica Neue',Helvetica,sans-serif; color: #ffffff; background: #bd081c no-repeat scroll 3px 50% \/ 14px 14px; position: absolute; opacity: 1; z-index: 8675309; display: none; cursor: pointer;\">Merken<\/span><\/p>\n\n\n\n<p><span style=\"border-radius: 2px; text-indent: 20px; width: auto; padding: 0px 4px 0px 0px; text-align: center; font: bold 11px\/20px 'Helvetica Neue',Helvetica,sans-serif; color: #ffffff; background: #bd081c no-repeat scroll 3px 50% \/ 14px 14px; position: absolute; opacity: 1; z-index: 8675309; display: none; cursor: pointer;\">Merken<\/span><\/p>\n\n\n\n<p><span style=\"border-radius: 2px; text-indent: 20px; width: auto; padding: 0px 4px 0px 0px; text-align: center; font: bold 11px\/20px 'Helvetica Neue',Helvetica,sans-serif; color: #ffffff; background: #bd081c  no-repeat scroll 3px 50% \/ 14px 14px; position: absolute; opacity: 1; z-index: 8675309; display: none; cursor: pointer;\">Merken<\/span><\/p>\n","protected":false},"excerpt":{"rendered":"<p>Ansbacher Fayence Karpfenteichplatte der \u201eGr\u00fcnen Familie\u201c um 1735 Bemalung in Muffelfarben wird Johann Wolfgang Meyerh\u00f6ffer zugeschrieben Ansbacher Karpfenteichplatte der \u201eGr\u00fcnen Familie\u201c um 1735, mit leuchtenden Muffelfarben bemalt Bemalung Johann Wolfgang Meyerh\u00f6ffer zugeschrieben, D. 33 cm R\u00fcckseite Ansbacher Karpfenteichplatte der Gr\u00fcnen Familie um 1735 Provenienz: S\u00fcddeutsche Fayencen, Sammlung Igo Levi, Luzern,Weinm\u00fcller Auktion 81 April 1962 Katalog [&hellip;]<\/p>\n","protected":false},"author":2,"featured_media":3194,"comment_status":"closed","ping_status":"closed","sticky":false,"template":"","format":"standard","meta":{"footnotes":""},"categories":[31],"tags":[42,210,250,317,326,407,508,616],"class_list":["post-3182","post","type-post","status-publish","format-standard","has-post-thumbnail","hentry","category-faience","tag-18-jhd","tag-fayence","tag-gruene-familie","tag-johann-wolfgang-meyerhoeffer","tag-karpfenteich","tag-muffelmalerei","tag-sammlung-igo-levi","tag-weinmueller-muenchen"],"_links":{"self":[{"href":"https:\/\/www.fayence-steinzeug-vogt.de\/en\/wp-json\/wp\/v2\/posts\/3182","targetHints":{"allow":["GET"]}}],"collection":[{"href":"https:\/\/www.fayence-steinzeug-vogt.de\/en\/wp-json\/wp\/v2\/posts"}],"about":[{"href":"https:\/\/www.fayence-steinzeug-vogt.de\/en\/wp-json\/wp\/v2\/types\/post"}],"author":[{"embeddable":true,"href":"https:\/\/www.fayence-steinzeug-vogt.de\/en\/wp-json\/wp\/v2\/users\/2"}],"replies":[{"embeddable":true,"href":"https:\/\/www.fayence-steinzeug-vogt.de\/en\/wp-json\/wp\/v2\/comments?post=3182"}],"version-history":[{"count":2,"href":"https:\/\/www.fayence-steinzeug-vogt.de\/en\/wp-json\/wp\/v2\/posts\/3182\/revisions"}],"predecessor-version":[{"id":8565,"href":"https:\/\/www.fayence-steinzeug-vogt.de\/en\/wp-json\/wp\/v2\/posts\/3182\/revisions\/8565"}],"wp:featuredmedia":[{"embeddable":true,"href":"https:\/\/www.fayence-steinzeug-vogt.de\/en\/wp-json\/wp\/v2\/media\/3194"}],"wp:attachment":[{"href":"https:\/\/www.fayence-steinzeug-vogt.de\/en\/wp-json\/wp\/v2\/media?parent=3182"}],"wp:term":[{"taxonomy":"category","embeddable":true,"href":"https:\/\/www.fayence-steinzeug-vogt.de\/en\/wp-json\/wp\/v2\/categories?post=3182"},{"taxonomy":"post_tag","embeddable":true,"href":"https:\/\/www.fayence-steinzeug-vogt.de\/en\/wp-json\/wp\/v2\/tags?post=3182"}],"curies":[{"name":"wp","href":"https:\/\/api.w.org\/{rel}","templated":true}]}}