{"id":3755,"date":"2017-08-30T11:35:34","date_gmt":"2017-08-30T09:35:34","guid":{"rendered":"http:\/\/www.fayence-steinzeug-vogt.de\/?p=3755"},"modified":"2022-08-22T22:23:34","modified_gmt":"2022-08-22T20:23:34","slug":"albarello-pesaro-um-1750","status":"publish","type":"post","link":"https:\/\/www.fayence-steinzeug-vogt.de\/en\/albarello-pesaro-um-1750\/","title":{"rendered":"Albarello Pesaro um 1750"},"content":{"rendered":"<p>Die Sonnenblumen passen perfekt zum Decor des <strong>Albarello aus Pesaro aus der<br \/>\nManufaktur von Ignazio Callegari<\/strong> gefertigt in der <strong>ersten H\u00e4lfte des 18. Jahrhunderts<\/strong>.<\/p>\n<figure id=\"attachment_3772\" aria-describedby=\"caption-attachment-3772\" style=\"width: 800px\" class=\"wp-caption alignnone\"><a href=\"https:\/\/stage.fayence-steinzeug-vogt.de\/wp-content\/uploads\/2017\/08\/Albarello-Pesaro-18.-JH.jpg\"><img loading=\"lazy\" decoding=\"async\" class=\"size-full wp-image-3772\" src=\"https:\/\/stage.fayence-steinzeug-vogt.de\/wp-content\/uploads\/2017\/08\/Albarello-Pesaro-18.-JH.jpg\" alt=\"Albarello Pesaro Fabbrica di Ignazio Callegari um 1750\" width=\"800\" height=\"1042\" srcset=\"https:\/\/www.fayence-steinzeug-vogt.de\/wp-content\/uploads\/2017\/08\/Albarello-Pesaro-18.-JH.jpg 800w, https:\/\/www.fayence-steinzeug-vogt.de\/wp-content\/uploads\/2017\/08\/Albarello-Pesaro-18.-JH-230x300.jpg 230w, https:\/\/www.fayence-steinzeug-vogt.de\/wp-content\/uploads\/2017\/08\/Albarello-Pesaro-18.-JH-786x1024.jpg 786w, https:\/\/www.fayence-steinzeug-vogt.de\/wp-content\/uploads\/2017\/08\/Albarello-Pesaro-18.-JH-768x1000.jpg 768w\" sizes=\"(max-width: 800px) 100vw, 800px\" \/><\/a><figcaption id=\"caption-attachment-3772\" class=\"wp-caption-text\">Albarello Pesaro Fabbrica di Ignazio Callegari um 1750<\/figcaption><\/figure>\n<figure id=\"attachment_3773\" aria-describedby=\"caption-attachment-3773\" style=\"width: 594px\" class=\"wp-caption alignnone\"><a href=\"https:\/\/stage.fayence-steinzeug-vogt.de\/wp-content\/uploads\/2017\/08\/Albarello-Pesaro-um-1750-Detail.jpg\"><img loading=\"lazy\" decoding=\"async\" class=\"size-full wp-image-3773\" src=\"https:\/\/stage.fayence-steinzeug-vogt.de\/wp-content\/uploads\/2017\/08\/Albarello-Pesaro-um-1750-Detail.jpg\" alt=\"Detail Albarello Pesaro Fabbrica di Ignazio Callegari um 1750\" width=\"594\" height=\"516\" srcset=\"https:\/\/www.fayence-steinzeug-vogt.de\/wp-content\/uploads\/2017\/08\/Albarello-Pesaro-um-1750-Detail.jpg 594w, https:\/\/www.fayence-steinzeug-vogt.de\/wp-content\/uploads\/2017\/08\/Albarello-Pesaro-um-1750-Detail-300x261.jpg 300w\" sizes=\"(max-width: 594px) 100vw, 594px\" \/><\/a><figcaption id=\"caption-attachment-3773\" class=\"wp-caption-text\">Detail Albarello Pesaro Fabbrica di Ignazio Callegari um 1750<\/figcaption><\/figure>\n<p><strong>Raus aus der Vitrine<\/strong> gut gesch\u00fctzt mit einem Kunststoffeinsatz um<br \/>\ndas Eindringen von Feuchigkeit in die Fayence zu verhindern.<br \/>\n(Gepr\u00fcft und f\u00fcr gut befunden vom Schw\u00e4bischen Hausfrauen T\u00dcV \ud83d\ude42<\/p>\n<p>So kann ich den wundervollen Gef\u00e4\u00dfe auch <strong>im Alltag Raum geben<\/strong>.<\/p>\n<p>Nachfolgend noch mehr <strong>Beispiele<\/strong> als Inspiration!<\/p>\n\n<div uk-grid class=\"uk-child-width-1-2\">\n\n            <div class='uk-text-center'>\n\n            \n            <a href='https:\/\/www.fayence-steinzeug-vogt.de\/en\/albarello-pesaro-um-1750\/apothekengefaess-westerwald-um-1650\/'><img loading=\"lazy\" decoding=\"async\" width=\"265\" height=\"300\" src=\"https:\/\/www.fayence-steinzeug-vogt.de\/wp-content\/uploads\/2017\/08\/Apothekengefas-Westerwald-um-1650-265x300.jpg\" class=\"attachment-medium size-medium\" alt=\"Antique Westerwald stoneware apothecary jar 17thcentury\" srcset=\"https:\/\/www.fayence-steinzeug-vogt.de\/wp-content\/uploads\/2017\/08\/Apothekengefas-Westerwald-um-1650-265x300.jpg 265w, https:\/\/www.fayence-steinzeug-vogt.de\/wp-content\/uploads\/2017\/08\/Apothekengefas-Westerwald-um-1650.jpg 750w\" sizes=\"(max-width: 265px) 100vw, 265px\" \/><\/a>\n                            <div class='uk-panel uk-padding-small'>Apothekengef\u00e4\u00df Westerwald um 1680<\/div>\n            \n        <\/div>\n            <div class='uk-text-center'>\n\n            \n            <a href='https:\/\/www.fayence-steinzeug-vogt.de\/en\/albarello-pesaro-um-1750\/helmkanne-insta\/'><img loading=\"lazy\" decoding=\"async\" width=\"300\" height=\"272\" src=\"https:\/\/www.fayence-steinzeug-vogt.de\/wp-content\/uploads\/2017\/08\/Helmkanne-insta-300x272.jpg\" class=\"attachment-medium size-medium\" alt=\"Helmkanne Barock Fayence 18. JH\" srcset=\"https:\/\/www.fayence-steinzeug-vogt.de\/wp-content\/uploads\/2017\/08\/Helmkanne-insta-300x272.jpg 300w, https:\/\/www.fayence-steinzeug-vogt.de\/wp-content\/uploads\/2017\/08\/Helmkanne-insta-768x695.jpg 768w, https:\/\/www.fayence-steinzeug-vogt.de\/wp-content\/uploads\/2017\/08\/Helmkanne-insta.jpg 1024w\" sizes=\"(max-width: 300px) 100vw, 300px\" \/><\/a>\n                            <div class='uk-panel uk-padding-small'>Nach Silbervorbild: Fayence Helmkanne Barock 18. Jh Deutsch<\/div>\n            \n        <\/div>\n            <div class='uk-text-center'>\n\n            \n            <a href='https:\/\/www.fayence-steinzeug-vogt.de\/en\/albarello-pesaro-um-1750\/apothekengefaess-deutsch-um-1750\/'><img loading=\"lazy\" decoding=\"async\" width=\"168\" height=\"300\" src=\"https:\/\/www.fayence-steinzeug-vogt.de\/wp-content\/uploads\/2017\/08\/Apothekengefas-Deutsch-um-1750-168x300.jpg\" class=\"attachment-medium size-medium\" alt=\"Apothekengef\u00e4\u00df Deutsch um 1750\" srcset=\"https:\/\/www.fayence-steinzeug-vogt.de\/wp-content\/uploads\/2017\/08\/Apothekengefas-Deutsch-um-1750-168x300.jpg 168w, https:\/\/www.fayence-steinzeug-vogt.de\/wp-content\/uploads\/2017\/08\/Apothekengefas-Deutsch-um-1750.jpg 539w\" sizes=\"(max-width: 168px) 100vw, 168px\" \/><\/a>\n                            <div class='uk-panel uk-padding-small'>Apothekengef\u00e4\u00df Deutsch um 1750<\/div>\n            \n        <\/div>\n            <div class='uk-text-center'>\n\n            \n            <a href='https:\/\/www.fayence-steinzeug-vogt.de\/en\/albarello-pesaro-um-1750\/bunzlau-milchkanne-um-1800\/'><img loading=\"lazy\" decoding=\"async\" width=\"200\" height=\"300\" src=\"https:\/\/www.fayence-steinzeug-vogt.de\/wp-content\/uploads\/2017\/08\/Bunzlau-Milchkanne-um-1800-200x300.jpg\" class=\"attachment-medium size-medium\" alt=\"Bunzlau Milchkanne um 1800\" srcset=\"https:\/\/www.fayence-steinzeug-vogt.de\/wp-content\/uploads\/2017\/08\/Bunzlau-Milchkanne-um-1800-200x300.jpg 200w, https:\/\/www.fayence-steinzeug-vogt.de\/wp-content\/uploads\/2017\/08\/Bunzlau-Milchkanne-um-1800-683x1024.jpg 683w, https:\/\/www.fayence-steinzeug-vogt.de\/wp-content\/uploads\/2017\/08\/Bunzlau-Milchkanne-um-1800-768x1152.jpg 768w, https:\/\/www.fayence-steinzeug-vogt.de\/wp-content\/uploads\/2017\/08\/Bunzlau-Milchkanne-um-1800.jpg 1024w\" sizes=\"(max-width: 200px) 100vw, 200px\" \/><\/a>\n                            <div class='uk-panel uk-padding-small'>Harmonische Verbindung Federn und Bunzlau Milchkanne um 1800<\/div>\n            \n        <\/div>\n            <div class='uk-text-center'>\n\n            \n            <a href='https:\/\/www.fayence-steinzeug-vogt.de\/en\/albarello-pesaro-um-1750\/albarello-caltiragirone-um-1750\/'><img loading=\"lazy\" decoding=\"async\" width=\"165\" height=\"300\" src=\"https:\/\/www.fayence-steinzeug-vogt.de\/wp-content\/uploads\/2017\/08\/Albarello-Caltiragirone-um-1750-165x300.jpg\" class=\"attachment-medium size-medium\" alt=\"Albarello Majolica Sizilien Caltiragirone ca.1720\" srcset=\"https:\/\/www.fayence-steinzeug-vogt.de\/wp-content\/uploads\/2017\/08\/Albarello-Caltiragirone-um-1750-165x300.jpg 165w, https:\/\/www.fayence-steinzeug-vogt.de\/wp-content\/uploads\/2017\/08\/Albarello-Caltiragirone-um-1750.jpg 430w\" sizes=\"(max-width: 165px) 100vw, 165px\" \/><\/a>\n                            <div class='uk-panel uk-padding-small'>Albarello Majolika Caltiragirone um 1720<\/div>\n            \n        <\/div>\n            <div class='uk-text-center'>\n\n            \n            <a href='https:\/\/www.fayence-steinzeug-vogt.de\/en\/baroque-interiors-with-style\/westerwald-apothekengefaess-kniebis-dekor-um-1780\/'><img loading=\"lazy\" decoding=\"async\" width=\"300\" height=\"300\" src=\"https:\/\/www.fayence-steinzeug-vogt.de\/wp-content\/uploads\/2018\/03\/Westerwald-Apothekengefas-Kniebis-Dekor-um-1780-300x300.jpg\" class=\"attachment-medium size-medium\" alt=\"Westerwald stoneware apothecary jar 18thcentury\" srcset=\"https:\/\/www.fayence-steinzeug-vogt.de\/wp-content\/uploads\/2018\/03\/Westerwald-Apothekengefas-Kniebis-Dekor-um-1780-300x300.jpg 300w, https:\/\/www.fayence-steinzeug-vogt.de\/wp-content\/uploads\/2018\/03\/Westerwald-Apothekengefas-Kniebis-Dekor-um-1780.jpg 1024w, https:\/\/www.fayence-steinzeug-vogt.de\/wp-content\/uploads\/2018\/03\/Westerwald-Apothekengefas-Kniebis-Dekor-um-1780-150x150.jpg 150w, https:\/\/www.fayence-steinzeug-vogt.de\/wp-content\/uploads\/2018\/03\/Westerwald-Apothekengefas-Kniebis-Dekor-um-1780-768x768.jpg 768w\" sizes=\"(max-width: 300px) 100vw, 300px\" \/><\/a>\n                            <div class='uk-panel uk-padding-small'>Westerwald Apothekengef\u00e4\u00df Kniebis Dekor um 1780<\/div>\n            \n        <\/div>\n            <div class='uk-text-center'>\n\n            \n            <a href='https:\/\/www.fayence-steinzeug-vogt.de\/en\/baroque-interiors-with-style\/moerser-bronze-dutch-17th-century\/'><img loading=\"lazy\" decoding=\"async\" width=\"300\" height=\"300\" src=\"https:\/\/www.fayence-steinzeug-vogt.de\/wp-content\/uploads\/2018\/03\/moerser-bronze-dutch-17th-century-300x300.jpg\" class=\"attachment-medium size-medium\" alt=\"moerser bronze dutch 17th century\" srcset=\"https:\/\/www.fayence-steinzeug-vogt.de\/wp-content\/uploads\/2018\/03\/moerser-bronze-dutch-17th-century-300x300.jpg 300w, https:\/\/www.fayence-steinzeug-vogt.de\/wp-content\/uploads\/2018\/03\/moerser-bronze-dutch-17th-century.jpg 1024w, https:\/\/www.fayence-steinzeug-vogt.de\/wp-content\/uploads\/2018\/03\/moerser-bronze-dutch-17th-century-150x150.jpg 150w, https:\/\/www.fayence-steinzeug-vogt.de\/wp-content\/uploads\/2018\/03\/moerser-bronze-dutch-17th-century-768x768.jpg 768w\" sizes=\"(max-width: 300px) 100vw, 300px\" \/><\/a>\n                            <div class='uk-panel uk-padding-small'>Bronze M\u00f6rser Niederlande 1633 datiert<\/div>\n            \n        <\/div>\n            <div class='uk-text-center'>\n\n            \n            <a href='https:\/\/www.fayence-steinzeug-vogt.de\/en\/baroque-interiors-with-style\/westerwald-apothekengefaess-um-1900\/'><img loading=\"lazy\" decoding=\"async\" width=\"300\" height=\"300\" src=\"https:\/\/www.fayence-steinzeug-vogt.de\/wp-content\/uploads\/2018\/03\/Westerwald-Apothekengefas-um-1900-300x300.jpg\" class=\"attachment-medium size-medium\" alt=\"Westerwald stoneware apothecary jar 19thcentury\" srcset=\"https:\/\/www.fayence-steinzeug-vogt.de\/wp-content\/uploads\/2018\/03\/Westerwald-Apothekengefas-um-1900-300x300.jpg 300w, https:\/\/www.fayence-steinzeug-vogt.de\/wp-content\/uploads\/2018\/03\/Westerwald-Apothekengefas-um-1900.jpg 1024w, https:\/\/www.fayence-steinzeug-vogt.de\/wp-content\/uploads\/2018\/03\/Westerwald-Apothekengefas-um-1900-150x150.jpg 150w, https:\/\/www.fayence-steinzeug-vogt.de\/wp-content\/uploads\/2018\/03\/Westerwald-Apothekengefas-um-1900-768x768.jpg 768w\" sizes=\"(max-width: 300px) 100vw, 300px\" \/><\/a>\n                            <div class='uk-panel uk-padding-small'>Westerwald Apothekengef\u00e4\u00df um 1900<\/div>\n            \n        <\/div>\n            <div class='uk-text-center'>\n\n            \n            <a href='https:\/\/www.fayence-steinzeug-vogt.de\/en\/baroque-interiors-with-style\/cof-6\/'><img loading=\"lazy\" decoding=\"async\" width=\"300\" height=\"300\" src=\"https:\/\/www.fayence-steinzeug-vogt.de\/wp-content\/uploads\/2018\/03\/Biedermeier-Schreibzeug-um-1820-300x300.jpg\" class=\"attachment-medium size-medium\" alt=\"Biedermeier-Schreibzeug-um-1820\" srcset=\"https:\/\/www.fayence-steinzeug-vogt.de\/wp-content\/uploads\/2018\/03\/Biedermeier-Schreibzeug-um-1820-300x300.jpg 300w, https:\/\/www.fayence-steinzeug-vogt.de\/wp-content\/uploads\/2018\/03\/Biedermeier-Schreibzeug-um-1820-1024x1024.jpg 1024w, https:\/\/www.fayence-steinzeug-vogt.de\/wp-content\/uploads\/2018\/03\/Biedermeier-Schreibzeug-um-1820-150x150.jpg 150w, https:\/\/www.fayence-steinzeug-vogt.de\/wp-content\/uploads\/2018\/03\/Biedermeier-Schreibzeug-um-1820-768x768.jpg 768w, https:\/\/www.fayence-steinzeug-vogt.de\/wp-content\/uploads\/2018\/03\/Biedermeier-Schreibzeug-um-1820-1536x1536.jpg 1536w, https:\/\/www.fayence-steinzeug-vogt.de\/wp-content\/uploads\/2018\/03\/Biedermeier-Schreibzeug-um-1820-2048x2048.jpg 2048w\" sizes=\"(max-width: 300px) 100vw, 300px\" \/><\/a>\n                            <div class='uk-panel uk-padding-small'>Biedermeier-Schreibzeug-um-1820<\/div>\n            \n        <\/div>\n            <div class='uk-text-center'>\n\n            \n            <a href='https:\/\/www.fayence-steinzeug-vogt.de\/en\/albarello-pesaro-um-1750\/sirupkanne-maiolica-albarello-italien\/'><img loading=\"lazy\" decoding=\"async\" width=\"300\" height=\"300\" src=\"https:\/\/www.fayence-steinzeug-vogt.de\/wp-content\/uploads\/2017\/08\/Sirupkanne-Maiolica-Albarello-Italien-300x300.jpg\" class=\"attachment-medium size-medium\" alt=\"Sirupkanne Maiolica Albarello Italien\" srcset=\"https:\/\/www.fayence-steinzeug-vogt.de\/wp-content\/uploads\/2017\/08\/Sirupkanne-Maiolica-Albarello-Italien-300x300.jpg 300w, https:\/\/www.fayence-steinzeug-vogt.de\/wp-content\/uploads\/2017\/08\/Sirupkanne-Maiolica-Albarello-Italien.jpg 1024w, https:\/\/www.fayence-steinzeug-vogt.de\/wp-content\/uploads\/2017\/08\/Sirupkanne-Maiolica-Albarello-Italien-150x150.jpg 150w, https:\/\/www.fayence-steinzeug-vogt.de\/wp-content\/uploads\/2017\/08\/Sirupkanne-Maiolica-Albarello-Italien-768x768.jpg 768w\" sizes=\"(max-width: 300px) 100vw, 300px\" \/><\/a>\n                            <div class='uk-panel uk-padding-small'>Sirupkanne Maiolica Albarello Italien 18. JH<\/div>\n            \n        <\/div>\n    \n<\/div>\n\n<p><span style=\"border-radius: 2px; text-indent: 20px; width: auto; padding: 0px 4px 0px 0px; text-align: center; font: bold 11px\/20px 'Helvetica Neue',Helvetica,sans-serif; color: #ffffff; background: #bd081c no-repeat scroll 3px 50% \/ 14px 14px; position: absolute; opacity: 1; z-index: 8675309; display: none; cursor: pointer; top: 96px; left: 20px;\">Merken<\/span><\/p>\n<p><span style=\"border-radius: 2px; text-indent: 20px; width: auto; padding: 0px 4px 0px 0px; text-align: center; font: bold 11px\/20px 'Helvetica Neue',Helvetica,sans-serif; color: #ffffff; background: #bd081c no-repeat scroll 3px 50% \/ 14px 14px; position: absolute; opacity: 1; z-index: 8675309; display: none; cursor: pointer; top: 96px; left: 20px;\">Merken<\/span><\/p>\n<p><span style=\"border-radius: 2px; text-indent: 20px; width: auto; padding: 0px 4px 0px 0px; text-align: center; font: bold 11px\/20px 'Helvetica Neue',Helvetica,sans-serif; color: #ffffff; background: #bd081c no-repeat scroll 3px 50% \/ 14px 14px; position: absolute; opacity: 1; z-index: 8675309; display: none; cursor: pointer; top: 274px; left: 338px;\">Merken<\/span><\/p>\n<p><span style=\"border-radius: 2px; text-indent: 20px; width: auto; padding: 0px 4px 0px 0px; text-align: center; font: bold 11px\/20px 'Helvetica Neue',Helvetica,sans-serif; color: #ffffff; background: #bd081c no-repeat scroll 3px 50% \/ 14px 14px; position: absolute; opacity: 1; z-index: 8675309; display: none; cursor: pointer;\">Merken<\/span><\/p>\n<p><span style=\"border-radius: 2px; text-indent: 20px; width: auto; padding: 0px 4px 0px 0px; text-align: center; font: bold 11px\/20px 'Helvetica Neue',Helvetica,sans-serif; color: #ffffff; background: #bd081c no-repeat scroll 3px 50% \/ 14px 14px; position: absolute; opacity: 1; z-index: 8675309; display: none; cursor: pointer; top: 1679px; left: 338px;\">Merken<\/span><\/p>\n<p><span style=\"border-radius: 2px; text-indent: 20px; width: auto; padding: 0px 4px 0px 0px; text-align: center; font: bold 11px\/20px 'Helvetica Neue',Helvetica,sans-serif; color: #ffffff; background: #bd081c no-repeat scroll 3px 50% \/ 14px 14px; position: absolute; opacity: 1; z-index: 8675309; display: none; cursor: pointer; top: 114px; left: 24px;\">Merken<\/span><\/p>\n<p><span style=\"border-radius: 2px; text-indent: 20px; width: auto; padding: 0px 4px 0px 0px; text-align: center; font: bold 11px\/20px 'Helvetica Neue',Helvetica,sans-serif; color: #ffffff; background: #bd081c no-repeat scroll 3px 50% \/ 14px 14px; position: absolute; opacity: 1; z-index: 8675309; display: none; cursor: pointer;\">Merken<\/span><\/p>\n<p><span style=\"border-radius: 2px; text-indent: 20px; width: auto; padding: 0px 4px 0px 0px; text-align: center; font: bold 11px\/20px 'Helvetica Neue',Helvetica,sans-serif; color: #ffffff; background: #bd081c no-repeat scroll 3px 50% \/ 14px 14px; position: absolute; opacity: 1; z-index: 8675309; display: none; cursor: pointer; top: 114px; left: 24px;\">Merken<\/span><\/p>\n<p><span style=\"border-radius: 2px; text-indent: 20px; width: auto; padding: 0px 4px 0px 0px; text-align: center; font: bold 11px\/20px 'Helvetica Neue',Helvetica,sans-serif; color: #ffffff; background: #bd081c no-repeat scroll 3px 50% \/ 14px 14px; position: absolute; opacity: 1; z-index: 8675309; display: none; cursor: pointer; top: 114px; left: 24px;\">Merken<\/span><\/p>\n<p><span style=\"border-radius: 2px; text-indent: 20px; width: auto; padding: 0px 4px 0px 0px; text-align: center; font: bold 11px\/20px 'Helvetica Neue',Helvetica,sans-serif; color: #ffffff; background: #bd081c no-repeat scroll 3px 50% \/ 14px 14px; position: absolute; opacity: 1; z-index: 8675309; display: none; cursor: pointer; top: 984px; left: 24px;\">Merken<\/span><\/p>\n<p><span style=\"border-radius: 2px; text-indent: 20px; width: auto; padding: 0px 4px 0px 0px; text-align: center; font: bold 11px\/20px 'Helvetica Neue',Helvetica,sans-serif; color: #ffffff; background: #bd081c no-repeat scroll 3px 50% \/ 14px 14px; position: absolute; opacity: 1; z-index: 8675309; display: none; cursor: pointer; top: 104px; left: 14px;\">Merken<\/span><\/p>\n<p><span style=\"border-radius: 2px; text-indent: 20px; width: auto; padding: 0px 4px 0px 0px; text-align: center; font: bold 11px\/20px 'Helvetica Neue',Helvetica,sans-serif; color: #ffffff; background: #bd081c no-repeat scroll 3px 50% \/ 14px 14px; position: absolute; opacity: 1; z-index: 8675309; display: none; cursor: pointer; top: 984px; left: 24px;\">Merken<\/span><\/p>\n<p><span style=\"border-radius: 2px; text-indent: 20px; width: auto; padding: 0px 4px 0px 0px; text-align: center; font: bold 11px\/20px 'Helvetica Neue',Helvetica,sans-serif; color: #ffffff; background: #bd081c no-repeat scroll 3px 50% \/ 14px 14px; position: absolute; opacity: 1; z-index: 8675309; display: none; cursor: pointer;\">Merken<\/span><\/p>\n<p><span style=\"border-radius: 2px; text-indent: 20px; width: auto; padding: 0px 4px 0px 0px; text-align: center; font: bold 11px\/20px 'Helvetica Neue',Helvetica,sans-serif; color: #ffffff; background: #bd081c no-repeat scroll 3px 50% \/ 14px 14px; position: absolute; opacity: 1; z-index: 8675309; display: none; cursor: pointer; top: 114px; left: 24px;\">Merken<\/span><\/p>\n<p><span style=\"border-radius: 2px; text-indent: 20px; width: auto; padding: 0px 4px 0px 0px; text-align: center; font: bold 11px\/20px 'Helvetica Neue',Helvetica,sans-serif; color: #ffffff; background: #bd081c no-repeat scroll 3px 50% \/ 14px 14px; position: absolute; opacity: 1; z-index: 8675309; display: none; cursor: pointer; top: 1707px; left: 445px;\">Merken<\/span><\/p>\n<p><span style=\"border-radius: 2px; text-indent: 20px; width: auto; padding: 0px 4px 0px 0px; text-align: center; font: bold 11px\/20px 'Helvetica Neue',Helvetica,sans-serif; color: #ffffff; background: #bd081c no-repeat scroll 3px 50% \/ 14px 14px; position: absolute; opacity: 1; z-index: 8675309; display: none; cursor: pointer; top: 1707px; left: 232px;\">Merken<\/span><\/p>\n<p><span style=\"border-radius: 2px; text-indent: 20px; width: auto; padding: 0px 4px 0px 0px; text-align: center; font: bold 11px\/20px 'Helvetica Neue',Helvetica,sans-serif; color: #ffffff; background: #bd081c no-repeat scroll 3px 50% \/ 14px 14px; position: absolute; opacity: 1; z-index: 8675309; display: none; cursor: pointer; top: 1707px; left: 445px;\">Merken<\/span><\/p>\n","protected":false},"excerpt":{"rendered":"<p>Die Sonnenblumen passen perfekt zum Decor des Albarello aus Pesaro aus der Manufaktur von Ignazio Callegari gefertigt in der ersten H\u00e4lfte des 18. Jahrhunderts. Albarello Pesaro Fabbrica di Ignazio Callegari um 1750 Detail Albarello Pesaro Fabbrica di Ignazio Callegari um 1750 Raus aus der Vitrine gut gesch\u00fctzt mit einem Kunststoffeinsatz um das Eindringen von Feuchigkeit [&hellip;]<\/p>\n","protected":false},"author":2,"featured_media":3777,"comment_status":"closed","ping_status":"closed","sticky":false,"template":"","format":"standard","meta":{"footnotes":""},"categories":[28],"tags":[265,445,624,42,51,66,80,128,201],"class_list":["post-3755","post","type-post","status-publish","format-standard","has-post-thumbnail","hentry","category-european-ceramics","tag-helmkanne","tag-pesaro","tag-westerwald","tag-18-jhd","tag-albarello","tag-apothekengefaess","tag-barock","tag-bunzlau","tag-fabricca-ignazio-callegari"],"_links":{"self":[{"href":"https:\/\/www.fayence-steinzeug-vogt.de\/en\/wp-json\/wp\/v2\/posts\/3755","targetHints":{"allow":["GET"]}}],"collection":[{"href":"https:\/\/www.fayence-steinzeug-vogt.de\/en\/wp-json\/wp\/v2\/posts"}],"about":[{"href":"https:\/\/www.fayence-steinzeug-vogt.de\/en\/wp-json\/wp\/v2\/types\/post"}],"author":[{"embeddable":true,"href":"https:\/\/www.fayence-steinzeug-vogt.de\/en\/wp-json\/wp\/v2\/users\/2"}],"replies":[{"embeddable":true,"href":"https:\/\/www.fayence-steinzeug-vogt.de\/en\/wp-json\/wp\/v2\/comments?post=3755"}],"version-history":[{"count":1,"href":"https:\/\/www.fayence-steinzeug-vogt.de\/en\/wp-json\/wp\/v2\/posts\/3755\/revisions"}],"predecessor-version":[{"id":8744,"href":"https:\/\/www.fayence-steinzeug-vogt.de\/en\/wp-json\/wp\/v2\/posts\/3755\/revisions\/8744"}],"wp:featuredmedia":[{"embeddable":true,"href":"https:\/\/www.fayence-steinzeug-vogt.de\/en\/wp-json\/wp\/v2\/media\/3777"}],"wp:attachment":[{"href":"https:\/\/www.fayence-steinzeug-vogt.de\/en\/wp-json\/wp\/v2\/media?parent=3755"}],"wp:term":[{"taxonomy":"category","embeddable":true,"href":"https:\/\/www.fayence-steinzeug-vogt.de\/en\/wp-json\/wp\/v2\/categories?post=3755"},{"taxonomy":"post_tag","embeddable":true,"href":"https:\/\/www.fayence-steinzeug-vogt.de\/en\/wp-json\/wp\/v2\/tags?post=3755"}],"curies":[{"name":"wp","href":"https:\/\/api.w.org\/{rel}","templated":true}]}}