{"id":390,"date":"2016-02-22T20:51:09","date_gmt":"2016-02-22T20:51:09","guid":{"rendered":"http:\/\/www.fayence-steinzeug-vogt.de\/?p=390"},"modified":"2022-07-02T12:40:51","modified_gmt":"2022-07-02T12:40:51","slug":"arnstaedter-wassergefaess-1650","status":"publish","type":"post","link":"https:\/\/www.fayence-steinzeug-vogt.de\/en\/arnstaedter-wassergefaess-1650\/","title":{"rendered":"Arnst\u00e4dter Wassergef\u00e4\u00df um 1650"},"content":{"rendered":"\n<figure class=\"wp-block-image size-large\"><img loading=\"lazy\" decoding=\"async\" width=\"828\" height=\"1024\" src=\"https:\/\/stage.fayence-steinzeug-vogt.de\/wp-content\/uploads\/2015\/01\/063_2015-72dpiRGB-828x1024.jpg\" alt=\"Arnst\u00e4dter Wassergef\u00e4\u00df um 1650\" class=\"wp-image-1561\" srcset=\"https:\/\/www.fayence-steinzeug-vogt.de\/wp-content\/uploads\/2015\/01\/063_2015-72dpiRGB-828x1024.jpg 828w, https:\/\/www.fayence-steinzeug-vogt.de\/wp-content\/uploads\/2015\/01\/063_2015-72dpiRGB-243x300.jpg 243w, https:\/\/www.fayence-steinzeug-vogt.de\/wp-content\/uploads\/2015\/01\/063_2015-72dpiRGB-768x950.jpg 768w, https:\/\/www.fayence-steinzeug-vogt.de\/wp-content\/uploads\/2015\/01\/063_2015-72dpiRGB.jpg 853w\" sizes=\"(max-width: 828px) 100vw, 828px\" \/><figcaption>Arnst\u00e4dter Wassergef\u00e4\u00df um 1650, das mit blauen Scharffeuerfarben bemalt ist, H. 22 cm<\/figcaption><\/figure>\n\n\n\n<p><strong>Provenienz:<br><\/strong><a title=\"F\u00fcrstliche Schatzkammer Thurn und Taxis Regensburg\" href=\"http:\/\/www.bayerisches-nationalmuseum.de\/index.php?id=74\" target=\"_blank\" rel=\"noopener noreferrer\">F\u00fcrstliche Sammlung Thurn und Taxis, Regensburg<\/a><br><a title=\"Sammlung J.J. Ludwig Regensburg\" href=\"http:\/\/www.faz.net\/aktuell\/feuilleton\/kunstmarkt\/auktionen\/vorschau-sammlung-j-j-ludwig-aus-dem-geist-der-tradition-1517490.html\" target=\"_blank\" rel=\"noopener noreferrer\">Sammlung J.J. Ludwig, Regensburg<\/a><\/p>\n\n\n\n<p><strong>Publiziert in:<br><\/strong><span id=\"productTitle\" class=\"a-size-large\"><strong>Die F\u00fcrstliche Sammlung Thurn und Taxis.<\/strong><br>Vollst\u00e4ndiger Auktionskatalog in 7 Bdn. Regensburg, 12.-19.Oktober 1993.<br>Band <\/span><span id=\"productTitle\" class=\"a-size-large\">III: Keramik &amp; Glas<br>Lot&nbsp;<\/span> 3019<br><span class=\"a-size-medium a-color-secondary a-text-normal\">Broschiert<\/span> <span class=\"a-size-medium a-color-secondary a-text-normal\">\u2013 1993<br><\/span>von&nbsp;<span class=\"author notFaded\" data-width=\"\"><a title=\"Sotheby's London \" href=\"http:\/\/www.sothebys.com\/en\/auctions\/lots-archive.htmlhttp:\/\/\" target=\"_blank\" rel=\"noopener noreferrer\"><span class=\"a-size-small a-color-secondary\">Sotheby&#8217;s London<\/span><\/a><span class=\"contribution\"> <span class=\"a-color-secondary\">(Autor)<\/span> <\/span> <\/span><\/p>\n\n\n\n<p><strong><br>Sammlung J.J. Ludwig, Regensburg<br><\/strong>Nagel Auktionskatalog<br>Vol I\/II<br>Lot 107<br>27. &#8211; 28. Februar 2008<\/p>\n\n\n\n<figure class=\"wp-block-image\"><a href=\"https:\/\/stage.fayence-steinzeug-vogt.de\/wp-content\/uploads\/2015\/02\/Ludwig.jpg\"><img decoding=\"async\" src=\"https:\/\/stage.fayence-steinzeug-vogt.de\/wp-content\/uploads\/2015\/02\/Ludwig-250x300.jpg\" alt=\"Sammlung J.J. Ludwig Regensburg\" class=\"wp-image-442\"\/><\/a><\/figure>\n\n\n\n<p><span style=\"border-radius: 2px; text-indent: 20px; width: auto; padding: 0px 4px 0px 0px; text-align: center; font: bold 11px\/20px 'Helvetica Neue',Helvetica,sans-serif; color: #ffffff; background: #bd081c no-repeat scroll 3px 50% \/ 14px 14px; position: absolute; opacity: 1; z-index: 8675309; display: none; cursor: pointer; top: 1442px; left: 20px;\">Merken<\/span><\/p>\n\n\n\n<p><span style=\"border-radius: 2px; text-indent: 20px; width: auto; padding: 0px 4px 0px 0px; text-align: center; font: bold 11px\/20px 'Helvetica Neue',Helvetica,sans-serif; color: #ffffff; background: #bd081c  no-repeat scroll 3px 50% \/ 14px 14px; position: absolute; opacity: 1; z-index: 8675309; display: none; cursor: pointer;\">Merken<\/span><\/p>\n","protected":false},"excerpt":{"rendered":"<p>Arnst\u00e4dter Wassergef\u00e4\u00df um 1650, das mit blauen Scharffeuerfarben bemalt ist, H. 22 cm Provenienz:F\u00fcrstliche Sammlung Thurn und Taxis, RegensburgSammlung J.J. Ludwig, Regensburg Publiziert in:Die F\u00fcrstliche Sammlung Thurn und Taxis.Vollst\u00e4ndiger Auktionskatalog in 7 Bdn. Regensburg, 12.-19.Oktober 1993.Band III: Keramik &amp; GlasLot&nbsp; 3019Broschiert \u2013 1993von&nbsp;Sotheby&#8217;s London (Autor) Sammlung J.J. Ludwig, RegensburgNagel AuktionskatalogVol I\/IILot 10727. &#8211; 28. Februar [&hellip;]<\/p>\n","protected":false},"author":2,"featured_media":1560,"comment_status":"closed","ping_status":"closed","sticky":false,"template":"","format":"standard","meta":{"footnotes":""},"categories":[31,34],"tags":[38,39,210,509],"class_list":["post-390","post","type-post","status-publish","format-standard","has-post-thumbnail","hentry","category-faience","category-works-of-art","tag-17-jahrhundert","tag-17th-century-art","tag-fayence","tag-sammlung-j-j-ludwig"],"_links":{"self":[{"href":"https:\/\/www.fayence-steinzeug-vogt.de\/en\/wp-json\/wp\/v2\/posts\/390","targetHints":{"allow":["GET"]}}],"collection":[{"href":"https:\/\/www.fayence-steinzeug-vogt.de\/en\/wp-json\/wp\/v2\/posts"}],"about":[{"href":"https:\/\/www.fayence-steinzeug-vogt.de\/en\/wp-json\/wp\/v2\/types\/post"}],"author":[{"embeddable":true,"href":"https:\/\/www.fayence-steinzeug-vogt.de\/en\/wp-json\/wp\/v2\/users\/2"}],"replies":[{"embeddable":true,"href":"https:\/\/www.fayence-steinzeug-vogt.de\/en\/wp-json\/wp\/v2\/comments?post=390"}],"version-history":[{"count":2,"href":"https:\/\/www.fayence-steinzeug-vogt.de\/en\/wp-json\/wp\/v2\/posts\/390\/revisions"}],"predecessor-version":[{"id":8332,"href":"https:\/\/www.fayence-steinzeug-vogt.de\/en\/wp-json\/wp\/v2\/posts\/390\/revisions\/8332"}],"wp:featuredmedia":[{"embeddable":true,"href":"https:\/\/www.fayence-steinzeug-vogt.de\/en\/wp-json\/wp\/v2\/media\/1560"}],"wp:attachment":[{"href":"https:\/\/www.fayence-steinzeug-vogt.de\/en\/wp-json\/wp\/v2\/media?parent=390"}],"wp:term":[{"taxonomy":"category","embeddable":true,"href":"https:\/\/www.fayence-steinzeug-vogt.de\/en\/wp-json\/wp\/v2\/categories?post=390"},{"taxonomy":"post_tag","embeddable":true,"href":"https:\/\/www.fayence-steinzeug-vogt.de\/en\/wp-json\/wp\/v2\/tags?post=390"}],"curies":[{"name":"wp","href":"https:\/\/api.w.org\/{rel}","templated":true}]}}