{"id":4217,"date":"2023-02-19T05:33:00","date_gmt":"2023-02-19T04:33:00","guid":{"rendered":"http:\/\/www.fayence-steinzeug-vogt.de\/?p=4217"},"modified":"2024-02-14T20:52:18","modified_gmt":"2024-02-14T19:52:18","slug":"friedberger-walzenkrug-1756-datiert","status":"publish","type":"post","link":"https:\/\/www.fayence-steinzeug-vogt.de\/en\/friedberger-walzenkrug-1756-datiert\/","title":{"rendered":"Friedberger Walzenkrug 1756 datiert"},"content":{"rendered":"\n<h2 class=\"wp-block-heading\"><strong>Ein museales St\u00fcck aus der Friedberger Manufaktur<\/strong> <strong>mit fr\u00fcher Datierung 2 Jahre nach Gr\u00fcndung im Jahr 1754. <\/strong><\/h2>\n\n\n\n<figure data-wp-context=\"{&quot;imageId&quot;:&quot;69f0ca5caff00&quot;}\" data-wp-interactive=\"core\/image\" data-wp-key=\"69f0ca5caff00\" class=\"wp-block-image size-large wp-lightbox-container\"><img loading=\"lazy\" decoding=\"async\" width=\"622\" height=\"1024\" data-wp-class--hide=\"state.isContentHidden\" data-wp-class--show=\"state.isContentVisible\" data-wp-init=\"callbacks.setButtonStyles\" data-wp-on--click=\"actions.showLightbox\" data-wp-on--load=\"callbacks.setButtonStyles\" data-wp-on-window--resize=\"callbacks.setButtonStyles\" src=\"https:\/\/www.fayence-steinzeug-vogt.de\/wp-content\/uploads\/2018\/02\/Detail-Datierung-Friedberger-Fayencekrug-1756-622x1024.jpg\" alt=\"Detail Datierung 1756 Friedberger Fayencekrug\" class=\"wp-image-4213\" srcset=\"https:\/\/www.fayence-steinzeug-vogt.de\/wp-content\/uploads\/2018\/02\/Detail-Datierung-Friedberger-Fayencekrug-1756-622x1024.jpg 622w, https:\/\/www.fayence-steinzeug-vogt.de\/wp-content\/uploads\/2018\/02\/Detail-Datierung-Friedberger-Fayencekrug-1756-182x300.jpg 182w, https:\/\/www.fayence-steinzeug-vogt.de\/wp-content\/uploads\/2018\/02\/Detail-Datierung-Friedberger-Fayencekrug-1756.jpg 640w\" sizes=\"(max-width: 622px) 100vw, 622px\" \/><button\n\t\t\tclass=\"lightbox-trigger\"\n\t\t\ttype=\"button\"\n\t\t\taria-haspopup=\"dialog\"\n\t\t\taria-label=\"Enlarge\"\n\t\t\tdata-wp-init=\"callbacks.initTriggerButton\"\n\t\t\tdata-wp-on--click=\"actions.showLightbox\"\n\t\t\tdata-wp-style--right=\"state.imageButtonRight\"\n\t\t\tdata-wp-style--top=\"state.imageButtonTop\"\n\t\t>\n\t\t\t<svg xmlns=\"http:\/\/www.w3.org\/2000\/svg\" width=\"12\" height=\"12\" fill=\"none\" viewBox=\"0 0 12 12\">\n\t\t\t\t<path fill=\"#fff\" d=\"M2 0a2 2 0 0 0-2 2v2h1.5V2a.5.5 0 0 1 .5-.5h2V0H2Zm2 10.5H2a.5.5 0 0 1-.5-.5V8H0v2a2 2 0 0 0 2 2h2v-1.5ZM8 12v-1.5h2a.5.5 0 0 0 .5-.5V8H12v2a2 2 0 0 1-2 2H8Zm2-12a2 2 0 0 1 2 2v2h-1.5V2a.5.5 0 0 0-.5-.5H8V0h2Z\" \/>\n\t\t\t<\/svg>\n\t\t<\/button><\/figure>\n\n\n\n<p><strong>Darstellung eines galanten Rokoko Paares gemeinsam &#8220;g\u00e4rtnernd&#8221; im Orangenhain in<br>polychromen Scharffeuerfarben.<br>Die Edeldame begie\u00dft ein Orangenb\u00e4umchen mit dem Namen Johannes auf dem Blumentopf.<br>Die Gie\u00dfkanne tr\u00e4gt die Datierung 1756. Der Galan pfl\u00fcckt derselben eine Frucht.<br>Spruchband &#8220;Geliebte nehm sie dies von meinen treuen H\u00e4nden und glaub Sie ganz gewi\u00df nichts soll mein Lieb enden&#8221;<br><\/strong><\/p>\n\n\n\n<figure class=\"wp-block-gallery has-nested-images columns-default is-cropped wp-block-gallery-1 is-layout-flex wp-block-gallery-is-layout-flex\">\n<figure class=\"wp-block-image size-large\"><a href=\"https:\/\/www.fayence-steinzeug-vogt.de\/wp-content\/uploads\/2018\/02\/Friedberger-Walzenkrug-1756-datiert-Dame.jpg\" target=\"_blank\" rel=\"noopener\"><img loading=\"lazy\" decoding=\"async\" width=\"768\" height=\"1024\" data-id=\"4214\" src=\"https:\/\/www.fayence-steinzeug-vogt.de\/wp-content\/uploads\/2018\/02\/Friedberger-Walzenkrug-1756-datiert-Dame-768x1024.jpg\" alt=\"Friedberger Walzenkrug 1756 datiert mit Dame\" class=\"wp-image-4214\" srcset=\"https:\/\/www.fayence-steinzeug-vogt.de\/wp-content\/uploads\/2018\/02\/Friedberger-Walzenkrug-1756-datiert-Dame-768x1024.jpg 768w, https:\/\/www.fayence-steinzeug-vogt.de\/wp-content\/uploads\/2018\/02\/Friedberger-Walzenkrug-1756-datiert-Dame-225x300.jpg 225w, https:\/\/www.fayence-steinzeug-vogt.de\/wp-content\/uploads\/2018\/02\/Friedberger-Walzenkrug-1756-datiert-Dame.jpg 1024w\" sizes=\"(max-width: 768px) 100vw, 768px\" \/><\/a><figcaption class=\"wp-element-caption\">Friedberger Walzenkrug 1756 datiert mit edler Dame Datierung in der Kanne sowie Spruchband<\/figcaption><\/figure>\n\n\n\n<figure class=\"wp-block-image size-large\"><a href=\"https:\/\/www.fayence-steinzeug-vogt.de\/wp-content\/uploads\/2018\/02\/Friedberger-Walzenkrug-1756-datiert-Henkel.jpg\" target=\"_blank\" rel=\"noopener\"><img loading=\"lazy\" decoding=\"async\" width=\"683\" height=\"1024\" data-id=\"4215\" src=\"https:\/\/www.fayence-steinzeug-vogt.de\/wp-content\/uploads\/2018\/02\/Friedberger-Walzenkrug-1756-datiert-Henkel-683x1024.jpg\" alt=\"Friedberger Walzenkrug 1756 datiert mit Zinnhenkel\" class=\"wp-image-4215\" srcset=\"https:\/\/www.fayence-steinzeug-vogt.de\/wp-content\/uploads\/2018\/02\/Friedberger-Walzenkrug-1756-datiert-Henkel-683x1024.jpg 683w, https:\/\/www.fayence-steinzeug-vogt.de\/wp-content\/uploads\/2018\/02\/Friedberger-Walzenkrug-1756-datiert-Henkel-200x300.jpg 200w, https:\/\/www.fayence-steinzeug-vogt.de\/wp-content\/uploads\/2018\/02\/Friedberger-Walzenkrug-1756-datiert-Henkel-768x1152.jpg 768w, https:\/\/www.fayence-steinzeug-vogt.de\/wp-content\/uploads\/2018\/02\/Friedberger-Walzenkrug-1756-datiert-Henkel.jpg 1024w\" sizes=\"(max-width: 683px) 100vw, 683px\" \/><\/a><figcaption class=\"wp-element-caption\">Klick auf das Bild f\u00fcr gr\u00f6\u00dfere Ansicht<\/figcaption><\/figure>\n\n\n\n<figure class=\"wp-block-image size-large\"><a href=\"https:\/\/www.fayence-steinzeug-vogt.de\/wp-content\/uploads\/2018\/02\/Friedberger-Walzenkrug-1756-datiert-Herr.jpg\" target=\"_blank\" rel=\"noopener\"><img loading=\"lazy\" decoding=\"async\" width=\"747\" height=\"1024\" data-id=\"4216\" src=\"https:\/\/www.fayence-steinzeug-vogt.de\/wp-content\/uploads\/2018\/02\/Friedberger-Walzenkrug-1756-datiert-Herr-747x1024.jpg\" alt=\"Friedberger Walzenkrug 1756 datiert mit Edelmann\" class=\"wp-image-4216\" srcset=\"https:\/\/www.fayence-steinzeug-vogt.de\/wp-content\/uploads\/2018\/02\/Friedberger-Walzenkrug-1756-datiert-Herr-747x1024.jpg 747w, https:\/\/www.fayence-steinzeug-vogt.de\/wp-content\/uploads\/2018\/02\/Friedberger-Walzenkrug-1756-datiert-Herr-219x300.jpg 219w, https:\/\/www.fayence-steinzeug-vogt.de\/wp-content\/uploads\/2018\/02\/Friedberger-Walzenkrug-1756-datiert-Herr-768x1052.jpg 768w, https:\/\/www.fayence-steinzeug-vogt.de\/wp-content\/uploads\/2018\/02\/Friedberger-Walzenkrug-1756-datiert-Herr.jpg 1024w\" sizes=\"(max-width: 747px) 100vw, 747px\" \/><\/a><figcaption class=\"wp-element-caption\">Friedberger Walzenkrug 1756 datiert mit Edelmann und Spruchband <\/figcaption><\/figure>\n<\/figure>\n\n\n\n<div class=\"wp-block-media-text is-stacked-on-mobile\" style=\"grid-template-columns:37% auto\"><figure class=\"wp-block-media-text__media\"><img loading=\"lazy\" decoding=\"async\" width=\"678\" height=\"1024\" src=\"https:\/\/www.fayence-steinzeug-vogt.de\/wp-content\/uploads\/2018\/02\/Manufakturmarke-Friedberg-CB-unter-Kurhut-678x1024.jpg\" alt=\"Manufakturmarke Friedberg CB unter Kurhut\" class=\"wp-image-4220 size-full\" srcset=\"https:\/\/www.fayence-steinzeug-vogt.de\/wp-content\/uploads\/2018\/02\/Manufakturmarke-Friedberg-CB-unter-Kurhut-678x1024.jpg 678w, https:\/\/www.fayence-steinzeug-vogt.de\/wp-content\/uploads\/2018\/02\/Manufakturmarke-Friedberg-CB-unter-Kurhut-199x300.jpg 199w, https:\/\/www.fayence-steinzeug-vogt.de\/wp-content\/uploads\/2018\/02\/Manufakturmarke-Friedberg-CB-unter-Kurhut-768x1160.jpg 768w, https:\/\/www.fayence-steinzeug-vogt.de\/wp-content\/uploads\/2018\/02\/Manufakturmarke-Friedberg-CB-unter-Kurhut.jpg 800w\" sizes=\"(max-width: 678px) 100vw, 678px\" \/><\/figure><div class=\"wp-block-media-text__content\">\n<p><a href=\"https:\/\/www.fayence-steinzeug-vogt.de\/de\/museum-im-wittelsbacher-schloss-friedberg-fayence-sammlung\/\">Manufakturmarke &#8220;CB&#8221; unter Kurhut<\/a><\/p>\n<\/div><\/div>\n\n\n\n<h4 class=\"wp-block-heading\">Referenzobjekte im Museum<\/h4>\n\n\n\n<div class=\"wp-block-media-text is-stacked-on-mobile\"><figure class=\"wp-block-media-text__media\"><img loading=\"lazy\" decoding=\"async\" width=\"788\" height=\"1024\" src=\"https:\/\/stage.fayence-steinzeug-vogt.de\/wp-content\/uploads\/2018\/02\/250-Jahre-Friedberger-Fayencen-Museum-Wittelsbacher-Schloss-S.-11-788x1024.jpg\" alt=\"250-Jahre-Friedberger-Fayencen-Museum-Wittelsbacher-Schloss-S.-11\" class=\"wp-image-4210 size-full\" srcset=\"https:\/\/www.fayence-steinzeug-vogt.de\/wp-content\/uploads\/2018\/02\/250-Jahre-Friedberger-Fayencen-Museum-Wittelsbacher-Schloss-S.-11-788x1024.jpg 788w, https:\/\/www.fayence-steinzeug-vogt.de\/wp-content\/uploads\/2018\/02\/250-Jahre-Friedberger-Fayencen-Museum-Wittelsbacher-Schloss-S.-11-231x300.jpg 231w, https:\/\/www.fayence-steinzeug-vogt.de\/wp-content\/uploads\/2018\/02\/250-Jahre-Friedberger-Fayencen-Museum-Wittelsbacher-Schloss-S.-11-768x998.jpg 768w, https:\/\/www.fayence-steinzeug-vogt.de\/wp-content\/uploads\/2018\/02\/250-Jahre-Friedberger-Fayencen-Museum-Wittelsbacher-Schloss-S.-11.jpg 1024w\" sizes=\"(max-width: 788px) 100vw, 788px\" \/><\/figure><div class=\"wp-block-media-text__content\">\n<p><strong>Das in der Literatur aufgef\u00fchrte<\/strong><br><strong>fr\u00fcheste datierte St\u00fcck der<\/strong><br><strong>Friedberger Manufaktur aus dem<\/strong><br><strong>Jahr 1755 befindet sich in der<\/strong><br><strong>Sammlung des<\/strong><br><strong><a href=\"http:\/\/www.kunstsammlungen-museen.augsburg.de\/index.php?id=20156\" target=\"_blank\" rel=\"noreferrer noopener\">Maximilian Museum<\/a><\/strong><br><strong>in Augsburg<\/strong><\/p>\n<\/div><\/div>\n\n\n\n<h4 class=\"wp-block-heading\">Victoria and Albert Museum London<\/h4>\n\n\n\n<div class=\"wp-block-media-text is-stacked-on-mobile is-vertically-aligned-top\"><figure class=\"wp-block-media-text__media\"><img loading=\"lazy\" decoding=\"async\" width=\"214\" height=\"300\" src=\"https:\/\/stage.fayence-steinzeug-vogt.de\/wp-content\/uploads\/2018\/02\/Tankard-Friedberg-18.-JH-Victoria-Albert-Museum-214x300.jpg\" alt=\"Tankard Friedberg 18. JH copyright Victoria Albert Museum\" class=\"wp-image-4228 size-full\" srcset=\"https:\/\/www.fayence-steinzeug-vogt.de\/wp-content\/uploads\/2018\/02\/Tankard-Friedberg-18.-JH-Victoria-Albert-Museum-214x300.jpg 214w, https:\/\/www.fayence-steinzeug-vogt.de\/wp-content\/uploads\/2018\/02\/Tankard-Friedberg-18.-JH-Victoria-Albert-Museum-731x1024.jpg 731w, https:\/\/www.fayence-steinzeug-vogt.de\/wp-content\/uploads\/2018\/02\/Tankard-Friedberg-18.-JH-Victoria-Albert-Museum-768x1076.jpg 768w, https:\/\/www.fayence-steinzeug-vogt.de\/wp-content\/uploads\/2018\/02\/Tankard-Friedberg-18.-JH-Victoria-Albert-Museum-1097x1536.jpg 1097w, https:\/\/www.fayence-steinzeug-vogt.de\/wp-content\/uploads\/2018\/02\/Tankard-Friedberg-18.-JH-Victoria-Albert-Museum-1462x2048.jpg 1462w, https:\/\/www.fayence-steinzeug-vogt.de\/wp-content\/uploads\/2018\/02\/Tankard-Friedberg-18.-JH-Victoria-Albert-Museum.jpg 1785w\" sizes=\"(max-width: 214px) 100vw, 214px\" \/><\/figure><div class=\"wp-block-media-text__content\">\n<p><strong>Ein Vergleichssst\u00fcck in Blaumalerei befindet sich in London im<\/strong><br><a href=\"http:\/\/collections.vam.ac.uk\/item\/O162120\/tankard-unknown\/\" target=\"_blank\" rel=\"noopener\"><strong>Victoria + Albert Museum<\/strong><\/a><\/p>\n<\/div><\/div>\n\n\n\n<h3 class=\"wp-block-heading\">Literatur:<\/h3>\n\n\n\n<figure class=\"wp-block-image\"><a href=\"https:\/\/stage.fayence-steinzeug-vogt.de\/wp-content\/uploads\/2018\/02\/250-Jahre-Friedberger-Fayencen-Museum-Wittelsbacher-Schloss-S.-18.jpg\"><img loading=\"lazy\" decoding=\"async\" width=\"705\" height=\"1024\" src=\"https:\/\/stage.fayence-steinzeug-vogt.de\/wp-content\/uploads\/2018\/02\/250-Jahre-Friedberger-Fayencen-Museum-Wittelsbacher-Schloss-S.-18-705x1024.jpg\" alt=\"250-Jahre-Friedberger-Fayencen-Museum-Wittelsbacher-Schloss-S.-18\" class=\"wp-image-4211\" srcset=\"https:\/\/www.fayence-steinzeug-vogt.de\/wp-content\/uploads\/2018\/02\/250-Jahre-Friedberger-Fayencen-Museum-Wittelsbacher-Schloss-S.-18-705x1024.jpg 705w, https:\/\/www.fayence-steinzeug-vogt.de\/wp-content\/uploads\/2018\/02\/250-Jahre-Friedberger-Fayencen-Museum-Wittelsbacher-Schloss-S.-18-207x300.jpg 207w, https:\/\/www.fayence-steinzeug-vogt.de\/wp-content\/uploads\/2018\/02\/250-Jahre-Friedberger-Fayencen-Museum-Wittelsbacher-Schloss-S.-18-768x1115.jpg 768w, https:\/\/www.fayence-steinzeug-vogt.de\/wp-content\/uploads\/2018\/02\/250-Jahre-Friedberger-Fayencen-Museum-Wittelsbacher-Schloss-S.-18.jpg 1024w\" sizes=\"(max-width: 705px) 100vw, 705px\" \/><\/a><figcaption class=\"wp-element-caption\">250-Jahre-Friedberger-Fayencen-Museum-Wittelsbacher-Schloss-S.-18<\/figcaption><\/figure>\n\n\n\n<div class=\"wp-block-media-text is-stacked-on-mobile\"><figure class=\"wp-block-media-text__media\"><img loading=\"lazy\" decoding=\"async\" width=\"235\" height=\"300\" src=\"https:\/\/stage.fayence-steinzeug-vogt.de\/wp-content\/uploads\/2015\/04\/Freidberger-Museum-235x300.jpg\" alt=\"Museum im Wittelsbacher Schloss Friedberg 200 Jahre Friedberger Fayence\" class=\"wp-image-780 size-full\" srcset=\"https:\/\/www.fayence-steinzeug-vogt.de\/wp-content\/uploads\/2015\/04\/Freidberger-Museum-235x300.jpg 235w, https:\/\/www.fayence-steinzeug-vogt.de\/wp-content\/uploads\/2015\/04\/Freidberger-Museum-802x1024.jpg 802w, https:\/\/www.fayence-steinzeug-vogt.de\/wp-content\/uploads\/2015\/04\/Freidberger-Museum-768x981.jpg 768w, https:\/\/www.fayence-steinzeug-vogt.de\/wp-content\/uploads\/2015\/04\/Freidberger-Museum-1203x1536.jpg 1203w, https:\/\/www.fayence-steinzeug-vogt.de\/wp-content\/uploads\/2015\/04\/Freidberger-Museum-1604x2048.jpg 1604w, https:\/\/www.fayence-steinzeug-vogt.de\/wp-content\/uploads\/2015\/04\/Freidberger-Museum-scaled.jpg 2005w\" sizes=\"(max-width: 235px) 100vw, 235px\" \/><\/figure><div class=\"wp-block-media-text__content\">\n<p>200 Jahre Friedberger Fayence &#8211; Sonderausstellung zum 250. Gr\u00fcndungsjubil\u00e4um der Fayencemanufaktur Friedberg<\/p>\n<\/div><\/div>\n\n\n\n<h3 class=\"wp-block-heading\">Museum<\/h3>\n\n\n\n<h3 class=\"wp-block-heading\"><a href=\"https:\/\/stage.fayence-steinzeug-vogt.de\/museum-im-wittelsbacher-schloss-friedberg-fayence-sammlung\/\">Das neue Museum im Wittelsbacher Schloss Friedberg<\/a><\/h3>\n","protected":false},"excerpt":{"rendered":"<p>Ein museales St\u00fcck aus der Friedberger Manufaktur mit fr\u00fcher Datierung 2 Jahre nach Gr\u00fcndung im Jahr 1754. Darstellung eines galanten Rokoko Paares gemeinsam &#8220;g\u00e4rtnernd&#8221; im Orangenhain inpolychromen Scharffeuerfarben.Die Edeldame begie\u00dft ein Orangenb\u00e4umchen mit dem Namen Johannes auf dem Blumentopf.Die Gie\u00dfkanne tr\u00e4gt die Datierung 1756. Der Galan pfl\u00fcckt derselben eine Frucht.Spruchband &#8220;Geliebte nehm sie dies von [&hellip;]<\/p>\n","protected":false},"author":2,"featured_media":4212,"comment_status":"closed","ping_status":"closed","sticky":false,"template":"","format":"standard","meta":{"footnotes":""},"categories":[31,30],"tags":[41,225,394,416,603],"class_list":["post-4217","post","type-post","status-publish","format-standard","has-post-thumbnail","hentry","category-faience","category-expert-knowledge","tag-18-jh","tag-friedberg","tag-maximilian-museum","tag-museum-im-wittelsbacher-schloss","tag-victoria-albert-museum"],"_links":{"self":[{"href":"https:\/\/www.fayence-steinzeug-vogt.de\/en\/wp-json\/wp\/v2\/posts\/4217","targetHints":{"allow":["GET"]}}],"collection":[{"href":"https:\/\/www.fayence-steinzeug-vogt.de\/en\/wp-json\/wp\/v2\/posts"}],"about":[{"href":"https:\/\/www.fayence-steinzeug-vogt.de\/en\/wp-json\/wp\/v2\/types\/post"}],"author":[{"embeddable":true,"href":"https:\/\/www.fayence-steinzeug-vogt.de\/en\/wp-json\/wp\/v2\/users\/2"}],"replies":[{"embeddable":true,"href":"https:\/\/www.fayence-steinzeug-vogt.de\/en\/wp-json\/wp\/v2\/comments?post=4217"}],"version-history":[{"count":9,"href":"https:\/\/www.fayence-steinzeug-vogt.de\/en\/wp-json\/wp\/v2\/posts\/4217\/revisions"}],"predecessor-version":[{"id":12143,"href":"https:\/\/www.fayence-steinzeug-vogt.de\/en\/wp-json\/wp\/v2\/posts\/4217\/revisions\/12143"}],"wp:featuredmedia":[{"embeddable":true,"href":"https:\/\/www.fayence-steinzeug-vogt.de\/en\/wp-json\/wp\/v2\/media\/4212"}],"wp:attachment":[{"href":"https:\/\/www.fayence-steinzeug-vogt.de\/en\/wp-json\/wp\/v2\/media?parent=4217"}],"wp:term":[{"taxonomy":"category","embeddable":true,"href":"https:\/\/www.fayence-steinzeug-vogt.de\/en\/wp-json\/wp\/v2\/categories?post=4217"},{"taxonomy":"post_tag","embeddable":true,"href":"https:\/\/www.fayence-steinzeug-vogt.de\/en\/wp-json\/wp\/v2\/tags?post=4217"}],"curies":[{"name":"wp","href":"https:\/\/api.w.org\/{rel}","templated":true}]}}