{"id":5394,"date":"2019-05-04T11:32:28","date_gmt":"2019-05-04T09:32:28","guid":{"rendered":"http:\/\/www.fayence-steinzeug-vogt.de\/?p=5394"},"modified":"2022-08-23T13:32:39","modified_gmt":"2022-08-23T11:32:39","slug":"eva-zeisel-ceramic-designer","status":"publish","type":"post","link":"https:\/\/www.fayence-steinzeug-vogt.de\/en\/eva-zeisel-ceramic-designer\/","title":{"rendered":"Eva Zeisel | Ceramic Designer"},"content":{"rendered":"\n<p>Young <strong><a href=\"https:\/\/www.britannica.com\/topic\/Eva-Zeisel\" target=\"_blank\" rel=\"noreferrer noopener\" aria-label=\" (\u00f6ffnet in neuem Tab)\">Eva Zeisel <\/a><\/strong>was driven by two desires: to make beautiful things,  and to see the world. Her long and legendary career in ceramics helped  her do both. Born in Budapest in 1906, she apprenticed to a guild of  potters as a teenager, then worked in Germany and later Russia (where  she was imprisoned by Stalin for 16 months) and Vienna. Landing in New  York in 1938 with her husband Hans, Zeisel began her second design  career. <\/p>\n\n\n\n<blockquote class=\"wp-block-quote is-layout-flow wp-block-quote-is-layout-flow\"><p>A TED talk was presented at an official TED conference, and was featured by our editors on the home page.<\/p><cite><a href=\"https:\/\/www.ted.com\/talks\/eva_zeisel_on_the_playful_search_for_beauty\" target=\"_blank\" rel=\"noreferrer noopener nofollow\">https:\/\/www.ted.com\/talks\/eva_zeisel_on_the_playful_search_for_beauty<\/a><\/cite><\/blockquote>\n\n\n\n<figure class=\"wp-block-image size-full is-resized\"><img loading=\"lazy\" decoding=\"async\" src=\"https:\/\/stage.fayence-steinzeug-vogt.de\/wp-content\/uploads\/2019\/07\/Eva-Stricker-Zeisel-Majolika-Karaffe-Tablett-1929.jpg\" alt=\"\" class=\"wp-image-5470\" width=\"840\" height=\"543\" srcset=\"https:\/\/www.fayence-steinzeug-vogt.de\/wp-content\/uploads\/2019\/07\/Eva-Stricker-Zeisel-Majolika-Karaffe-Tablett-1929.jpg 1024w, https:\/\/www.fayence-steinzeug-vogt.de\/wp-content\/uploads\/2019\/07\/Eva-Stricker-Zeisel-Majolika-Karaffe-Tablett-1929-300x194.jpg 300w, https:\/\/www.fayence-steinzeug-vogt.de\/wp-content\/uploads\/2019\/07\/Eva-Stricker-Zeisel-Majolika-Karaffe-Tablett-1929-768x497.jpg 768w\" sizes=\"(max-width: 840px) 100vw, 840px\" \/><figcaption>Eva Stricker-Zeisel (Entwurf und Dekor), Schramberger Majolika-Fabrik (Ausformung), Karaffe mit Tablett, 1929, \u00a9 Museum Kurhaus Kleve \u2013 Sammlung Steinecke, Kleve \n(Fotografie: Annegret Gossens, Kleve)<\/figcaption><\/figure>\n\n\n\n<p>The ceramics designer <strong><a href=\"https:\/\/www.ted.com\/speakers\/eva_zeisel\" target=\"_blank\" rel=\"noreferrer noopener\" aria-label=\"Eva Zeisel  (\u00f6ffnet in neuem Tab)\">Eva Zeisel <\/a><\/strong>looks back on a  75-year career. What keeps her work as fresh today (her latest line  debuted in 2008) as in 1926? Her sense of play and beauty, and her drive  for adventure. Listen for stories from a rich, colorful life.<\/p>\n\n\n\n<figure class=\"wp-block-image size-full\"><img loading=\"lazy\" decoding=\"async\" width=\"1024\" height=\"426\" src=\"https:\/\/stage.fayence-steinzeug-vogt.de\/wp-content\/uploads\/2019\/07\/Eva-Stricker-Zeisel-Teegeschirr-um-1929-\u00a9-Museum-Kurhaus-Kleve.jpg\" alt=\"\" class=\"wp-image-5483\" srcset=\"https:\/\/www.fayence-steinzeug-vogt.de\/wp-content\/uploads\/2019\/07\/Eva-Stricker-Zeisel-Teegeschirr-um-1929-\u00a9-Museum-Kurhaus-Kleve.jpg 1024w, https:\/\/www.fayence-steinzeug-vogt.de\/wp-content\/uploads\/2019\/07\/Eva-Stricker-Zeisel-Teegeschirr-um-1929-\u00a9-Museum-Kurhaus-Kleve-300x125.jpg 300w, https:\/\/www.fayence-steinzeug-vogt.de\/wp-content\/uploads\/2019\/07\/Eva-Stricker-Zeisel-Teegeschirr-um-1929-\u00a9-Museum-Kurhaus-Kleve-768x320.jpg 768w\" sizes=\"(max-width: 1024px) 100vw, 1024px\" \/><figcaption>Eva Stricker-Zeisel (Entwurf und Dekor), Schramberger Majolika-Fabrik (Ausformung), Teegeschirr (Dekor Gobelin), um 1929, \u00a9 Museum Kurhaus Kleve \u2013 Sammlung Steinecke, Kleve (Fotografie: Annegret Gossens, Kleve)<\/figcaption><\/figure>\n\n\n\n<h4 class=\"wp-block-heading\">Eva Zeisel: Her Life and her Designs &#8211;  Michele Fricke <\/h4>\n\n\n\n<blockquote class=\"wp-block-quote is-layout-flow wp-block-quote-is-layout-flow\"><p>While design is widespread, it has never been popular: it speaks only to an elite. Correspondingly, design is not concerned with the popular idea of beauty. In fact, it looks down on popular taste.<br> My own definition of beauty includes popular taste\u2026 Beauty is not an elitist\u2019s enjoyment. The sunset\u2019s colors are for all to enjoy.\u201d<\/p><p>Quote by Eva Zeisel<\/p><cite> <br><a href=\"https:\/\/www.melaniesherman.com\/eva-zeisel-her-life-and-her-designs\/\">\ufeffhttps:\/\/www.melaniesherman.com\/eva-zeisel-her-life-and-her-designs\/<\/a> <\/cite><\/blockquote>\n\n\n\n<p>Eva Zeisel was born in 1906 in Hungary and died in 2011 in the United States. She was an influential figure in 20<sup>th<\/sup>  century design, especially in the field of ceramics. She worked for  more than 75 years and was one of the most important industrial  designers in the United States. She not only designed and produced  tableware in ceramics, but is also known for her furniture, light  fixtures, chess sets, glassware, rugs and wallpaper designs. Her life  and work were shaped by her desire to connect the past with the present,  never to dismiss old styles and art forms. She called herself a  \u201cModernist with a small \u2018m\u2019\u201d<a href=\"https:\/\/www.melaniesherman.com\/eva-zeisel-her-life-and-her-designs\/#_ftn1\">[1]<\/a>,  because of her separation from the Modern Movement (or \u201cMachine Age\u201d)  in interwar Europe, which rejected any kind of decoration and did not  look into historic sources for inspiration. She was more inclined to the  more modern Second-Generation Arts and Crafts Movement, stressed the  mass production of affordable but well designed, good quality wares and  innovative production methods. All of her prototypes were finished by  hand<br><a href=\"https:\/\/www.melaniesherman.com\/eva-zeisel-her-life-and-her-designs\/\" target=\"_blank\" rel=\"noreferrer noopener\" aria-label=\" (\u00f6ffnet in neuem Tab)\">READ MORE  <\/a><\/p>\n\n\n\n<h4 class=\"wp-block-heading\">Museum<\/h4>\n\n\n\n<h4 class=\"wp-block-heading\"><a rel=\"noreferrer noopener\" aria-label=\"Hetjens Keramik Museum D\u00fcsseldorf (\u00f6ffnet in neuem Tab)\" href=\"https:\/\/www.duesseldorf.de\/hetjens\/ausstellungen.html\" target=\"_blank\"><strong>Hetjens Keramik Museum D\u00fcsseldor<\/strong>f<\/a><\/h4>\n\n\n\n<h4 class=\"wp-block-heading\">Wechselwirkungen \u2013 Meister und Gesellen des Bauhauses zwischen Werkstatt und Industrie <br>17. Februar bis  30. Juni 2019 <\/h4>\n\n\n\n<figure class=\"wp-block-image\"><a href=\"https:\/\/stage.fayence-steinzeug-vogt.de\/wp-content\/uploads\/2019\/07\/Wechselwirkungen.-Meister-und-Gesellen-des-Bauhauses-zwischen-Werkstatt-und-Industrie_17.-FEB-12.-MAI-2019-4.jpg\"><img loading=\"lazy\" decoding=\"async\" width=\"954\" height=\"537\" src=\"https:\/\/stage.fayence-steinzeug-vogt.de\/wp-content\/uploads\/2019\/07\/Wechselwirkungen.-Meister-und-Gesellen-des-Bauhauses-zwischen-Werkstatt-und-Industrie_17.-FEB-12.-MAI-2019-4.jpg\" alt=\"\" class=\"wp-image-5473\" srcset=\"https:\/\/www.fayence-steinzeug-vogt.de\/wp-content\/uploads\/2019\/07\/Wechselwirkungen.-Meister-und-Gesellen-des-Bauhauses-zwischen-Werkstatt-und-Industrie_17.-FEB-12.-MAI-2019-4.jpg 954w, https:\/\/www.fayence-steinzeug-vogt.de\/wp-content\/uploads\/2019\/07\/Wechselwirkungen.-Meister-und-Gesellen-des-Bauhauses-zwischen-Werkstatt-und-Industrie_17.-FEB-12.-MAI-2019-4-300x169.jpg 300w, https:\/\/www.fayence-steinzeug-vogt.de\/wp-content\/uploads\/2019\/07\/Wechselwirkungen.-Meister-und-Gesellen-des-Bauhauses-zwischen-Werkstatt-und-Industrie_17.-FEB-12.-MAI-2019-4-768x432.jpg 768w\" sizes=\"(max-width: 954px) 100vw, 954px\" \/><\/a><figcaption>Blick in die Ausstellung &#8211;  \u00a9  Hetjens Museum D\u00fcsseldorf<\/figcaption><\/figure>\n\n\n\n<p>Unweit von Weimar richtete der Bildhauer Gerhard Marcks in Dornburg a. d. Saale mit Hilfe des Th\u00fcringer T\u00f6pfermeisters Max Krehan 1920 die Keramikwerkstatt des Staatlichen Bauhauses ein. Hier entstanden ganz im Sinne von Walter Gropius Entw\u00fcrfe f\u00fcr die Industrie in einem seriellen Gie\u00df- und Modulverfahren. Das Keramikdesign des 20. Jahrhunderts wurde ma\u00dfgeblich durch die am Bauhaus entwickelten \u00e4sthetischen wie funktionalen Gef\u00e4\u00dfe gepr\u00e4gt. <\/p>\n\n\n\n<figure class=\"wp-block-gallery has-nested-images columns-default is-cropped wp-block-gallery-1 is-layout-flex wp-block-gallery-is-layout-flex\">\n<figure class=\"wp-block-image size-large\"><img loading=\"lazy\" decoding=\"async\" width=\"1024\" height=\"683\" data-id=\"5476\" src=\"https:\/\/stage.fayence-steinzeug-vogt.de\/wp-content\/uploads\/2019\/07\/Blick-in-die-Ausstellung_-Impressionen-mit-Objekten-von-Eva-stricker-Zeisel-2_Wechselwirkungen.-Meister-und-Gesellen-des-Bauhauses-zwischen-Werkstatt-und-Industrie.jpg\" alt=\"Blick-in-die-Ausstellung_-Impressionen-mit-Objekten-von-Eva-stricker-Zeisel-2_Wechselwirkungen.-Meister-und-Gesellen-des-Bauhauses-zwischen-Werkstatt-und-Industrie\" class=\"wp-image-5476\" srcset=\"https:\/\/www.fayence-steinzeug-vogt.de\/wp-content\/uploads\/2019\/07\/Blick-in-die-Ausstellung_-Impressionen-mit-Objekten-von-Eva-stricker-Zeisel-2_Wechselwirkungen.-Meister-und-Gesellen-des-Bauhauses-zwischen-Werkstatt-und-Industrie.jpg 1024w, https:\/\/www.fayence-steinzeug-vogt.de\/wp-content\/uploads\/2019\/07\/Blick-in-die-Ausstellung_-Impressionen-mit-Objekten-von-Eva-stricker-Zeisel-2_Wechselwirkungen.-Meister-und-Gesellen-des-Bauhauses-zwischen-Werkstatt-und-Industrie-300x200.jpg 300w, https:\/\/www.fayence-steinzeug-vogt.de\/wp-content\/uploads\/2019\/07\/Blick-in-die-Ausstellung_-Impressionen-mit-Objekten-von-Eva-stricker-Zeisel-2_Wechselwirkungen.-Meister-und-Gesellen-des-Bauhauses-zwischen-Werkstatt-und-Industrie-768x512.jpg 768w\" sizes=\"(max-width: 1024px) 100vw, 1024px\" \/><figcaption>Blick-in-die-Ausstellung_-Impressionen-mit-Objekten-von-Eva-stricker-Zeisel-2_Wechselwirkungen.-Meister-und-Gesellen-des-Bauhauses-zwischen-Werkstatt-und-Industrie<\/figcaption><\/figure>\n\n\n\n<figure class=\"wp-block-image size-large\"><img loading=\"lazy\" decoding=\"async\" width=\"1024\" height=\"683\" data-id=\"5477\" src=\"https:\/\/stage.fayence-steinzeug-vogt.de\/wp-content\/uploads\/2019\/07\/Blick-in-die-Ausstellung_-Impressionen-mit-Objekten-von-Eva-Stricker-Zeisel_Wechselwirkungen.-Meister-und-Gesellen-des-Bauhauses-zwischen-Werkstatt-und-Industrie.jpg\" alt=\"\" class=\"wp-image-5477\" srcset=\"https:\/\/www.fayence-steinzeug-vogt.de\/wp-content\/uploads\/2019\/07\/Blick-in-die-Ausstellung_-Impressionen-mit-Objekten-von-Eva-Stricker-Zeisel_Wechselwirkungen.-Meister-und-Gesellen-des-Bauhauses-zwischen-Werkstatt-und-Industrie.jpg 1024w, https:\/\/www.fayence-steinzeug-vogt.de\/wp-content\/uploads\/2019\/07\/Blick-in-die-Ausstellung_-Impressionen-mit-Objekten-von-Eva-Stricker-Zeisel_Wechselwirkungen.-Meister-und-Gesellen-des-Bauhauses-zwischen-Werkstatt-und-Industrie-300x200.jpg 300w, https:\/\/www.fayence-steinzeug-vogt.de\/wp-content\/uploads\/2019\/07\/Blick-in-die-Ausstellung_-Impressionen-mit-Objekten-von-Eva-Stricker-Zeisel_Wechselwirkungen.-Meister-und-Gesellen-des-Bauhauses-zwischen-Werkstatt-und-Industrie-768x512.jpg 768w\" sizes=\"(max-width: 1024px) 100vw, 1024px\" \/><figcaption>Blick-in-die-Ausstellung Objekte von <strong>Eva Stricker-Zeisel<\/strong> <\/figcaption><\/figure>\n<figcaption class=\"blocks-gallery-caption\">Blick-in-die-Ausstellung Objekte von <strong>Eva Stricker-Zeisel<\/strong> copyright Hetjens Museum<\/figcaption><\/figure>\n\n\n\n<p>Zahlreiche Keramikk\u00fcnstler, wie beispielsweise <strong>Eva Stricker-Zeisel<\/strong>, lie\u00dfen sich von Theodor Bogler, Otto Lindig oder Werner Burri inspirieren. Die gewagten Farbkombinationen der Objekte aus den 1920er Jahren wirken bis heute \u00fcberaus modern und spiegeln die Aufbruchsstimmung einer ganzen Generation nach dem ersten Weltkrieg wider, als alles verloren und gerade deswegen nichts unm\u00f6glich schien.<\/p>\n\n\n\n<h4 class=\"wp-block-heading\">Literature<\/h4>\n\n\n\n<figure class=\"wp-block-image\"><a href=\"https:\/\/stage.fayence-steinzeug-vogt.de\/eva-zeisel-ceramic-designer\/eva-zeisel-compact-design-portfolio-lucie-young-chronicle-books\/\"><img loading=\"lazy\" decoding=\"async\" width=\"500\" height=\"489\" src=\"https:\/\/stage.fayence-steinzeug-vogt.de\/wp-content\/uploads\/2019\/05\/Eva-Zeisel-Compact-Design-Portfolio-Lucie-Young-Chronicle-Books.jpg\" alt=\"\" class=\"wp-image-5401\" srcset=\"https:\/\/www.fayence-steinzeug-vogt.de\/wp-content\/uploads\/2019\/05\/Eva-Zeisel-Compact-Design-Portfolio-Lucie-Young-Chronicle-Books.jpg 500w, https:\/\/www.fayence-steinzeug-vogt.de\/wp-content\/uploads\/2019\/05\/Eva-Zeisel-Compact-Design-Portfolio-Lucie-Young-Chronicle-Books-300x293.jpg 300w\" sizes=\"(max-width: 500px) 100vw, 500px\" \/><\/a><figcaption> Eva Zeisel: Compact Design Portfolio: Lucie Young; Chronicle Books <\/figcaption><\/figure>\n\n\n\n<p>Eva Zeisel: Compact Design Portfolio<br>Lucie Young<br><strong>Gebundene Ausgabe:<\/strong> 96 Seiten <strong>Verlag:<\/strong> Chronicle Books<\/p>\n\n\n\n<figure class=\"wp-block-image size-large\"><img loading=\"lazy\" decoding=\"async\" width=\"1024\" height=\"437\" src=\"https:\/\/stage.fayence-steinzeug-vogt.de\/wp-content\/uploads\/2019\/12\/Eva-Zeisel-Die-Neue-Sammlung-Muenchen-2013-1024x437.jpg\" alt=\"\" class=\"wp-image-5568\" srcset=\"https:\/\/www.fayence-steinzeug-vogt.de\/wp-content\/uploads\/2019\/12\/Eva-Zeisel-Die-Neue-Sammlung-Muenchen-2013-1024x437.jpg 1024w, https:\/\/www.fayence-steinzeug-vogt.de\/wp-content\/uploads\/2019\/12\/Eva-Zeisel-Die-Neue-Sammlung-Muenchen-2013-300x128.jpg 300w, https:\/\/www.fayence-steinzeug-vogt.de\/wp-content\/uploads\/2019\/12\/Eva-Zeisel-Die-Neue-Sammlung-Muenchen-2013-768x328.jpg 768w, https:\/\/www.fayence-steinzeug-vogt.de\/wp-content\/uploads\/2019\/12\/Eva-Zeisel-Die-Neue-Sammlung-Muenchen-2013.jpg 1348w\" sizes=\"(max-width: 1024px) 100vw, 1024px\" \/><\/figure>\n\n\n\n<p> Eva Zeisel. Keramik \u2013 Design<br> Herausgeber: Florian Hufnagl<br> Texte: Volker Hornbostel, Michael Popp,Josef Stra\u00dfer, Volker Zelinsky<br> Deutsch \/ Englisch<br> M\u00fcnchen: Die Neue Sammlung, 2013<br> 79 Seiten mit farbigen Abbildungen<br> ISBN 978-3-9813755-4-1 <\/p>\n","protected":false},"excerpt":{"rendered":"<p>The ceramics designer Eva Zeisel looks back on a 75-year career. What keeps her work as fresh today (her latest line debuted in 2008) as in 1926? Her sense of play and beauty, and her drive for adventure.<\/p>\n","protected":false},"author":2,"featured_media":5408,"comment_status":"closed","ping_status":"closed","sticky":false,"template":"","format":"standard","meta":{"footnotes":""},"categories":[34,32],"tags":[87,137,163,199,269,330,404],"class_list":["post-5394","post","type-post","status-publish","format-standard","has-post-thumbnail","hentry","category-works-of-art","category-museum","tag-bauhaus","tag-ceramic-design","tag-die-neue-sammlung","tag-eva-zeisel","tag-hetjens-museum","tag-keramik-design","tag-moma"],"_links":{"self":[{"href":"https:\/\/www.fayence-steinzeug-vogt.de\/en\/wp-json\/wp\/v2\/posts\/5394","targetHints":{"allow":["GET"]}}],"collection":[{"href":"https:\/\/www.fayence-steinzeug-vogt.de\/en\/wp-json\/wp\/v2\/posts"}],"about":[{"href":"https:\/\/www.fayence-steinzeug-vogt.de\/en\/wp-json\/wp\/v2\/types\/post"}],"author":[{"embeddable":true,"href":"https:\/\/www.fayence-steinzeug-vogt.de\/en\/wp-json\/wp\/v2\/users\/2"}],"replies":[{"embeddable":true,"href":"https:\/\/www.fayence-steinzeug-vogt.de\/en\/wp-json\/wp\/v2\/comments?post=5394"}],"version-history":[{"count":1,"href":"https:\/\/www.fayence-steinzeug-vogt.de\/en\/wp-json\/wp\/v2\/posts\/5394\/revisions"}],"predecessor-version":[{"id":8787,"href":"https:\/\/www.fayence-steinzeug-vogt.de\/en\/wp-json\/wp\/v2\/posts\/5394\/revisions\/8787"}],"wp:featuredmedia":[{"embeddable":true,"href":"https:\/\/www.fayence-steinzeug-vogt.de\/en\/wp-json\/wp\/v2\/media\/5408"}],"wp:attachment":[{"href":"https:\/\/www.fayence-steinzeug-vogt.de\/en\/wp-json\/wp\/v2\/media?parent=5394"}],"wp:term":[{"taxonomy":"category","embeddable":true,"href":"https:\/\/www.fayence-steinzeug-vogt.de\/en\/wp-json\/wp\/v2\/categories?post=5394"},{"taxonomy":"post_tag","embeddable":true,"href":"https:\/\/www.fayence-steinzeug-vogt.de\/en\/wp-json\/wp\/v2\/tags?post=5394"}],"curies":[{"name":"wp","href":"https:\/\/api.w.org\/{rel}","templated":true}]}}