{"id":5845,"date":"2023-02-05T13:50:00","date_gmt":"2023-02-05T12:50:00","guid":{"rendered":"http:\/\/www.fayence-steinzeug-vogt.de\/?p=5845"},"modified":"2025-02-17T14:08:40","modified_gmt":"2025-02-17T13:08:40","slug":"fayence-aus-der-werkstatt-thomas-obermillner-salzburg","status":"publish","type":"post","link":"https:\/\/www.fayence-steinzeug-vogt.de\/en\/fayence-aus-der-werkstatt-thomas-obermillner-salzburg\/","title":{"rendered":"Fayence aus der Werkstatt Thomas Obermillner Salzburg"},"content":{"rendered":"\n<blockquote class=\"wp-block-quote is-layout-flow wp-block-quote-is-layout-flow\">\n<p>Das blaue Wellenband ist charakteristisch f\u00fcr die Werkstatt des Thomas Obermillner.  Das dunkle Wellenband wird mit einem helleren Band konturiert. Dieses gliedert die Fl\u00e4che in mehrere Bildfelder, die mit unterschiedlichen Motiven bemalt wurden. <br>Die Wellenband Geschirre aus der Werkstatt Obermillner sind eine singul\u00e4re Erscheinung. Keine andere bekannte europ\u00e4ische Keramik kennt das blaue Wellenband als Dekor. Die Wellenb\u00e4nder sind Boden und Standfl\u00e4che, sind Vegetationslinien f\u00fcr Gr\u00e4ser, bergiges Terrain f\u00fcr Ziegenb\u00f6cke und vieles andere mehr. Die Kr\u00fcge und Teller der Obermillner Werkstatt sind ideenreich und individuell gestaltet.<\/p>\n\n\n\n<p>So erl\u00e4utert<a href=\"https:\/\/www.sn.at\/wiki\/Christa_Svoboda\" target=\"_blank\" rel=\"noreferrer noopener\" aria-label=\" Christa Svoboda (\u00f6ffnet in neuem Tab)\"> Christa Svoboda<\/a> im Ausstellungskatalog von 1999 die Besonderheiten der Fayencen aus der Obermillner Werkstatt.<\/p>\n<cite> Blaue Welle &#8211; gr\u00fcne Flamme: Salzburger und Gmunder Fayencen 17.-19. Jahrhundert. <br>Aus der Sammlung des Carolino Augusteum  Svoboda, Christa und Wolfram Morath (Hrsg.)  Salzburg : Carolino Augusteum, 1999  S. 16 ff<\/cite><\/blockquote>\n\n\n\n<figure class=\"wp-block-image size-large is-resized\"><a href=\"https:\/\/www.fayence-steinzeug-vogt.de\/wp-content\/uploads\/2020\/02\/Groser-Birnkrug-Hafnerwerkstatt-Obermillner-Salzburg-um-1680-e1580910981237.jpg\"><img loading=\"lazy\" decoding=\"async\" width=\"690\" height=\"1024\" src=\"https:\/\/stage.fayence-steinzeug-vogt.de\/wp-content\/uploads\/2020\/02\/Groser-Birnkrug-Hafnerwerkstatt-Obermillner-Salzburg-um-1680-e1580910981237-690x1024.jpg\" alt=\"\" class=\"wp-image-5942\" style=\"width:549px;height:815px\" srcset=\"https:\/\/www.fayence-steinzeug-vogt.de\/wp-content\/uploads\/2020\/02\/Groser-Birnkrug-Hafnerwerkstatt-Obermillner-Salzburg-um-1680-e1580910981237-690x1024.jpg 690w, https:\/\/www.fayence-steinzeug-vogt.de\/wp-content\/uploads\/2020\/02\/Groser-Birnkrug-Hafnerwerkstatt-Obermillner-Salzburg-um-1680-e1580910981237-202x300.jpg 202w, https:\/\/www.fayence-steinzeug-vogt.de\/wp-content\/uploads\/2020\/02\/Groser-Birnkrug-Hafnerwerkstatt-Obermillner-Salzburg-um-1680-e1580910981237-768x1139.jpg 768w, https:\/\/www.fayence-steinzeug-vogt.de\/wp-content\/uploads\/2020\/02\/Groser-Birnkrug-Hafnerwerkstatt-Obermillner-Salzburg-um-1680-e1580910981237.jpg 850w\" sizes=\"(max-width: 690px) 100vw, 690px\" \/><\/a><figcaption class=\"wp-element-caption\">Gro\u00dfer-Birnkrug-Hafnerwerkstatt-Obermillner-Salzburg-um-1680 aus der Sammlung Sammlung Carolino Augusteum <\/figcaption><\/figure>\n\n\n\n<h4 class=\"wp-block-heading\">Der sogenannte Savona Henkel als Inspiration f\u00fcr Fayencekr\u00fcge aus Salzburg<\/h4>\n\n\n\n<p>Auch die besondere Form des Henkels &#8211; &#8220;Savona Henkel&#8221; genannt &#8211; ist charakteristisch f\u00fcr die Objekte aus der Werkstatt Obermillner aus der <br>2. H\u00e4lfte des 17. Jahrhunderts. Dies ist ein doppelwulstiger Henkel, dessen untere Enden seitlich schlangenf\u00f6rmig auslaufen. Im oberen Drittel des Henkels meist auch noch ein Querb\u00fcndel, das die Handhabung erleichtert.  Gebr\u00e4uchlich waren diese im Fraiul und auch in Savona.<\/p>\n\n\n\n<figure class=\"wp-block-image size-large is-resized\"><a href=\"https:\/\/www.fayence-steinzeug-vogt.de\/wp-content\/uploads\/2020\/02\/17th-century-Obermillner-Salzburg-Faience-Jug-Detail-handle.jpg\"><img loading=\"lazy\" decoding=\"async\" width=\"800\" height=\"800\" src=\"https:\/\/stage.fayence-steinzeug-vogt.de\/wp-content\/uploads\/2020\/02\/17th-century-Obermillner-Salzburg-Faience-Jug-Detail-handle.jpg\" alt=\"\" class=\"wp-image-5984\" style=\"width:541px;height:541px\" srcset=\"https:\/\/www.fayence-steinzeug-vogt.de\/wp-content\/uploads\/2020\/02\/17th-century-Obermillner-Salzburg-Faience-Jug-Detail-handle.jpg 800w, https:\/\/www.fayence-steinzeug-vogt.de\/wp-content\/uploads\/2020\/02\/17th-century-Obermillner-Salzburg-Faience-Jug-Detail-handle-300x300.jpg 300w, https:\/\/www.fayence-steinzeug-vogt.de\/wp-content\/uploads\/2020\/02\/17th-century-Obermillner-Salzburg-Faience-Jug-Detail-handle-150x150.jpg 150w, https:\/\/www.fayence-steinzeug-vogt.de\/wp-content\/uploads\/2020\/02\/17th-century-Obermillner-Salzburg-Faience-Jug-Detail-handle-768x768.jpg 768w\" sizes=\"(max-width: 800px) 100vw, 800px\" \/><\/a><figcaption class=\"wp-element-caption\">Detail eines Jagdkruges Henkel in &#8220;Savona &#8221; Form aus der Werkstatt Obermillner ca. 1690<\/figcaption><\/figure>\n\n\n\n<figure class=\"wp-block-gallery has-nested-images columns-default is-cropped wp-block-gallery-1 is-layout-flex wp-block-gallery-is-layout-flex\">\n<figure class=\"wp-block-image\"><a href=\"https:\/\/www.fayence-steinzeug-vogt.de\/wp-content\/uploads\/2020\/02\/Example-of-Albisola-handle-italian-maiolica-1th-century.jpg\"><img loading=\"lazy\" decoding=\"async\" width=\"768\" height=\"1024\" data-id=\"5973\" src=\"https:\/\/stage.fayence-steinzeug-vogt.de\/wp-content\/uploads\/2020\/02\/Example-of-Albisola-handle-italian-maiolica-1th-century-768x1024.jpg\" alt=\"\" class=\"wp-image-5973\" srcset=\"https:\/\/www.fayence-steinzeug-vogt.de\/wp-content\/uploads\/2020\/02\/Example-of-Albisola-handle-italian-maiolica-1th-century-768x1024.jpg 768w, https:\/\/www.fayence-steinzeug-vogt.de\/wp-content\/uploads\/2020\/02\/Example-of-Albisola-handle-italian-maiolica-1th-century-225x300.jpg 225w, https:\/\/www.fayence-steinzeug-vogt.de\/wp-content\/uploads\/2020\/02\/Example-of-Albisola-handle-italian-maiolica-1th-century.jpg 800w\" sizes=\"(max-width: 768px) 100vw, 768px\" \/><\/a><figcaption class=\"wp-element-caption\">Beispiel f\u00fcr die Henkelform<\/figcaption><\/figure>\n\n\n\n<figure class=\"wp-block-image\"><a href=\"https:\/\/stage.fayence-steinzeug-vogt.de\/fayence-aus-der-werkstatt-thomas-obermillner-salzburg\/mde-3\/\"><img loading=\"lazy\" decoding=\"async\" width=\"768\" height=\"1024\" data-id=\"5974\" src=\"https:\/\/stage.fayence-steinzeug-vogt.de\/wp-content\/uploads\/2020\/02\/Savona-Henkel-Italienische-Fayence-17.-Jh-1-768x1024.jpg\" alt=\"\" class=\"wp-image-5974\" srcset=\"https:\/\/www.fayence-steinzeug-vogt.de\/wp-content\/uploads\/2020\/02\/Savona-Henkel-Italienische-Fayence-17.-Jh-1-768x1024.jpg 768w, https:\/\/www.fayence-steinzeug-vogt.de\/wp-content\/uploads\/2020\/02\/Savona-Henkel-Italienische-Fayence-17.-Jh-1-225x300.jpg 225w, https:\/\/www.fayence-steinzeug-vogt.de\/wp-content\/uploads\/2020\/02\/Savona-Henkel-Italienische-Fayence-17.-Jh-1.jpg 800w\" sizes=\"(max-width: 768px) 100vw, 768px\" \/><\/a><figcaption class=\"wp-element-caption\">eines Melonenkruges aus Albisola<\/figcaption><\/figure>\n<\/figure>\n\n\n\n<h4 class=\"wp-block-heading\">Referenzobjekt aus der Sammlung des MAK Museum Wien<\/h4>\n\n\n\n<figure class=\"wp-block-image size-large\"><a href=\"https:\/\/sammlung.mak.at\/de\/collect\/krug_4079\"><img loading=\"lazy\" decoding=\"async\" width=\"1024\" height=\"482\" src=\"https:\/\/www.fayence-steinzeug-vogt.de\/wp-content\/uploads\/2020\/02\/MAK-Wien-Sammlung-Online-Obermillner-Objekt-KE-6027-1024x482.jpg\" alt=\"\" class=\"wp-image-13088\" srcset=\"https:\/\/www.fayence-steinzeug-vogt.de\/wp-content\/uploads\/2020\/02\/MAK-Wien-Sammlung-Online-Obermillner-Objekt-KE-6027-1024x482.jpg 1024w, https:\/\/www.fayence-steinzeug-vogt.de\/wp-content\/uploads\/2020\/02\/MAK-Wien-Sammlung-Online-Obermillner-Objekt-KE-6027-300x141.jpg 300w, https:\/\/www.fayence-steinzeug-vogt.de\/wp-content\/uploads\/2020\/02\/MAK-Wien-Sammlung-Online-Obermillner-Objekt-KE-6027-768x362.jpg 768w, https:\/\/www.fayence-steinzeug-vogt.de\/wp-content\/uploads\/2020\/02\/MAK-Wien-Sammlung-Online-Obermillner-Objekt-KE-6027-1536x724.jpg 1536w, https:\/\/www.fayence-steinzeug-vogt.de\/wp-content\/uploads\/2020\/02\/MAK-Wien-Sammlung-Online-Obermillner-Objekt-KE-6027.jpg 1692w\" sizes=\"(max-width: 1024px) 100vw, 1024px\" \/><\/a><figcaption class=\"wp-element-caption\">MAK Museum Wien Sammlung online Salzburg Krug, Werkstatt Thomas Obermillner, MAK Inv.nr. KE 6027<\/figcaption><\/figure>\n\n\n\n<h4 class=\"wp-block-heading\">Referenzobjekte Sammlung Peter Vogt<\/h4>\n\n\n\n<figure class=\"wp-block-gallery has-nested-images columns-2 is-cropped wp-block-gallery-2 is-layout-flex wp-block-gallery-is-layout-flex\">\n<figure class=\"wp-block-image size-large\"><a href=\"https:\/\/www.fayence-steinzeug-vogt.de\/wp-content\/uploads\/2025\/01\/17th-century-salzburg-faience-plate-obermillner.jpg\"><img loading=\"lazy\" decoding=\"async\" width=\"882\" height=\"1024\" data-id=\"12565\" src=\"https:\/\/www.fayence-steinzeug-vogt.de\/wp-content\/uploads\/2025\/01\/17th-century-salzburg-faience-plate-obermillner-882x1024.jpg\" alt=\"\" class=\"wp-image-12565\" srcset=\"https:\/\/www.fayence-steinzeug-vogt.de\/wp-content\/uploads\/2025\/01\/17th-century-salzburg-faience-plate-obermillner-882x1024.jpg 882w, https:\/\/www.fayence-steinzeug-vogt.de\/wp-content\/uploads\/2025\/01\/17th-century-salzburg-faience-plate-obermillner-258x300.jpg 258w, https:\/\/www.fayence-steinzeug-vogt.de\/wp-content\/uploads\/2025\/01\/17th-century-salzburg-faience-plate-obermillner-768x892.jpg 768w, https:\/\/www.fayence-steinzeug-vogt.de\/wp-content\/uploads\/2025\/01\/17th-century-salzburg-faience-plate-obermillner-1322x1536.jpg 1322w, https:\/\/www.fayence-steinzeug-vogt.de\/wp-content\/uploads\/2025\/01\/17th-century-salzburg-faience-plate-obermillner-1763x2048.jpg 1763w, https:\/\/www.fayence-steinzeug-vogt.de\/wp-content\/uploads\/2025\/01\/17th-century-salzburg-faience-plate-obermillner.jpg 1920w\" sizes=\"(max-width: 882px) 100vw, 882px\" \/><\/a><figcaption class=\"wp-element-caption\">Salzburger Fayenceteller mit Reitern um 1675, aus der Werkstatt Thomas Obermillner, D. 32 cm<\/figcaption><\/figure>\n\n\n\n<figure class=\"wp-block-image size-large\"><a href=\"https:\/\/www.fayence-steinzeug-vogt.de\/wp-content\/uploads\/2023\/02\/salzburg-fayence-birnkrug-papagei-obermillner-18.jh_.jpg\"><img loading=\"lazy\" decoding=\"async\" width=\"766\" height=\"1024\" data-id=\"9717\" src=\"https:\/\/www.fayence-steinzeug-vogt.de\/wp-content\/uploads\/2023\/02\/salzburg-fayence-birnkrug-papagei-obermillner-18.jh_-766x1024.jpg\" alt=\"salzburg-fayence-birnkrug-papagei-obermillner-18.jh\" class=\"wp-image-9717\" srcset=\"https:\/\/www.fayence-steinzeug-vogt.de\/wp-content\/uploads\/2023\/02\/salzburg-fayence-birnkrug-papagei-obermillner-18.jh_-766x1024.jpg 766w, https:\/\/www.fayence-steinzeug-vogt.de\/wp-content\/uploads\/2023\/02\/salzburg-fayence-birnkrug-papagei-obermillner-18.jh_-224x300.jpg 224w, https:\/\/www.fayence-steinzeug-vogt.de\/wp-content\/uploads\/2023\/02\/salzburg-fayence-birnkrug-papagei-obermillner-18.jh_-768x1027.jpg 768w, https:\/\/www.fayence-steinzeug-vogt.de\/wp-content\/uploads\/2023\/02\/salzburg-fayence-birnkrug-papagei-obermillner-18.jh_-1149x1536.jpg 1149w, https:\/\/www.fayence-steinzeug-vogt.de\/wp-content\/uploads\/2023\/02\/salzburg-fayence-birnkrug-papagei-obermillner-18.jh_.jpg 1159w\" sizes=\"(max-width: 766px) 100vw, 766px\" \/><\/a><figcaption class=\"wp-element-caption\">Salzburger Fayence Birnkrug um 1690, aus der Fayence-Werkstatt Thomas Obermillner, H. 22 cm<\/figcaption><\/figure>\n\n\n\n<figure class=\"wp-block-image size-large\"><a href=\"https:\/\/www.fayence-steinzeug-vogt.de\/wp-content\/uploads\/2022\/06\/17.-Jh.-Salzburger-Fayence-Jagd-Krug-Obermillner.jpg\"><img loading=\"lazy\" decoding=\"async\" width=\"1024\" height=\"1024\" data-id=\"8214\" src=\"https:\/\/www.fayence-steinzeug-vogt.de\/wp-content\/uploads\/2022\/06\/17.-Jh.-Salzburger-Fayence-Jagd-Krug-Obermillner-1024x1024.jpg\" alt=\"17. Jh Salzburg Fayence Jagd Krug Obermillner\" class=\"wp-image-8214\" srcset=\"https:\/\/www.fayence-steinzeug-vogt.de\/wp-content\/uploads\/2022\/06\/17.-Jh.-Salzburger-Fayence-Jagd-Krug-Obermillner-1024x1024.jpg 1024w, https:\/\/www.fayence-steinzeug-vogt.de\/wp-content\/uploads\/2022\/06\/17.-Jh.-Salzburger-Fayence-Jagd-Krug-Obermillner-300x300.jpg 300w, https:\/\/www.fayence-steinzeug-vogt.de\/wp-content\/uploads\/2022\/06\/17.-Jh.-Salzburger-Fayence-Jagd-Krug-Obermillner-150x150.jpg 150w, https:\/\/www.fayence-steinzeug-vogt.de\/wp-content\/uploads\/2022\/06\/17.-Jh.-Salzburger-Fayence-Jagd-Krug-Obermillner-768x768.jpg 768w, https:\/\/www.fayence-steinzeug-vogt.de\/wp-content\/uploads\/2022\/06\/17.-Jh.-Salzburger-Fayence-Jagd-Krug-Obermillner.jpg 1026w\" sizes=\"(max-width: 1024px) 100vw, 1024px\" \/><\/a><figcaption class=\"wp-element-caption\">Salzburger Fayence Jagdkrug Werkstatt Thomas Obermillner um 1680, 23 cm<\/figcaption><\/figure>\n\n\n\n<figure class=\"wp-block-image size-large\"><a href=\"https:\/\/www.fayence-steinzeug-vogt.de\/wp-content\/uploads\/2023\/02\/salzburg-fayence-jagdkrug-obermillner-18.jh_.jpg\"><img loading=\"lazy\" decoding=\"async\" width=\"836\" height=\"1024\" data-id=\"9718\" src=\"https:\/\/www.fayence-steinzeug-vogt.de\/wp-content\/uploads\/2023\/02\/salzburg-fayence-jagdkrug-obermillner-18.jh_-836x1024.jpg\" alt=\"\" class=\"wp-image-9718\" srcset=\"https:\/\/www.fayence-steinzeug-vogt.de\/wp-content\/uploads\/2023\/02\/salzburg-fayence-jagdkrug-obermillner-18.jh_-836x1024.jpg 836w, https:\/\/www.fayence-steinzeug-vogt.de\/wp-content\/uploads\/2023\/02\/salzburg-fayence-jagdkrug-obermillner-18.jh_-245x300.jpg 245w, https:\/\/www.fayence-steinzeug-vogt.de\/wp-content\/uploads\/2023\/02\/salzburg-fayence-jagdkrug-obermillner-18.jh_-768x940.jpg 768w, https:\/\/www.fayence-steinzeug-vogt.de\/wp-content\/uploads\/2023\/02\/salzburg-fayence-jagdkrug-obermillner-18.jh_-1255x1536.jpg 1255w, https:\/\/www.fayence-steinzeug-vogt.de\/wp-content\/uploads\/2023\/02\/salzburg-fayence-jagdkrug-obermillner-18.jh_.jpg 1266w\" sizes=\"(max-width: 836px) 100vw, 836px\" \/><\/a><figcaption class=\"wp-element-caption\">Salzburger Fayence Jagdkrug um 1680, aus der Werkstatt Thomas Obermillner, H. 13 cm<\/figcaption><\/figure>\n\n\n\n<figure class=\"wp-block-image size-large\"><a href=\"https:\/\/stage.fayence-steinzeug-vogt.de\/wp-content\/uploads\/2020\/02\/Fayence-Birnkrug-Werkstatt-Obermillner-Salzburg-Jagddekor-17.-Jh-e1580911142974.jpg\"><img loading=\"lazy\" decoding=\"async\" width=\"800\" height=\"1200\" data-id=\"5751\" src=\"https:\/\/stage.fayence-steinzeug-vogt.de\/wp-content\/uploads\/2020\/02\/Fayence-Birnkrug-Werkstatt-Obermillner-Salzburg-Jagddekor-17.-Jh-e1580911142974.jpg\" alt=\"Late 17th century Baroque Salzburg Faience Hunting Jug workshop Obermillner\" class=\"wp-image-5751\" srcset=\"https:\/\/www.fayence-steinzeug-vogt.de\/wp-content\/uploads\/2020\/02\/Fayence-Birnkrug-Werkstatt-Obermillner-Salzburg-Jagddekor-17.-Jh-e1580911142974.jpg 800w, https:\/\/www.fayence-steinzeug-vogt.de\/wp-content\/uploads\/2020\/02\/Fayence-Birnkrug-Werkstatt-Obermillner-Salzburg-Jagddekor-17.-Jh-e1580911142974-200x300.jpg 200w, https:\/\/www.fayence-steinzeug-vogt.de\/wp-content\/uploads\/2020\/02\/Fayence-Birnkrug-Werkstatt-Obermillner-Salzburg-Jagddekor-17.-Jh-e1580911142974-683x1024.jpg 683w, https:\/\/www.fayence-steinzeug-vogt.de\/wp-content\/uploads\/2020\/02\/Fayence-Birnkrug-Werkstatt-Obermillner-Salzburg-Jagddekor-17.-Jh-e1580911142974-768x1152.jpg 768w\" sizes=\"(max-width: 800px) 100vw, 800px\" \/><\/a><figcaption class=\"wp-element-caption\">Salzburger Fayencebirnkrug mit Hirsch um 1690 Werkstatt Thomas Obermillner, H. 24 cm\nVergleichbare Fayencen befinden sich in der Sammlung des Carolino Augusteum in Salzburg\n<\/figcaption><\/figure>\n\n\n\n<figure class=\"wp-block-image size-large\"><a href=\"https:\/\/stage.fayence-steinzeug-vogt.de\/wp-content\/uploads\/2020\/02\/Fayence-Birnkrug-Werkstatt-Obermillner-Salzburg-Fuchs-Jagd-17.-Jh-e1580911151902.jpg\"><img loading=\"lazy\" decoding=\"async\" width=\"800\" height=\"1200\" data-id=\"5750\" src=\"https:\/\/stage.fayence-steinzeug-vogt.de\/wp-content\/uploads\/2020\/02\/Fayence-Birnkrug-Werkstatt-Obermillner-Salzburg-Fuchs-Jagd-17.-Jh-e1580911151902.jpg\" alt=\"Late 17th century Baroque Salzburg Faience Hunting Jug workshop Obermillner\" class=\"wp-image-5750\" srcset=\"https:\/\/www.fayence-steinzeug-vogt.de\/wp-content\/uploads\/2020\/02\/Fayence-Birnkrug-Werkstatt-Obermillner-Salzburg-Fuchs-Jagd-17.-Jh-e1580911151902.jpg 800w, https:\/\/www.fayence-steinzeug-vogt.de\/wp-content\/uploads\/2020\/02\/Fayence-Birnkrug-Werkstatt-Obermillner-Salzburg-Fuchs-Jagd-17.-Jh-e1580911151902-200x300.jpg 200w, https:\/\/www.fayence-steinzeug-vogt.de\/wp-content\/uploads\/2020\/02\/Fayence-Birnkrug-Werkstatt-Obermillner-Salzburg-Fuchs-Jagd-17.-Jh-e1580911151902-683x1024.jpg 683w, https:\/\/www.fayence-steinzeug-vogt.de\/wp-content\/uploads\/2020\/02\/Fayence-Birnkrug-Werkstatt-Obermillner-Salzburg-Fuchs-Jagd-17.-Jh-e1580911151902-768x1152.jpg 768w\" sizes=\"(max-width: 800px) 100vw, 800px\" \/><\/a><figcaption class=\"wp-element-caption\">Salzburger Fayencebirnkrug mit Fuchs um 1690 Werkstatt Thomas Obermillner, H. 19 cm\nVergleichbare Fayencen befinden sich in der Sammlung des <\/figcaption><\/figure>\n\n\n\n<figure class=\"wp-block-image size-large\"><a href=\"https:\/\/stage.fayence-steinzeug-vogt.de\/wp-content\/uploads\/2020\/02\/17th-century-Obermillner-Salzburg-Faience-Jug-with-hunting-scene-rabbit-blue-and-green-e1580911190895.jpg\"><img loading=\"lazy\" decoding=\"async\" width=\"800\" height=\"1200\" data-id=\"5742\" src=\"https:\/\/stage.fayence-steinzeug-vogt.de\/wp-content\/uploads\/2020\/02\/17th-century-Obermillner-Salzburg-Faience-Jug-with-hunting-scene-rabbit-blue-and-green-e1580911190895.jpg\" alt=\"Late 17th century Baroque Salzburg Faience Hunting Jug workshop Obermillner\" class=\"wp-image-5742\" srcset=\"https:\/\/www.fayence-steinzeug-vogt.de\/wp-content\/uploads\/2020\/02\/17th-century-Obermillner-Salzburg-Faience-Jug-with-hunting-scene-rabbit-blue-and-green-e1580911190895.jpg 800w, https:\/\/www.fayence-steinzeug-vogt.de\/wp-content\/uploads\/2020\/02\/17th-century-Obermillner-Salzburg-Faience-Jug-with-hunting-scene-rabbit-blue-and-green-e1580911190895-200x300.jpg 200w, https:\/\/www.fayence-steinzeug-vogt.de\/wp-content\/uploads\/2020\/02\/17th-century-Obermillner-Salzburg-Faience-Jug-with-hunting-scene-rabbit-blue-and-green-e1580911190895-683x1024.jpg 683w, https:\/\/www.fayence-steinzeug-vogt.de\/wp-content\/uploads\/2020\/02\/17th-century-Obermillner-Salzburg-Faience-Jug-with-hunting-scene-rabbit-blue-and-green-e1580911190895-768x1152.jpg 768w\" sizes=\"(max-width: 800px) 100vw, 800px\" \/><\/a><figcaption class=\"wp-element-caption\">Salzburger Fayencebirnkrug mit Hase um 1690 Werkstatt Thomas Obermillner, H. 24 cm\nVergleichbare Fayencen befinden sich in der Sammlung des <\/figcaption><\/figure>\n\n\n\n<figure class=\"wp-block-image size-large\"><a href=\"https:\/\/stage.fayence-steinzeug-vogt.de\/wp-content\/uploads\/2020\/02\/17th-century-Obermillner-Salzburg-Faience-Jug-with-hunter-blowing-the-hunting-horn-e1580911201107.jpg\"><img loading=\"lazy\" decoding=\"async\" width=\"800\" height=\"1200\" data-id=\"5741\" src=\"https:\/\/stage.fayence-steinzeug-vogt.de\/wp-content\/uploads\/2020\/02\/17th-century-Obermillner-Salzburg-Faience-Jug-with-hunter-blowing-the-hunting-horn-e1580911201107.jpg\" alt=\"Late 17th century Baroque Salzburg Faience Hunting Jug workshop Obermillner\" class=\"wp-image-5741\" srcset=\"https:\/\/www.fayence-steinzeug-vogt.de\/wp-content\/uploads\/2020\/02\/17th-century-Obermillner-Salzburg-Faience-Jug-with-hunter-blowing-the-hunting-horn-e1580911201107.jpg 800w, https:\/\/www.fayence-steinzeug-vogt.de\/wp-content\/uploads\/2020\/02\/17th-century-Obermillner-Salzburg-Faience-Jug-with-hunter-blowing-the-hunting-horn-e1580911201107-200x300.jpg 200w, https:\/\/www.fayence-steinzeug-vogt.de\/wp-content\/uploads\/2020\/02\/17th-century-Obermillner-Salzburg-Faience-Jug-with-hunter-blowing-the-hunting-horn-e1580911201107-683x1024.jpg 683w, https:\/\/www.fayence-steinzeug-vogt.de\/wp-content\/uploads\/2020\/02\/17th-century-Obermillner-Salzburg-Faience-Jug-with-hunter-blowing-the-hunting-horn-e1580911201107-768x1152.jpg 768w\" sizes=\"(max-width: 800px) 100vw, 800px\" \/><\/a><figcaption class=\"wp-element-caption\">Salzburger Fayencebirnkrug mit J\u00e4ger um 1690 Werkstatt Thomas Obermillner, H. 19 cm\nVergleichbare Fayencen befinden sich in der Sammlung des <\/figcaption><\/figure>\n\n\n\n<figure class=\"wp-block-image size-large\"><a href=\"https:\/\/stage.fayence-steinzeug-vogt.de\/wp-content\/uploads\/2020\/01\/Salzburger-Fayence-Jagdkrug-um-1690-Werkstatt-Thomas-Obermillner.jpg\"><img loading=\"lazy\" decoding=\"async\" width=\"657\" height=\"876\" data-id=\"5709\" src=\"https:\/\/stage.fayence-steinzeug-vogt.de\/wp-content\/uploads\/2020\/01\/Salzburger-Fayence-Jagdkrug-um-1690-Werkstatt-Thomas-Obermillner.jpg\" alt=\"Baroque Late 17th century Baroque Salzburg Faience Hunting Jug workshop Obermillner\" class=\"wp-image-5709\" srcset=\"https:\/\/www.fayence-steinzeug-vogt.de\/wp-content\/uploads\/2020\/01\/Salzburger-Fayence-Jagdkrug-um-1690-Werkstatt-Thomas-Obermillner.jpg 657w, https:\/\/www.fayence-steinzeug-vogt.de\/wp-content\/uploads\/2020\/01\/Salzburger-Fayence-Jagdkrug-um-1690-Werkstatt-Thomas-Obermillner-225x300.jpg 225w\" sizes=\"(max-width: 657px) 100vw, 657px\" \/><\/a><figcaption class=\"wp-element-caption\">Salzburger Jagdkrug um 1690 aus der Fayence-Werkstatt Thomas Obermillner, H. 19 cm<\/figcaption><\/figure>\n\n\n\n<figure class=\"wp-block-image size-large\"><a href=\"https:\/\/stage.fayence-steinzeug-vogt.de\/wp-content\/uploads\/2016\/02\/Salzburger-Jagdkrug-um-1690.jpg\"><img loading=\"lazy\" decoding=\"async\" width=\"459\" height=\"644\" data-id=\"1814\" src=\"https:\/\/stage.fayence-steinzeug-vogt.de\/wp-content\/uploads\/2016\/02\/Salzburger-Jagdkrug-um-1690.jpg\" alt=\"Salzburg Faience Hunting Pear Shaped Jug H. 18 cm\" class=\"wp-image-1814\" srcset=\"https:\/\/www.fayence-steinzeug-vogt.de\/wp-content\/uploads\/2016\/02\/Salzburger-Jagdkrug-um-1690.jpg 459w, https:\/\/www.fayence-steinzeug-vogt.de\/wp-content\/uploads\/2016\/02\/Salzburger-Jagdkrug-um-1690-214x300.jpg 214w\" sizes=\"(max-width: 459px) 100vw, 459px\" \/><\/a><figcaption class=\"wp-element-caption\">Salzburger Jagdkrug aus der Werkstatt Thomas Obermillner um 1690, H. 18 cm<\/figcaption><\/figure>\n\n\n\n<figure class=\"wp-block-image size-large\"><a href=\"https:\/\/stage.fayence-steinzeug-vogt.de\/wp-content\/uploads\/2018\/02\/Salzburger-Fayencebirnkrug-ca.-1690-Obermillner.jpg\"><img loading=\"lazy\" decoding=\"async\" width=\"1024\" height=\"1381\" data-id=\"4028\" src=\"https:\/\/stage.fayence-steinzeug-vogt.de\/wp-content\/uploads\/2018\/02\/Salzburger-Fayencebirnkrug-ca.-1690-Obermillner.jpg\" alt=\"Salzburger Fayencebirnkrug ca. 1690 Obermillner\" class=\"wp-image-4028\" srcset=\"https:\/\/www.fayence-steinzeug-vogt.de\/wp-content\/uploads\/2018\/02\/Salzburger-Fayencebirnkrug-ca.-1690-Obermillner.jpg 1024w, https:\/\/www.fayence-steinzeug-vogt.de\/wp-content\/uploads\/2018\/02\/Salzburger-Fayencebirnkrug-ca.-1690-Obermillner-222x300.jpg 222w, https:\/\/www.fayence-steinzeug-vogt.de\/wp-content\/uploads\/2018\/02\/Salzburger-Fayencebirnkrug-ca.-1690-Obermillner-759x1024.jpg 759w, https:\/\/www.fayence-steinzeug-vogt.de\/wp-content\/uploads\/2018\/02\/Salzburger-Fayencebirnkrug-ca.-1690-Obermillner-768x1036.jpg 768w\" sizes=\"(max-width: 1024px) 100vw, 1024px\" \/><\/a><figcaption class=\"wp-element-caption\">Salzburger Fayencebirnkrug um 1690 Werkstatt Thomas Obermillner, H. 24 cm\nVergleichbare Fayencen befinden sich in der Sammlung des Carolino Augusteum in Salzburg\n<\/figcaption><\/figure>\n\n\n\n<figure class=\"wp-block-image size-large\"><a href=\"https:\/\/stage.fayence-steinzeug-vogt.de\/wp-content\/uploads\/2015\/09\/Salzburger-Fayencebirnkrug-um-1700.jpg\"><img loading=\"lazy\" decoding=\"async\" width=\"1116\" height=\"1684\" data-id=\"1685\" src=\"https:\/\/stage.fayence-steinzeug-vogt.de\/wp-content\/uploads\/2015\/09\/Salzburger-Fayencebirnkrug-um-1700.jpg\" alt=\"Salzburger Fayencebirnkrug um 1700\" class=\"wp-image-1685\" srcset=\"https:\/\/www.fayence-steinzeug-vogt.de\/wp-content\/uploads\/2015\/09\/Salzburger-Fayencebirnkrug-um-1700.jpg 1116w, https:\/\/www.fayence-steinzeug-vogt.de\/wp-content\/uploads\/2015\/09\/Salzburger-Fayencebirnkrug-um-1700-199x300.jpg 199w, https:\/\/www.fayence-steinzeug-vogt.de\/wp-content\/uploads\/2015\/09\/Salzburger-Fayencebirnkrug-um-1700-679x1024.jpg 679w, https:\/\/www.fayence-steinzeug-vogt.de\/wp-content\/uploads\/2015\/09\/Salzburger-Fayencebirnkrug-um-1700-768x1159.jpg 768w, https:\/\/www.fayence-steinzeug-vogt.de\/wp-content\/uploads\/2015\/09\/Salzburger-Fayencebirnkrug-um-1700-1018x1536.jpg 1018w\" sizes=\"(max-width: 1116px) 100vw, 1116px\" \/><\/a><figcaption class=\"wp-element-caption\">Salzburger Fayencebirnkrug um 1700, Werkstatt Thomas OPbermillner, H. 26 cm<\/figcaption><\/figure>\n<figcaption class=\"blocks-gallery-caption wp-element-caption\">Fotos Peter Vogt M\u00fcnchen<\/figcaption><\/figure>\n\n\n\n<h3 class=\"wp-block-heading\">Literatur <\/h3>\n\n\n\n<div class=\"wp-block-media-text is-stacked-on-mobile\"><figure class=\"wp-block-media-text__media\"><img loading=\"lazy\" decoding=\"async\" width=\"229\" height=\"300\" src=\"https:\/\/stage.fayence-steinzeug-vogt.de\/wp-content\/uploads\/2020\/02\/Blaue-Welle-Grune-Flamme-Salzburger-Gmundner-Fayencen-Sammlung-Carolino-augusteum-1999-229x300.jpg\" alt=\"\" class=\"wp-image-5848 size-full\" srcset=\"https:\/\/www.fayence-steinzeug-vogt.de\/wp-content\/uploads\/2020\/02\/Blaue-Welle-Grune-Flamme-Salzburger-Gmundner-Fayencen-Sammlung-Carolino-augusteum-1999-229x300.jpg 229w, https:\/\/www.fayence-steinzeug-vogt.de\/wp-content\/uploads\/2020\/02\/Blaue-Welle-Grune-Flamme-Salzburger-Gmundner-Fayencen-Sammlung-Carolino-augusteum-1999.jpg 382w\" sizes=\"(max-width: 229px) 100vw, 229px\" \/><\/figure><div class=\"wp-block-media-text__content\">\n<p>Blaue Welle &#8211; gr\u00fcne Flamme: Salzburger und Gmunder Fayencen 17.-19. Jahrhundert. <br>Aus der Sammlung des Carolino Augusteum  Svoboda, Christa und Wolfram Morath (Hrsg.)  Salzburg : Carolino Augusteum, 1999 <\/p>\n<\/div><\/div>\n","protected":false},"excerpt":{"rendered":"<p>Das blaue Wellenband ist charakteristisch f\u00fcr die Werkstatt des Thomas Obermillner. Das dunkle Wellenband wird mit einem helleren Band konturiert. Dieses gliedert die Fl\u00e4che in mehrere Bildfelder, die mit unterschiedlichen Motiven bemalt wurden. Die Wellenband Geschirre aus der Werkstatt Obermillner sind eine singul\u00e4re Erscheinung. Keine andere bekannte europ\u00e4ische Keramik kennt das blaue Wellenband als Dekor. [&hellip;]<\/p>\n","protected":false},"author":2,"featured_media":5941,"comment_status":"closed","ping_status":"closed","sticky":false,"template":"","format":"standard","meta":{"footnotes":""},"categories":[31,30],"tags":[494,521,622,135,302],"class_list":["post-5845","post","type-post","status-publish","format-standard","has-post-thumbnail","hentry","category-faience","category-expert-knowledge","tag-salzburg","tag-savona-henkel","tag-werkstatt-obermillner","tag-carolino-augusteum","tag-jagdkrug"],"_links":{"self":[{"href":"https:\/\/www.fayence-steinzeug-vogt.de\/en\/wp-json\/wp\/v2\/posts\/5845","targetHints":{"allow":["GET"]}}],"collection":[{"href":"https:\/\/www.fayence-steinzeug-vogt.de\/en\/wp-json\/wp\/v2\/posts"}],"about":[{"href":"https:\/\/www.fayence-steinzeug-vogt.de\/en\/wp-json\/wp\/v2\/types\/post"}],"author":[{"embeddable":true,"href":"https:\/\/www.fayence-steinzeug-vogt.de\/en\/wp-json\/wp\/v2\/users\/2"}],"replies":[{"embeddable":true,"href":"https:\/\/www.fayence-steinzeug-vogt.de\/en\/wp-json\/wp\/v2\/comments?post=5845"}],"version-history":[{"count":7,"href":"https:\/\/www.fayence-steinzeug-vogt.de\/en\/wp-json\/wp\/v2\/posts\/5845\/revisions"}],"predecessor-version":[{"id":13091,"href":"https:\/\/www.fayence-steinzeug-vogt.de\/en\/wp-json\/wp\/v2\/posts\/5845\/revisions\/13091"}],"wp:featuredmedia":[{"embeddable":true,"href":"https:\/\/www.fayence-steinzeug-vogt.de\/en\/wp-json\/wp\/v2\/media\/5941"}],"wp:attachment":[{"href":"https:\/\/www.fayence-steinzeug-vogt.de\/en\/wp-json\/wp\/v2\/media?parent=5845"}],"wp:term":[{"taxonomy":"category","embeddable":true,"href":"https:\/\/www.fayence-steinzeug-vogt.de\/en\/wp-json\/wp\/v2\/categories?post=5845"},{"taxonomy":"post_tag","embeddable":true,"href":"https:\/\/www.fayence-steinzeug-vogt.de\/en\/wp-json\/wp\/v2\/tags?post=5845"}],"curies":[{"name":"wp","href":"https:\/\/api.w.org\/{rel}","templated":true}]}}