{"id":6115,"date":"2021-02-01T17:06:00","date_gmt":"2021-02-01T15:06:00","guid":{"rendered":"http:\/\/www.fayence-steinzeug-vogt.de\/?p=6115"},"modified":"2022-07-02T13:37:23","modified_gmt":"2022-07-02T13:37:23","slug":"baroque-crailsheim-flower-tankard","status":"publish","type":"post","link":"https:\/\/www.fayence-steinzeug-vogt.de\/en\/baroque-crailsheim-flower-tankard\/","title":{"rendered":"Baroque Crailsheim Flower Tankard"},"content":{"rendered":"\n<h3 class=\"wp-block-heading\">Baroque 18th century Crailsheim Tankards depicting colourful flowers |Barocke Fayence  Blumenkr\u00fcge aus der Manufaktur in Crailsheim mit leuchtend bunten Muffelfarben bemalt um 1760<\/h3>\n\n\n\n<p>The polychrome flower painting with muffle fired colours was probably introduced by former Meissen porcelain painters in the Crailsheim Manufactory around the middle of the 18th century.  The Crailsheim flower tankards stand out with their fine and expressive painting with very thin contours in black-brown.<br>Little is known about the Crailheim faience manufactory. It probably existed from ca. 1715 to ca. 1827. <br>Source: Sammlergl\u00fcck Fayencen der Sammlung Amelung Mainfr\u00e4nkisches Museum W\u00fcrzburg 2014 p. 117<\/p>\n\n\n\n<p>Die Crailsheimer Blumenkr\u00fcge bestechen durch farblich fein abgestimmte und ausdrucksstarke Malerei mit sehr d\u00fcnnen Konturen in Schwarzbraun.<br>\u00dcber die Crailheimer Fayence Manufaktur ist nur wenig bekannt. Sie bestand vermutlich von ca. 1715 bis etwa 1827. Walzenkr\u00fcge scheinen dort erstnach 1755 in gr\u00f6\u00dferem Umfang hergestellt worden zu sein. Der typisch polychrome Blumendekor in Aufglasurmalerei wurde in Crailsheim um Mitte des 18. Jh. eingef\u00fchrt, vermutlich von ehemaligen Meissener Porzellanmalern.<br>Quelle: Sammlergl\u00fcck Fayencen der Sammlung Amelung Mainfr\u00e4nkisches Museum W\u00fcrzburg 2014 S. 117<\/p>\n\n\n\n<h4 class=\"wp-block-heading\">Objekte aus der Periode Johann Georg Wei\u00df sen. um 1770<\/h4>\n\n\n\n<figure class=\"wp-block-gallery has-nested-images columns-2 is-cropped wp-block-gallery-1 is-layout-flex wp-block-gallery-is-layout-flex\">\n<figure class=\"wp-block-image size-large\"><a href=\"https:\/\/stage.fayence-steinzeug-vogt.de\/wp-content\/uploads\/2021\/01\/Craislheim-Fayence-Blumen-Krug-um-1770.jpg\"><img loading=\"lazy\" decoding=\"async\" width=\"640\" height=\"960\" data-id=\"6647\" src=\"https:\/\/stage.fayence-steinzeug-vogt.de\/wp-content\/uploads\/2021\/01\/Craislheim-Fayence-Blumen-Krug-um-1770.jpg\" alt=\"Baroque 18th century Faience Tankard with Flowers\" class=\"wp-image-6647\" srcset=\"https:\/\/www.fayence-steinzeug-vogt.de\/wp-content\/uploads\/2021\/01\/Craislheim-Fayence-Blumen-Krug-um-1770.jpg 640w, https:\/\/www.fayence-steinzeug-vogt.de\/wp-content\/uploads\/2021\/01\/Craislheim-Fayence-Blumen-Krug-um-1770-200x300.jpg 200w\" sizes=\"(max-width: 640px) 100vw, 640px\" \/><\/a><figcaption>Crailsheimer Fayencekrug um 1770, mit bunten Blumen in Muffelfarben bemalt H. 24 cm<\/figcaption><\/figure>\n\n\n\n<figure class=\"wp-block-image size-large\"><a href=\"https:\/\/stage.fayence-steinzeug-vogt.de\/wp-content\/uploads\/2021\/01\/Craislheim-Fayence-Blumen-Krug-um-1770-Detail.jpg\"><img loading=\"lazy\" decoding=\"async\" width=\"640\" height=\"834\" data-id=\"6652\" src=\"https:\/\/stage.fayence-steinzeug-vogt.de\/wp-content\/uploads\/2021\/01\/Craislheim-Fayence-Blumen-Krug-um-1770-Detail.jpg\" alt=\"\" class=\"wp-image-6652\" srcset=\"https:\/\/www.fayence-steinzeug-vogt.de\/wp-content\/uploads\/2021\/01\/Craislheim-Fayence-Blumen-Krug-um-1770-Detail.jpg 640w, https:\/\/www.fayence-steinzeug-vogt.de\/wp-content\/uploads\/2021\/01\/Craislheim-Fayence-Blumen-Krug-um-1770-Detail-230x300.jpg 230w\" sizes=\"(max-width: 640px) 100vw, 640px\" \/><\/a><figcaption>Detail Blumenbouquet in bunten Muffelfarben<\/figcaption><\/figure>\n\n\n\n<figure class=\"wp-block-image size-large\"><a href=\"https:\/\/stage.fayence-steinzeug-vogt.de\/wp-content\/uploads\/2020\/02\/Baroque-18th-century-Crailsheim-Faience-Tankard-Muffle-fired-colours-flower-bouquet-e1580911177409.jpg\"><img loading=\"lazy\" decoding=\"async\" width=\"850\" height=\"1275\" data-id=\"5745\" src=\"https:\/\/stage.fayence-steinzeug-vogt.de\/wp-content\/uploads\/2020\/02\/Baroque-18th-century-Crailsheim-Faience-Tankard-Muffle-fired-colours-flower-bouquet-e1580911177409.jpg\" alt=\"\" class=\"wp-image-5745\" srcset=\"https:\/\/www.fayence-steinzeug-vogt.de\/wp-content\/uploads\/2020\/02\/Baroque-18th-century-Crailsheim-Faience-Tankard-Muffle-fired-colours-flower-bouquet-e1580911177409.jpg 850w, https:\/\/www.fayence-steinzeug-vogt.de\/wp-content\/uploads\/2020\/02\/Baroque-18th-century-Crailsheim-Faience-Tankard-Muffle-fired-colours-flower-bouquet-e1580911177409-200x300.jpg 200w, https:\/\/www.fayence-steinzeug-vogt.de\/wp-content\/uploads\/2020\/02\/Baroque-18th-century-Crailsheim-Faience-Tankard-Muffle-fired-colours-flower-bouquet-e1580911177409-683x1024.jpg 683w, https:\/\/www.fayence-steinzeug-vogt.de\/wp-content\/uploads\/2020\/02\/Baroque-18th-century-Crailsheim-Faience-Tankard-Muffle-fired-colours-flower-bouquet-e1580911177409-768x1152.jpg 768w\" sizes=\"(max-width: 850px) 100vw, 850px\" \/><\/a><figcaption>Crailsheimer Fayencekrug um 1780 mit Blumenbouquet in bunten Muffelfarben<\/figcaption><\/figure>\n\n\n\n<figure class=\"wp-block-image size-large\"><a href=\"https:\/\/stage.fayence-steinzeug-vogt.de\/wp-content\/uploads\/2020\/01\/Crailsheimer-Fayencekrug-um-1780-mit-Blumenbouquet-in-bunten-Muffelfarben.jpg\"><img loading=\"lazy\" decoding=\"async\" width=\"597\" height=\"902\" data-id=\"5725\" src=\"https:\/\/stage.fayence-steinzeug-vogt.de\/wp-content\/uploads\/2020\/01\/Crailsheimer-Fayencekrug-um-1780-mit-Blumenbouquet-in-bunten-Muffelfarben.jpg\" alt=\"\" class=\"wp-image-5725\" srcset=\"https:\/\/www.fayence-steinzeug-vogt.de\/wp-content\/uploads\/2020\/01\/Crailsheimer-Fayencekrug-um-1780-mit-Blumenbouquet-in-bunten-Muffelfarben.jpg 597w, https:\/\/www.fayence-steinzeug-vogt.de\/wp-content\/uploads\/2020\/01\/Crailsheimer-Fayencekrug-um-1780-mit-Blumenbouquet-in-bunten-Muffelfarben-199x300.jpg 199w\" sizes=\"(max-width: 597px) 100vw, 597px\" \/><\/a><figcaption>Detail Blumenbouquet in bunten Muffelfarben<\/figcaption><\/figure>\n\n\n\n<figure class=\"wp-block-image size-large\"><a href=\"https:\/\/stage.fayence-steinzeug-vogt.de\/wp-content\/uploads\/2020\/02\/Barock-Crailsheim-Fayence-Blumenkrug-um-1780-Peter-Vogt-Antiquitaten.jpg\"><img loading=\"lazy\" decoding=\"async\" width=\"683\" height=\"1024\" data-id=\"6124\" src=\"https:\/\/stage.fayence-steinzeug-vogt.de\/wp-content\/uploads\/2020\/02\/Barock-Crailsheim-Fayence-Blumenkrug-um-1780-Peter-Vogt-Antiquitaten-683x1024.jpg\" alt=\"\" class=\"wp-image-6124\" srcset=\"https:\/\/www.fayence-steinzeug-vogt.de\/wp-content\/uploads\/2020\/02\/Barock-Crailsheim-Fayence-Blumenkrug-um-1780-Peter-Vogt-Antiquitaten-683x1024.jpg 683w, https:\/\/www.fayence-steinzeug-vogt.de\/wp-content\/uploads\/2020\/02\/Barock-Crailsheim-Fayence-Blumenkrug-um-1780-Peter-Vogt-Antiquitaten-200x300.jpg 200w, https:\/\/www.fayence-steinzeug-vogt.de\/wp-content\/uploads\/2020\/02\/Barock-Crailsheim-Fayence-Blumenkrug-um-1780-Peter-Vogt-Antiquitaten-768x1152.jpg 768w, https:\/\/www.fayence-steinzeug-vogt.de\/wp-content\/uploads\/2020\/02\/Barock-Crailsheim-Fayence-Blumenkrug-um-1780-Peter-Vogt-Antiquitaten.jpg 800w\" sizes=\"(max-width: 683px) 100vw, 683px\" \/><\/a><figcaption>Crailsheimer Fayencekrug um 1770, mit bunten Blumen in Muffelfarben bemalt H. 25 cm<\/figcaption><\/figure>\n\n\n\n<figure class=\"wp-block-image size-large\"><a href=\"https:\/\/stage.fayence-steinzeug-vogt.de\/wp-content\/uploads\/2020\/02\/Barock-Crailsheim-Fayence-Blumenkrug-um-1780-Peter-Vogt-Detail.jpg\"><img loading=\"lazy\" decoding=\"async\" width=\"640\" height=\"960\" data-id=\"6125\" src=\"https:\/\/stage.fayence-steinzeug-vogt.de\/wp-content\/uploads\/2020\/02\/Barock-Crailsheim-Fayence-Blumenkrug-um-1780-Peter-Vogt-Detail.jpg\" alt=\"\" class=\"wp-image-6125\" srcset=\"https:\/\/www.fayence-steinzeug-vogt.de\/wp-content\/uploads\/2020\/02\/Barock-Crailsheim-Fayence-Blumenkrug-um-1780-Peter-Vogt-Detail.jpg 640w, https:\/\/www.fayence-steinzeug-vogt.de\/wp-content\/uploads\/2020\/02\/Barock-Crailsheim-Fayence-Blumenkrug-um-1780-Peter-Vogt-Detail-200x300.jpg 200w\" sizes=\"(max-width: 640px) 100vw, 640px\" \/><\/a><figcaption>Detail Blumenmalerei Muffelfarben<\/figcaption><\/figure>\n\n\n\n<figure class=\"wp-block-image size-large\"><a href=\"https:\/\/stage.fayence-steinzeug-vogt.de\/wp-content\/uploads\/2020\/02\/Barocker-Crailsheimer-Fayence-Blumen-Krug-Muffelfarben-18.-Jh.jpg\"><img loading=\"lazy\" decoding=\"async\" width=\"676\" height=\"1024\" data-id=\"6126\" src=\"https:\/\/stage.fayence-steinzeug-vogt.de\/wp-content\/uploads\/2020\/02\/Barocker-Crailsheimer-Fayence-Blumen-Krug-Muffelfarben-18.-Jh-676x1024.jpg\" alt=\"\" class=\"wp-image-6126\" srcset=\"https:\/\/www.fayence-steinzeug-vogt.de\/wp-content\/uploads\/2020\/02\/Barocker-Crailsheimer-Fayence-Blumen-Krug-Muffelfarben-18.-Jh-676x1024.jpg 676w, https:\/\/www.fayence-steinzeug-vogt.de\/wp-content\/uploads\/2020\/02\/Barocker-Crailsheimer-Fayence-Blumen-Krug-Muffelfarben-18.-Jh-198x300.jpg 198w, https:\/\/www.fayence-steinzeug-vogt.de\/wp-content\/uploads\/2020\/02\/Barocker-Crailsheimer-Fayence-Blumen-Krug-Muffelfarben-18.-Jh-768x1164.jpg 768w, https:\/\/www.fayence-steinzeug-vogt.de\/wp-content\/uploads\/2020\/02\/Barocker-Crailsheimer-Fayence-Blumen-Krug-Muffelfarben-18.-Jh.jpg 800w\" sizes=\"(max-width: 676px) 100vw, 676px\" \/><\/a><figcaption>Crailsheimer Fayencekrug um 1770, mit bunten Muffelfarben bemalt<\/figcaption><\/figure>\n\n\n\n<figure class=\"wp-block-image size-large\"><a href=\"https:\/\/stage.fayence-steinzeug-vogt.de\/wp-content\/uploads\/2020\/02\/Kleiner-Barocker-Crailsheimer-Fayence-Blumen-Krug-Muffelfarben-18.-Jh.jpg\"><img loading=\"lazy\" decoding=\"async\" width=\"640\" height=\"960\" data-id=\"6129\" src=\"https:\/\/stage.fayence-steinzeug-vogt.de\/wp-content\/uploads\/2020\/02\/Kleiner-Barocker-Crailsheimer-Fayence-Blumen-Krug-Muffelfarben-18.-Jh.jpg\" alt=\"\" class=\"wp-image-6129\" srcset=\"https:\/\/www.fayence-steinzeug-vogt.de\/wp-content\/uploads\/2020\/02\/Kleiner-Barocker-Crailsheimer-Fayence-Blumen-Krug-Muffelfarben-18.-Jh.jpg 640w, https:\/\/www.fayence-steinzeug-vogt.de\/wp-content\/uploads\/2020\/02\/Kleiner-Barocker-Crailsheimer-Fayence-Blumen-Krug-Muffelfarben-18.-Jh-200x300.jpg 200w\" sizes=\"(max-width: 640px) 100vw, 640px\" \/><\/a><figcaption>Kleiner Crailsheimer Blumenkrug ca. 1760<\/figcaption><\/figure>\n\n\n\n<figure class=\"wp-block-image size-large\"><a href=\"https:\/\/stage.fayence-steinzeug-vogt.de\/wp-content\/uploads\/2020\/02\/Crailsheim-Blumenkrug-um-1760-Jubilaumskatalog-Peter-Vogt-Kunsthandel.jpg\"><img loading=\"lazy\" decoding=\"async\" width=\"800\" height=\"808\" data-id=\"6128\" src=\"https:\/\/stage.fayence-steinzeug-vogt.de\/wp-content\/uploads\/2020\/02\/Crailsheim-Blumenkrug-um-1760-Jubilaumskatalog-Peter-Vogt-Kunsthandel.jpg\" alt=\"\" class=\"wp-image-6128\" srcset=\"https:\/\/www.fayence-steinzeug-vogt.de\/wp-content\/uploads\/2020\/02\/Crailsheim-Blumenkrug-um-1760-Jubilaumskatalog-Peter-Vogt-Kunsthandel.jpg 800w, https:\/\/www.fayence-steinzeug-vogt.de\/wp-content\/uploads\/2020\/02\/Crailsheim-Blumenkrug-um-1760-Jubilaumskatalog-Peter-Vogt-Kunsthandel-297x300.jpg 297w, https:\/\/www.fayence-steinzeug-vogt.de\/wp-content\/uploads\/2020\/02\/Crailsheim-Blumenkrug-um-1760-Jubilaumskatalog-Peter-Vogt-Kunsthandel-768x776.jpg 768w\" sizes=\"(max-width: 800px) 100vw, 800px\" \/><\/a><figcaption>Katalog Peter Vogt M\u00fcnchen Crailsheimer Walzenkrug <\/figcaption><\/figure>\n<\/figure>\n\n\n\n<h3 class=\"wp-block-heading\">Reference objects Literature:<\/h3>\n\n\n\n<figure class=\"wp-block-gallery has-nested-images columns-default is-cropped wp-block-gallery-2 is-layout-flex wp-block-gallery-is-layout-flex\">\n<figure class=\"wp-block-image size-large\"><a href=\"https:\/\/stage.fayence-steinzeug-vogt.de\/baroque-crailsheim-flower-tankard\/fayence-sammlung-amelung-crailsheim-walzenkrug-mit-blumenkorb-um-1760\/\"><img loading=\"lazy\" decoding=\"async\" width=\"683\" height=\"1024\" data-id=\"6122\" src=\"https:\/\/stage.fayence-steinzeug-vogt.de\/wp-content\/uploads\/2020\/02\/Fayence-Sammlung-Amelung-Crailsheim-Walzenkrug-mit-Blumenkorb-um-1760-683x1024.jpg\" alt=\"\" class=\"wp-image-6122\" srcset=\"https:\/\/www.fayence-steinzeug-vogt.de\/wp-content\/uploads\/2020\/02\/Fayence-Sammlung-Amelung-Crailsheim-Walzenkrug-mit-Blumenkorb-um-1760-683x1024.jpg 683w, https:\/\/www.fayence-steinzeug-vogt.de\/wp-content\/uploads\/2020\/02\/Fayence-Sammlung-Amelung-Crailsheim-Walzenkrug-mit-Blumenkorb-um-1760-200x300.jpg 200w, https:\/\/www.fayence-steinzeug-vogt.de\/wp-content\/uploads\/2020\/02\/Fayence-Sammlung-Amelung-Crailsheim-Walzenkrug-mit-Blumenkorb-um-1760-768x1152.jpg 768w, https:\/\/www.fayence-steinzeug-vogt.de\/wp-content\/uploads\/2020\/02\/Fayence-Sammlung-Amelung-Crailsheim-Walzenkrug-mit-Blumenkorb-um-1760.jpg 800w\" sizes=\"(max-width: 683px) 100vw, 683px\" \/><\/a><figcaption>Sammlergl\u00fcck Fayencen der Sammlung Amelung Mainfr\u00e4nkisches Museum W\u00fcrzburg 2014<\/figcaption><\/figure>\n\n\n\n<figure class=\"wp-block-image size-large\"><a href=\"https:\/\/stage.fayence-steinzeug-vogt.de\/kuenersberger-hausmalerkrug-um-1765\/sammlerglueck-fayencen-der-sammlung-amelung-mainfraenkisches-museum-wuerzburg-2014\/\"><img loading=\"lazy\" decoding=\"async\" width=\"704\" height=\"1024\" data-id=\"3434\" src=\"https:\/\/stage.fayence-steinzeug-vogt.de\/wp-content\/uploads\/2017\/04\/Sammlergluck-Fayencen-der-Sammlung-Amelung-Mainfrankisches-Museum-Wurzburg-2014-704x1024.jpg\" alt=\"Sammlergl\u00fcck Fayencen der Sammlung Amelung Mainfr\u00e4nkisches Museum W\u00fcrzburg 2014\" class=\"wp-image-3434\" srcset=\"https:\/\/www.fayence-steinzeug-vogt.de\/wp-content\/uploads\/2017\/04\/Sammlergluck-Fayencen-der-Sammlung-Amelung-Mainfrankisches-Museum-Wurzburg-2014-704x1024.jpg 704w, https:\/\/www.fayence-steinzeug-vogt.de\/wp-content\/uploads\/2017\/04\/Sammlergluck-Fayencen-der-Sammlung-Amelung-Mainfrankisches-Museum-Wurzburg-2014-206x300.jpg 206w, https:\/\/www.fayence-steinzeug-vogt.de\/wp-content\/uploads\/2017\/04\/Sammlergluck-Fayencen-der-Sammlung-Amelung-Mainfrankisches-Museum-Wurzburg-2014-768x1116.jpg 768w, https:\/\/www.fayence-steinzeug-vogt.de\/wp-content\/uploads\/2017\/04\/Sammlergluck-Fayencen-der-Sammlung-Amelung-Mainfrankisches-Museum-Wurzburg-2014.jpg 800w\" sizes=\"(max-width: 704px) 100vw, 704px\" \/><\/a><\/figure>\n<\/figure>\n\n\n\n<figure class=\"wp-block-gallery has-nested-images columns-default is-cropped wp-block-gallery-3 is-layout-flex wp-block-gallery-is-layout-flex\">\n<figure class=\"wp-block-image size-large\"><a href=\"https:\/\/stage.fayence-steinzeug-vogt.de\/crailsheim-fayence-jagd-krug-um-1770\/der-schoene-schein-deutsche-fayence-kunst-patricia-brattig\/\"><img loading=\"lazy\" decoding=\"async\" width=\"800\" height=\"985\" data-id=\"3396\" src=\"https:\/\/stage.fayence-steinzeug-vogt.de\/wp-content\/uploads\/2017\/03\/Der-Schone-Schein-Deutsche-Fayence-Kunst-Patricia-Brattig.jpg\" alt=\"Der Sch\u00f6ne Schein Deutsche Fayence Kunst Patricia Brattig\" class=\"wp-image-3396\" srcset=\"https:\/\/www.fayence-steinzeug-vogt.de\/wp-content\/uploads\/2017\/03\/Der-Schone-Schein-Deutsche-Fayence-Kunst-Patricia-Brattig.jpg 800w, https:\/\/www.fayence-steinzeug-vogt.de\/wp-content\/uploads\/2017\/03\/Der-Schone-Schein-Deutsche-Fayence-Kunst-Patricia-Brattig-244x300.jpg 244w, https:\/\/www.fayence-steinzeug-vogt.de\/wp-content\/uploads\/2017\/03\/Der-Schone-Schein-Deutsche-Fayence-Kunst-Patricia-Brattig-768x946.jpg 768w\" sizes=\"(max-width: 800px) 100vw, 800px\" \/><\/a><figcaption>Sch\u00f6ne Schein Deutsche Fayence Kunst Patricia Brattig die Sammlung des Museums f\u00fcr Angewandte Kunst K\u00f6ln<\/figcaption><\/figure>\n\n\n\n<figure class=\"wp-block-image size-large\"><a href=\"https:\/\/stage.fayence-steinzeug-vogt.de\/baroque-crailsheim-flower-tankard\/fayence-sammlung-museum-fuer-angewandte-kunst-koeln-patricia-brattig-crailsheim-walzenkrug-um-1760\/\"><img loading=\"lazy\" decoding=\"async\" width=\"683\" height=\"1024\" data-id=\"6120\" src=\"https:\/\/stage.fayence-steinzeug-vogt.de\/wp-content\/uploads\/2020\/02\/Fayence-Sammlung-Museum-fur-Angewandte-Kunst-Koln-Patricia-Brattig-Crailsheim-Walzenkrug-um-1760-683x1024.jpg\" alt=\"\" class=\"wp-image-6120\" srcset=\"https:\/\/www.fayence-steinzeug-vogt.de\/wp-content\/uploads\/2020\/02\/Fayence-Sammlung-Museum-fur-Angewandte-Kunst-Koln-Patricia-Brattig-Crailsheim-Walzenkrug-um-1760-683x1024.jpg 683w, https:\/\/www.fayence-steinzeug-vogt.de\/wp-content\/uploads\/2020\/02\/Fayence-Sammlung-Museum-fur-Angewandte-Kunst-Koln-Patricia-Brattig-Crailsheim-Walzenkrug-um-1760-200x300.jpg 200w, https:\/\/www.fayence-steinzeug-vogt.de\/wp-content\/uploads\/2020\/02\/Fayence-Sammlung-Museum-fur-Angewandte-Kunst-Koln-Patricia-Brattig-Crailsheim-Walzenkrug-um-1760-768x1152.jpg 768w, https:\/\/www.fayence-steinzeug-vogt.de\/wp-content\/uploads\/2020\/02\/Fayence-Sammlung-Museum-fur-Angewandte-Kunst-Koln-Patricia-Brattig-Crailsheim-Walzenkrug-um-1760.jpg 800w\" sizes=\"(max-width: 683px) 100vw, 683px\" \/><\/a><\/figure>\n<\/figure>\n","protected":false},"excerpt":{"rendered":"<p>Baroque 18th century Crailsheim Tankards depicting colourful flowers |Barocke Fayence Blumenkr\u00fcge aus der Manufaktur in Crailsheim mit leuchtend bunten Muffelfarben bemalt um 1760 The polychrome flower painting with muffle fired colours was probably introduced by former Meissen porcelain painters in the Crailsheim Manufactory around the middle of the 18th century. The Crailsheim flower tankards stand [&hellip;]<\/p>\n","protected":false},"author":2,"featured_media":6116,"comment_status":"closed","ping_status":"closed","sticky":false,"template":"","format":"standard","meta":{"footnotes":""},"categories":[28,31],"tags":[43,44,311,381,406,407,414,501],"class_list":["post-6115","post","type-post","status-publish","format-standard","has-post-thumbnail","hentry","category-european-ceramics","category-faience","tag-18th-century","tag-18th-century-works-of-art","tag-johann-georg-weiss-sen","tag-mainfraenkisches-museum-wuerzburg","tag-muffelfarben","tag-muffelmalerei","tag-museum-fuer-angewandte-kunst-koeln","tag-sammlung-amelung"],"_links":{"self":[{"href":"https:\/\/www.fayence-steinzeug-vogt.de\/en\/wp-json\/wp\/v2\/posts\/6115","targetHints":{"allow":["GET"]}}],"collection":[{"href":"https:\/\/www.fayence-steinzeug-vogt.de\/en\/wp-json\/wp\/v2\/posts"}],"about":[{"href":"https:\/\/www.fayence-steinzeug-vogt.de\/en\/wp-json\/wp\/v2\/types\/post"}],"author":[{"embeddable":true,"href":"https:\/\/www.fayence-steinzeug-vogt.de\/en\/wp-json\/wp\/v2\/users\/2"}],"replies":[{"embeddable":true,"href":"https:\/\/www.fayence-steinzeug-vogt.de\/en\/wp-json\/wp\/v2\/comments?post=6115"}],"version-history":[{"count":1,"href":"https:\/\/www.fayence-steinzeug-vogt.de\/en\/wp-json\/wp\/v2\/posts\/6115\/revisions"}],"predecessor-version":[{"id":8483,"href":"https:\/\/www.fayence-steinzeug-vogt.de\/en\/wp-json\/wp\/v2\/posts\/6115\/revisions\/8483"}],"wp:featuredmedia":[{"embeddable":true,"href":"https:\/\/www.fayence-steinzeug-vogt.de\/en\/wp-json\/wp\/v2\/media\/6116"}],"wp:attachment":[{"href":"https:\/\/www.fayence-steinzeug-vogt.de\/en\/wp-json\/wp\/v2\/media?parent=6115"}],"wp:term":[{"taxonomy":"category","embeddable":true,"href":"https:\/\/www.fayence-steinzeug-vogt.de\/en\/wp-json\/wp\/v2\/categories?post=6115"},{"taxonomy":"post_tag","embeddable":true,"href":"https:\/\/www.fayence-steinzeug-vogt.de\/en\/wp-json\/wp\/v2\/tags?post=6115"}],"curies":[{"name":"wp","href":"https:\/\/api.w.org\/{rel}","templated":true}]}}