{"id":6525,"date":"2021-01-20T21:12:40","date_gmt":"2021-01-20T20:12:40","guid":{"rendered":"https:\/\/www.fayence-steinzeug-vogt.de\/?p=6525"},"modified":"2023-08-21T09:55:33","modified_gmt":"2023-08-21T07:55:33","slug":"gmundner-zunftkrug-1842-datiert","status":"publish","type":"post","link":"https:\/\/www.fayence-steinzeug-vogt.de\/en\/gmundner-zunftkrug-1842-datiert\/","title":{"rendered":"Gmundner Zunftkrug 1842 datiert"},"content":{"rendered":"\n<h2 class=\"wp-block-heading\">mit der Darstellung der Hafner Werkstatt von Franz F\u00f6ttinger<\/h2>\n\n\n\n<p>Weiss glasierte Fayence mit bunten Scharffeuerfarben bemalt. Die Schauseite zeigt den an der T\u00f6pferscheibe sitzenden Hafner Franz F\u00f6ttinger bei der Produktion &nbsp;in seiner Werkstatt.<\/p>\n\n\n\n<p><strong>SPRUCHBAND: &#8220;<em>Dein Geschirr aus Erde gemacht wen viell zerbricht der Hafner lacht<\/em>&#8220;<\/strong><br>&#8220;Your crockery made of clay delights the potter if you brake a lot&#8221;<\/p>\n\n\n\n<p>Unter dem Spruchband Initialen F.F. umrahmt von der Datierung 1842. Henkel mit typischer eingerollter Schnecke und Malermonogramm K.P.<\/p>\n\n\n\n<h4 class=\"wp-block-heading\">English synopsis:<\/h4>\n\n\n\n<p>The jug is a quite rare and an interesting testimony of the potter Franz F\u00f6tinger and shows the view into his workshop. He is sitting at his potter&#8217;s wheel, that is state of the art and was very modern at the time. (Modeled after the italien pottery wheels).<\/p>\n\n\n\n<p>Outstanding and very rare to find is the clear depiction of the working method of a potter of the era. There is another known jug with a similar depiction dated 1788, Schlossmuseum Linz (Illustration in Hermann Langer \u00d6sterreichische Fayencen Wien 1988 p. 178 Fig 129 Description. Illustration color plate p. 120 cat. No. 129). More detailed information and further illustration in: Heinzl, Brigitte: The pottery of Gmund in the art historical department of the Upper Austrian Museum. Yearbook of the Upper Austrian Museum Association vol. 135, 1 (1990) pp. 109-133.<\/p>\n\n\n\n<figure class=\"wp-block-image size-large is-resized\"><a href=\"https:\/\/stage.fayence-steinzeug-vogt.de\/wp-content\/uploads\/2021\/01\/Gmundner-Zunftkrug-1842-datiert-Werkstatt-Franz-Foettinger.jpg\"><img loading=\"lazy\" decoding=\"async\" src=\"https:\/\/stage.fayence-steinzeug-vogt.de\/wp-content\/uploads\/2021\/01\/Gmundner-Zunftkrug-1842-datiert-Werkstatt-Franz-Foettinger-683x1024.jpg\" alt=\"\" class=\"wp-image-6527\" width=\"459\" height=\"689\" srcset=\"https:\/\/www.fayence-steinzeug-vogt.de\/wp-content\/uploads\/2021\/01\/Gmundner-Zunftkrug-1842-datiert-Werkstatt-Franz-Foettinger-683x1024.jpg 683w, https:\/\/www.fayence-steinzeug-vogt.de\/wp-content\/uploads\/2021\/01\/Gmundner-Zunftkrug-1842-datiert-Werkstatt-Franz-Foettinger-200x300.jpg 200w, https:\/\/www.fayence-steinzeug-vogt.de\/wp-content\/uploads\/2021\/01\/Gmundner-Zunftkrug-1842-datiert-Werkstatt-Franz-Foettinger-768x1152.jpg 768w, https:\/\/www.fayence-steinzeug-vogt.de\/wp-content\/uploads\/2021\/01\/Gmundner-Zunftkrug-1842-datiert-Werkstatt-Franz-Foettinger.jpg 800w\" sizes=\"(max-width: 459px) 100vw, 459px\" \/><\/a><figcaption class=\"wp-element-caption\">Gmundner Zunftkrug 1842 datiert, Schauseite Werkstatt von Franz F\u00f6ttinger H. 28 cm<\/figcaption><\/figure>\n\n\n\n<p>Die Darstellung ist ein interessantes Zeitzeugnis und zeigt den Blick in die der Hafnerwerkstatt von Franz F\u00f6ttinger. Eine durch zwei Fenster gut beleuchtete Arbeitsst\u00e4tte. Der T\u00f6pfer sitzt an der f\u00fcr die damalige Zeit modernen fussbetriebenen <strong><a href=\"https:\/\/www.ooegeschichte.at\/themen\/wirtschaft-und-industrie\/tonspuren\/ausstellung-wels-vom-ton-zum-topf\/die-hafnerwerkzeuge\/\" target=\"_blank\" rel=\"noreferrer noopener\">Spindelscheibe <\/a><\/strong> (<a href=\"https:\/\/www.ooegeschichte.at\/themen\/wirtschaft-und-industrie\/tonspuren\/ausstellung-wels-vom-ton-zum-topf\/die-hafnerwerkzeuge\/\" target=\"_blank\" rel=\"noreferrer noopener\">Erl\u00e4uterungen hierzu von Alice Kaltenberger<\/a> im <a href=\"https:\/\/www.ooegeschichte.at\/\" target=\"_blank\" rel=\"noreferrer noopener\">Forum der Ober\u00f6sterreichischen Geschichte<\/a>) an welcher der T\u00f6pfer in deutscher Manier sitzt. (Rittlinks mit den Beinen beidseitig der Achsenhalterung). Er ist dabei eine Sch\u00fcssel zu drehen, vermutlich einen Weitling als Gebrauchskeramik.&nbsp;<br>Links unter der Bank auf dem Bretterboden befindet sich das Tonlager. Dar\u00fcber eine bereits fertig gestellte Vase. In Griffweite der Schlickkasten mit dar\u00fcber gelegtem Abschneidedraht mit Holzknebeln zum Abl\u00f6sen des fertig gestellen Objekts von der Drehscheibe.<br>Rechts sind bereits fertige gedrehte Gef\u00e4\u00dfe zu sehen, die durch das Fenster zum Trocknen heraus gereicht werden k\u00f6nnen. Davor weitere drei fertig gedrehte Sch\u00fcsseln. Dahinter liegen bereits fertig vorbereitete Tonportionen f\u00fcr weitere Gef\u00e4\u00dfe. Nat\u00fcrlich darf auch die Pfeife und der eigene Deckelkrug nicht fehlen. Diese beiden wichtigen Utensilien f\u00fcr den Genu\u00df des T\u00f6pfers h\u00e4ngen griffbereit an der Wand.<\/p>\n\n\n\n<p><strong>Herausragend und sehr selten zu finden ist die klare Darstellung der Arbeitsweise eines Hafners der Epoche. Es ist noch ein Walzenkrug mit \u00e4hnlicher Darstellung bekannt, allerdings fr\u00fcher 1788 datiert und es ist die zu der damaligen Zeit gebr\u00e4uchliche Sprossenscheibe abgebildet. <\/strong><a href=\"https:\/\/www.ooemuseen.at\/museum\/20-schlossmuseum-linz\" target=\"_blank\" rel=\"noreferrer noopener\">Schlossmuseum Linz <\/a> (Abbildung in Hermann Langer \u00d6sterreichische Fayencen Wien 1988 S. 178 Abb 129 Beschreibung. Abbildung Farbtafel S. 120 Kat. Nr. 129). Vertiefende Informationen und weitere Abbildung in: <a href=\"https:\/\/www.zobodat.at\/pdf\/JOM_135a_0109-0133.pdf\" target=\"_blank\" rel=\"noreferrer noopener\">Heinzl, Brigitte: Die Keramik Gmundens in der kunsthistorischen Abteilung des Ober\u00f6sterreichischen Landesmuseums<\/a>. Jahrbuch des Ober\u00f6sterreichischen Musealvereines Bd. 135, 1 (1990) S. 109-133<\/p>\n\n\n\n<figure class=\"wp-block-image size-large is-resized\"><a href=\"https:\/\/stage.fayence-steinzeug-vogt.de\/wp-content\/uploads\/2021\/01\/Gmundner-Zunftkrug-1842-datiert-Werkstatt-Franz-Foettinger-Details.jpg\"><img loading=\"lazy\" decoding=\"async\" src=\"https:\/\/stage.fayence-steinzeug-vogt.de\/wp-content\/uploads\/2021\/01\/Gmundner-Zunftkrug-1842-datiert-Werkstatt-Franz-Foettinger-Details-683x1024.jpg\" alt=\"\" class=\"wp-image-6553\" width=\"515\" height=\"772\" srcset=\"https:\/\/www.fayence-steinzeug-vogt.de\/wp-content\/uploads\/2021\/01\/Gmundner-Zunftkrug-1842-datiert-Werkstatt-Franz-Foettinger-Details-683x1024.jpg 683w, https:\/\/www.fayence-steinzeug-vogt.de\/wp-content\/uploads\/2021\/01\/Gmundner-Zunftkrug-1842-datiert-Werkstatt-Franz-Foettinger-Details-200x300.jpg 200w, https:\/\/www.fayence-steinzeug-vogt.de\/wp-content\/uploads\/2021\/01\/Gmundner-Zunftkrug-1842-datiert-Werkstatt-Franz-Foettinger-Details-768x1152.jpg 768w, https:\/\/www.fayence-steinzeug-vogt.de\/wp-content\/uploads\/2021\/01\/Gmundner-Zunftkrug-1842-datiert-Werkstatt-Franz-Foettinger-Details.jpg 800w\" sizes=\"(max-width: 515px) 100vw, 515px\" \/><\/a><figcaption class=\"wp-element-caption\">Details der Ausstattung der Haufner Werkstatt von Franz F\u00f6ttinger mit moderner Spindelscheibe<\/figcaption><\/figure>\n\n\n\n<figure class=\"wp-block-gallery has-nested-images columns-3 is-cropped wp-block-gallery-1 is-layout-flex wp-block-gallery-is-layout-flex\">\n<figure class=\"wp-block-image size-large\"><a href=\"https:\/\/www.fayence-steinzeug-vogt.de\/wp-content\/uploads\/2021\/01\/Gmundner-Birnkrug-1842-datiert-Werkstatt-FF-l.jpg\"><img loading=\"lazy\" decoding=\"async\" width=\"683\" height=\"1024\" data-id=\"6533\" src=\"https:\/\/www.fayence-steinzeug-vogt.de\/wp-content\/uploads\/2021\/01\/Gmundner-Birnkrug-1842-datiert-Werkstatt-FF-l-683x1024.jpg\" alt=\"Gmundner Birnkrug 1842 datiert Werkstatt Franz F\u00f6ttinger Seite\" class=\"wp-image-6533\" srcset=\"https:\/\/www.fayence-steinzeug-vogt.de\/wp-content\/uploads\/2021\/01\/Gmundner-Birnkrug-1842-datiert-Werkstatt-FF-l-683x1024.jpg 683w, https:\/\/www.fayence-steinzeug-vogt.de\/wp-content\/uploads\/2021\/01\/Gmundner-Birnkrug-1842-datiert-Werkstatt-FF-l-200x300.jpg 200w, https:\/\/www.fayence-steinzeug-vogt.de\/wp-content\/uploads\/2021\/01\/Gmundner-Birnkrug-1842-datiert-Werkstatt-FF-l-768x1152.jpg 768w, https:\/\/www.fayence-steinzeug-vogt.de\/wp-content\/uploads\/2021\/01\/Gmundner-Birnkrug-1842-datiert-Werkstatt-FF-l.jpg 800w\" sizes=\"(max-width: 683px) 100vw, 683px\" \/><\/a><figcaption class=\"wp-element-caption\">&#8220;Das Geschirr aus Erde gemacht wenn viell zerbricht der T\u00f6pfer lacht&#8221;<\/figcaption><\/figure>\n\n\n\n<figure class=\"wp-block-image size-large\"><a href=\"https:\/\/www.fayence-steinzeug-vogt.de\/wp-content\/uploads\/2021\/01\/Gmundner-Birnkrug-1842-datiert-Werkstatt-FF-h.jpg\"><img loading=\"lazy\" decoding=\"async\" width=\"683\" height=\"1024\" data-id=\"6531\" src=\"https:\/\/www.fayence-steinzeug-vogt.de\/wp-content\/uploads\/2021\/01\/Gmundner-Birnkrug-1842-datiert-Werkstatt-FF-h-683x1024.jpg\" alt=\"Gmundner Birnkrug 1842 datiert Werkstatt Franz F\u00f6tinger Initialen K.P.\" class=\"wp-image-6531\" srcset=\"https:\/\/www.fayence-steinzeug-vogt.de\/wp-content\/uploads\/2021\/01\/Gmundner-Birnkrug-1842-datiert-Werkstatt-FF-h-683x1024.jpg 683w, https:\/\/www.fayence-steinzeug-vogt.de\/wp-content\/uploads\/2021\/01\/Gmundner-Birnkrug-1842-datiert-Werkstatt-FF-h-200x300.jpg 200w, https:\/\/www.fayence-steinzeug-vogt.de\/wp-content\/uploads\/2021\/01\/Gmundner-Birnkrug-1842-datiert-Werkstatt-FF-h-768x1152.jpg 768w, https:\/\/www.fayence-steinzeug-vogt.de\/wp-content\/uploads\/2021\/01\/Gmundner-Birnkrug-1842-datiert-Werkstatt-FF-h.jpg 800w\" sizes=\"(max-width: 683px) 100vw, 683px\" \/><\/a><figcaption class=\"wp-element-caption\">Initialen K.P.<\/figcaption><\/figure>\n\n\n\n<figure class=\"wp-block-image size-large\"><a href=\"https:\/\/www.fayence-steinzeug-vogt.de\/wp-content\/uploads\/2021\/01\/Gmundner-Birnkrug-1842-datiert-Werkstatt-FF-r.jpg\"><img loading=\"lazy\" decoding=\"async\" width=\"683\" height=\"1024\" data-id=\"6534\" src=\"https:\/\/www.fayence-steinzeug-vogt.de\/wp-content\/uploads\/2021\/01\/Gmundner-Birnkrug-1842-datiert-Werkstatt-FF-r-683x1024.jpg\" alt=\"Gmundner Birnkrug 1842 datiert Werkstatt Franz F\u00f6ttinger Henkel\" class=\"wp-image-6534\" srcset=\"https:\/\/www.fayence-steinzeug-vogt.de\/wp-content\/uploads\/2021\/01\/Gmundner-Birnkrug-1842-datiert-Werkstatt-FF-r-683x1024.jpg 683w, https:\/\/www.fayence-steinzeug-vogt.de\/wp-content\/uploads\/2021\/01\/Gmundner-Birnkrug-1842-datiert-Werkstatt-FF-r-200x300.jpg 200w, https:\/\/www.fayence-steinzeug-vogt.de\/wp-content\/uploads\/2021\/01\/Gmundner-Birnkrug-1842-datiert-Werkstatt-FF-r-768x1152.jpg 768w, https:\/\/www.fayence-steinzeug-vogt.de\/wp-content\/uploads\/2021\/01\/Gmundner-Birnkrug-1842-datiert-Werkstatt-FF-r.jpg 800w\" sizes=\"(max-width: 683px) 100vw, 683px\" \/><\/a><figcaption class=\"wp-element-caption\">Typische Gmundner Henkelschnecke<\/figcaption><\/figure>\n<\/figure>\n\n\n\n<figure class=\"wp-block-image size-large is-resized\"><a href=\"https:\/\/stage.fayence-steinzeug-vogt.de\/wp-content\/uploads\/2021\/01\/Gmundner-Birnkrug-1842-datiert-Werkstatt-FF-Deckel.jpg\"><img loading=\"lazy\" decoding=\"async\" src=\"https:\/\/stage.fayence-steinzeug-vogt.de\/wp-content\/uploads\/2021\/01\/Gmundner-Birnkrug-1842-datiert-Werkstatt-FF-Deckel.jpg\" alt=\"Gmundner Birnkrug 1842 datiert Werkstatt Franz F\u00f6ttinger Zinndeckel Gravur FF\" class=\"wp-image-6529\" width=\"407\" height=\"271\" srcset=\"https:\/\/www.fayence-steinzeug-vogt.de\/wp-content\/uploads\/2021\/01\/Gmundner-Birnkrug-1842-datiert-Werkstatt-FF-Deckel.jpg 800w, https:\/\/www.fayence-steinzeug-vogt.de\/wp-content\/uploads\/2021\/01\/Gmundner-Birnkrug-1842-datiert-Werkstatt-FF-Deckel-300x200.jpg 300w, https:\/\/www.fayence-steinzeug-vogt.de\/wp-content\/uploads\/2021\/01\/Gmundner-Birnkrug-1842-datiert-Werkstatt-FF-Deckel-768x512.jpg 768w\" sizes=\"(max-width: 407px) 100vw, 407px\" \/><\/a><figcaption class=\"wp-element-caption\">Zinndeckel mit Gravur &#8220;FF&#8221;<\/figcaption><\/figure>\n\n\n\n<h3 class=\"wp-block-heading\">Weitere Vergleichsst\u00fccke in der Literatur:<\/h3>\n\n\n\n<p>Futher objects depicting workshops of potters are part of the K\u00f6nig Collection of Gmunden Ceramics. As you can see here they are working at a potter&#8217;s wheel with the technique of earlier times.<\/p>\n\n\n\n<figure class=\"wp-block-gallery has-nested-images columns-default is-cropped wp-block-gallery-2 is-layout-flex wp-block-gallery-is-layout-flex\">\n<figure class=\"wp-block-image size-large\"><a href=\"https:\/\/www.fayence-steinzeug-vogt.de\/wp-content\/uploads\/2021\/01\/Koenig-F.H.-Alt-Gmundner-Fayencen.-Eine-Handwerkskunst-aus-dem-Salzkammergut-17.-19.-Jhd.-Linz-1964-S.-103.jpg\"><img loading=\"lazy\" decoding=\"async\" width=\"640\" height=\"549\" data-id=\"6543\" src=\"https:\/\/www.fayence-steinzeug-vogt.de\/wp-content\/uploads\/2021\/01\/Koenig-F.H.-Alt-Gmundner-Fayencen.-Eine-Handwerkskunst-aus-dem-Salzkammergut-17.-19.-Jhd.-Linz-1964-S.-103.jpg\" alt=\"\" class=\"wp-image-6543\" srcset=\"https:\/\/www.fayence-steinzeug-vogt.de\/wp-content\/uploads\/2021\/01\/Koenig-F.H.-Alt-Gmundner-Fayencen.-Eine-Handwerkskunst-aus-dem-Salzkammergut-17.-19.-Jhd.-Linz-1964-S.-103.jpg 640w, https:\/\/www.fayence-steinzeug-vogt.de\/wp-content\/uploads\/2021\/01\/Koenig-F.H.-Alt-Gmundner-Fayencen.-Eine-Handwerkskunst-aus-dem-Salzkammergut-17.-19.-Jhd.-Linz-1964-S.-103-300x257.jpg 300w\" sizes=\"(max-width: 640px) 100vw, 640px\" \/><\/a><figcaption class=\"wp-element-caption\">Godenschale datiert 1784 mit Blockscheibe<\/figcaption><\/figure>\n\n\n\n<figure class=\"wp-block-image size-full\"><a href=\"https:\/\/www.fayence-steinzeug-vogt.de\/wp-content\/uploads\/2021\/01\/Koenig-F.H.-Alt-Gmundner-Fayencen.-Eine-Handwerkskunst-aus-dem-Salzkammergut-17.-19.-Jhd.-Linz-1964-S.-75.jpg\"><img loading=\"lazy\" decoding=\"async\" width=\"640\" height=\"772\" data-id=\"6544\" src=\"https:\/\/www.fayence-steinzeug-vogt.de\/wp-content\/uploads\/2021\/01\/Koenig-F.H.-Alt-Gmundner-Fayencen.-Eine-Handwerkskunst-aus-dem-Salzkammergut-17.-19.-Jhd.-Linz-1964-S.-75.jpg\" alt=\"\" class=\"wp-image-6544\" srcset=\"https:\/\/www.fayence-steinzeug-vogt.de\/wp-content\/uploads\/2021\/01\/Koenig-F.H.-Alt-Gmundner-Fayencen.-Eine-Handwerkskunst-aus-dem-Salzkammergut-17.-19.-Jhd.-Linz-1964-S.-75.jpg 640w, https:\/\/www.fayence-steinzeug-vogt.de\/wp-content\/uploads\/2021\/01\/Koenig-F.H.-Alt-Gmundner-Fayencen.-Eine-Handwerkskunst-aus-dem-Salzkammergut-17.-19.-Jhd.-Linz-1964-S.-75-249x300.jpg 249w\" sizes=\"(max-width: 640px) 100vw, 640px\" \/><\/a><figcaption class=\"wp-element-caption\">Barbiersch\u00fcssel datiert 1735 mit Sprossenscheibe<\/figcaption><\/figure>\n<\/figure>\n\n\n\n<p><strong>In der Sammlung K\u00f6nig befinden sich eine Godenschale aus dem sp\u00e4ten 18. Jh. mit der zu der Zeit gebr\u00e4uchlichen hochgelagerten Blockscheibe und eine Barbiersch\u00fcssel aus dem fr\u00fchen 18. Jh. mit der damals gebr\u00e4uchlichen Sprossenscheibe.<\/strong><\/p>\n\n\n<div class=\"wp-block-image\">\n<figure class=\"alignleft size-full is-resized\"><a href=\"https:\/\/stage.fayence-steinzeug-vogt.de\/wp-content\/uploads\/2021\/01\/F-H-Koenig-Alt-Gmundner-Fayencen-eine-Handwerkskunst-aus-dem-Salzkammergut-17-19-Jahrhundert.jpg\"><img loading=\"lazy\" decoding=\"async\" src=\"https:\/\/stage.fayence-steinzeug-vogt.de\/wp-content\/uploads\/2021\/01\/F-H-Koenig-Alt-Gmundner-Fayencen-eine-Handwerkskunst-aus-dem-Salzkammergut-17-19-Jahrhundert.jpg\" alt=\"\" class=\"wp-image-6539\" width=\"278\" height=\"322\" srcset=\"https:\/\/www.fayence-steinzeug-vogt.de\/wp-content\/uploads\/2021\/01\/F-H-Koenig-Alt-Gmundner-Fayencen-eine-Handwerkskunst-aus-dem-Salzkammergut-17-19-Jahrhundert.jpg 643w, https:\/\/www.fayence-steinzeug-vogt.de\/wp-content\/uploads\/2021\/01\/F-H-Koenig-Alt-Gmundner-Fayencen-eine-Handwerkskunst-aus-dem-Salzkammergut-17-19-Jahrhundert-259x300.jpg 259w\" sizes=\"(max-width: 278px) 100vw, 278px\" \/><\/a><\/figure>\n<\/div>\n\n\n<p>K\u00f6nig, F.H. Alt-Gmundner Fayencen. Eine Handwerkskunst aus dem Salzkammergut (17.-19. Jhd.) Linz 1964<\/p>\n\n\n\n<p>S. 74 Abb 13 Barbiersch\u00fcssel datiert 1735<\/p>\n\n\n\n<p>S. 103 Abb. 27 Godenschale 1784 datiert<\/p>\n\n\n\n<div style=\"height:18px\" aria-hidden=\"true\" class=\"wp-block-spacer\"><\/div>\n\n\n\n<p>Another example of the depiction of the workshop of a renown potter can be found in the Museum Carolo Augustinum in Salzburg and it shows the workshop of Obermillner.<\/p>\n\n\n\n<div class=\"wp-block-media-text alignwide is-stacked-on-mobile\" style=\"grid-template-columns:52% auto\"><figure class=\"wp-block-media-text__media\"><a href=\"https:\/\/stage.fayence-steinzeug-vogt.de\/wp-content\/uploads\/2020\/02\/Fayence-Werkstatt-Obermillner-Salzburg-17.-Jh-e1580911026529.jpg\"><img loading=\"lazy\" decoding=\"async\" width=\"850\" height=\"531\" src=\"https:\/\/stage.fayence-steinzeug-vogt.de\/wp-content\/uploads\/2020\/02\/Fayence-Werkstatt-Obermillner-Salzburg-17.-Jh-e1580911026529.jpg\" alt=\"Carolo Augustinum Sammlung Salzburg Fayence Werkstatt Obermillner\" class=\"wp-image-5941 size-full\" srcset=\"https:\/\/www.fayence-steinzeug-vogt.de\/wp-content\/uploads\/2020\/02\/Fayence-Werkstatt-Obermillner-Salzburg-17.-Jh-e1580911026529.jpg 850w, https:\/\/www.fayence-steinzeug-vogt.de\/wp-content\/uploads\/2020\/02\/Fayence-Werkstatt-Obermillner-Salzburg-17.-Jh-e1580911026529-300x187.jpg 300w, https:\/\/www.fayence-steinzeug-vogt.de\/wp-content\/uploads\/2020\/02\/Fayence-Werkstatt-Obermillner-Salzburg-17.-Jh-e1580911026529-768x480.jpg 768w\" sizes=\"(max-width: 850px) 100vw, 850px\" \/><\/a><\/figure><div class=\"wp-block-media-text__content\">\n<p class=\"has-small-font-size\"><br><a href=\"https:\/\/stage.fayence-steinzeug-vogt.de\/fayence-aus-der-werkstatt-thomas-obermillner-salzburg\/\" target=\"_blank\" rel=\"noreferrer noopener\">Gro\u00dfer Birnkrug &#8220;Hafnerwerkstatt&#8221;<br>Salzburg, Werkstatt Obermillner 1680<\/a><br>Abgebildet in: Morath, W. (Ed.). (1999). Blaue Welle, gr\u00fcne Flamme: Salzburger und Gmunder Fayencen, 17.-19. Jahrhundert, aus der Sammlung des Carolino Augusteum; Katalog zur Sonderausstellung im Carolino Augusteum.<br>Kat.Nr. 3 S. 23<\/p>\n<\/div><\/div>\n\n\n\n<h4 class=\"wp-block-heading\">Weitere Informationen zu den Gmundner Fayencen in der lesenswerten <a href=\"http:\/\/othes.univie.ac.at\/1098\/1\/2008-09-15_0002754.pdf\" target=\"_blank\" rel=\"noreferrer noopener\">Diplomarbeit <\/a>von Katharina Marchgraber mit dem Titel<br>\u201eFr\u00fche Gmundner Fayence bis zur Mitte des 19. Jahrhunderts\u201c<\/h4>\n\n\n\n<p>Abstract: Etwa ab 1700 beginnt in Gmunden die Herstellung k\u00fcnstlerisch verarbeiteter und bemalter Fayence, deren einheitliches Bild sich nach und nach einen klaren Wiedererkennungswert schafft. Dieses Erscheinungsbild bleibt seinen Prinzipien bis zur Mitte des 19. Jahrhunderts treu, \u00e4ndert sich aber schlagartig aufgrund der wirtschaftlichen und geschmacklichen Ver\u00e4nderungen des Historismus. Neben einer \u00fcbersichtlichen Zusammenfassung aller bisher ver\u00f6ffentlichten Unterlagen zum Thema, behandelt diese Arbeit die Prinzipien der Gmundner Hafnertradition. Au\u00dferdem wird durch einen fotografischen Querschnitt die Einteilung in Farbperioden erkl\u00e4rt und die Entwicklung der Gef\u00e4\u00df- und Dekorformen beschrieben. Weiters wird die Vorbildfunktion diverser europ\u00e4ischer Werkst\u00e4tten gekl\u00e4rt, um infolge die Gmundner Fayence in die internationale Keramikgeschichte einbetten zu k\u00f6nnen.<\/p>\n\n\n\n<p>Download: <a href=\"http:\/\/othes.univie.ac.at\/1098\/1\/2008-09-15_0002754.pdf\">http:\/\/othes.univie.ac.at\/1098\/1\/2008-09-15_0002754.pdf<\/a><\/p>\n","protected":false},"excerpt":{"rendered":"<p>mit der Darstellung der Hafner Werkstatt von Franz F\u00f6ttinger Weiss glasierte Fayence mit bunten Scharffeuerfarben bemalt. Die Schauseite zeigt den an der T\u00f6pferscheibe sitzenden Hafner Franz F\u00f6ttinger bei der Produktion &nbsp;in seiner Werkstatt. SPRUCHBAND: &#8220;Dein Geschirr aus Erde gemacht wen viell zerbricht der Hafner lacht&#8220;&#8220;Your crockery made of clay delights the potter if you brake [&hellip;]<\/p>\n","protected":false},"author":2,"featured_media":6480,"comment_status":"closed","ping_status":"closed","sticky":false,"template":"","format":"standard","meta":{"footnotes":""},"categories":[28,31,30],"tags":[222,244,638,639],"class_list":["post-6525","post","type-post","status-publish","format-standard","has-post-thumbnail","hentry","category-european-ceramics","category-faience","category-expert-knowledge","tag-franz-foettinger","tag-gmunden","tag-zunft","tag-zunftkrug"],"_links":{"self":[{"href":"https:\/\/www.fayence-steinzeug-vogt.de\/en\/wp-json\/wp\/v2\/posts\/6525","targetHints":{"allow":["GET"]}}],"collection":[{"href":"https:\/\/www.fayence-steinzeug-vogt.de\/en\/wp-json\/wp\/v2\/posts"}],"about":[{"href":"https:\/\/www.fayence-steinzeug-vogt.de\/en\/wp-json\/wp\/v2\/types\/post"}],"author":[{"embeddable":true,"href":"https:\/\/www.fayence-steinzeug-vogt.de\/en\/wp-json\/wp\/v2\/users\/2"}],"replies":[{"embeddable":true,"href":"https:\/\/www.fayence-steinzeug-vogt.de\/en\/wp-json\/wp\/v2\/comments?post=6525"}],"version-history":[{"count":2,"href":"https:\/\/www.fayence-steinzeug-vogt.de\/en\/wp-json\/wp\/v2\/posts\/6525\/revisions"}],"predecessor-version":[{"id":11094,"href":"https:\/\/www.fayence-steinzeug-vogt.de\/en\/wp-json\/wp\/v2\/posts\/6525\/revisions\/11094"}],"wp:featuredmedia":[{"embeddable":true,"href":"https:\/\/www.fayence-steinzeug-vogt.de\/en\/wp-json\/wp\/v2\/media\/6480"}],"wp:attachment":[{"href":"https:\/\/www.fayence-steinzeug-vogt.de\/en\/wp-json\/wp\/v2\/media?parent=6525"}],"wp:term":[{"taxonomy":"category","embeddable":true,"href":"https:\/\/www.fayence-steinzeug-vogt.de\/en\/wp-json\/wp\/v2\/categories?post=6525"},{"taxonomy":"post_tag","embeddable":true,"href":"https:\/\/www.fayence-steinzeug-vogt.de\/en\/wp-json\/wp\/v2\/tags?post=6525"}],"curies":[{"name":"wp","href":"https:\/\/api.w.org\/{rel}","templated":true}]}}