{"id":961,"date":"2015-07-03T10:29:54","date_gmt":"2015-07-03T08:29:54","guid":{"rendered":"http:\/\/www.fayence-steinzeug-vogt.de\/?p=961"},"modified":"2022-07-27T20:53:00","modified_gmt":"2022-07-27T18:53:00","slug":"hausmalerkrug-abraham-helmhack","status":"publish","type":"post","link":"https:\/\/www.fayence-steinzeug-vogt.de\/en\/hausmalerkrug-abraham-helmhack\/","title":{"rendered":"Hausmalerkrug | Abraham Helmhack"},"content":{"rendered":"\n<h2 class=\"wp-block-heading\">N\u00fcrnberger Fayence Hausmalerkrug von Abraham Helmhack <br>um 1690<\/h2>\n\n\n\n<figure class=\"wp-block-image alignnone size-large is-resized\"><img loading=\"lazy\" decoding=\"async\" src=\"https:\/\/stage.fayence-steinzeug-vogt.de\/wp-content\/uploads\/2022\/07\/Nurnberger-Hausmalerkrug-von-Abraham-Helmhack-um-1690-637x1024.jpg\" alt=\"\" class=\"wp-image-8606\" width=\"626\" height=\"1006\" srcset=\"https:\/\/www.fayence-steinzeug-vogt.de\/wp-content\/uploads\/2022\/07\/Nurnberger-Hausmalerkrug-von-Abraham-Helmhack-um-1690-637x1024.jpg 637w, https:\/\/www.fayence-steinzeug-vogt.de\/wp-content\/uploads\/2022\/07\/Nurnberger-Hausmalerkrug-von-Abraham-Helmhack-um-1690-187x300.jpg 187w, https:\/\/www.fayence-steinzeug-vogt.de\/wp-content\/uploads\/2022\/07\/Nurnberger-Hausmalerkrug-von-Abraham-Helmhack-um-1690-768x1234.jpg 768w, https:\/\/www.fayence-steinzeug-vogt.de\/wp-content\/uploads\/2022\/07\/Nurnberger-Hausmalerkrug-von-Abraham-Helmhack-um-1690.jpg 896w\" sizes=\"(max-width: 626px) 100vw, 626px\" \/><figcaption>N\u00fcrnberger Hausmalerkrug von Abraham Helmhack um 1690 &#8211; H. 24 cm<\/figcaption><\/figure>\n\n\n\n<p>Wei\u00df glasierter <strong>Birnkrug<\/strong> aus der <strong>Frankfurter<\/strong> oder <strong>Hanauer Manufaktur,<\/strong> mit leuchtend<strong> bunten Muffelfarben <\/strong>bemalt.<br>Auf der <strong>Schauseite<\/strong> <strong>rundes Medaillon<\/strong>, gerahmt von Rosenzweigen mit drei gro\u00dfen roten Bl\u00fcten.<br>Im <strong>Bildfeld<\/strong> die stimmungsvolle Darstellung eines wandernden Bauern mit seiner Frau und vorausspringendem Hund in einer weiten h\u00fcgeligen Landschaft an einem Flu\u00dflauf gerahmt von gro\u00dfen B\u00e4umen und Felsen im Hintergrund. Die <strong>Silbermonierung<\/strong> ist <strong>feuervergoldet<\/strong>.<\/p>\n\n\n\n<p>Unter dem Stock des Wanderers in feuchte Farbe gekratztes ligiertes <strong>Monogramm &#8220;AH&#8221;<br>f\u00fcr den N\u00fcrnberger Hausmaler Abraham Helmhack.<\/strong><\/p>\n\n\n\n<p><em>Reference object in the<strong> <a href=\"https:\/\/www.metmuseum.org\/art\/collection\/search\/200885\" target=\"_blank\" rel=\"noopener noreferrer\">Metropolitan Museum<\/a><\/strong> New York<\/em><\/p>\n\n\n\n<div class=\"wp-block-image\"><figure class=\"alignright is-resized\"><a href=\"https:\/\/stage.fayence-steinzeug-vogt.de\/wp-content\/uploads\/2019\/04\/Metropolitan-Museum-Abraham-Helmhack-object-50.211.195.jpg\" target=\"_blank\" rel=\"noreferrer noopener\"><img loading=\"lazy\" decoding=\"async\" src=\"https:\/\/stage.fayence-steinzeug-vogt.de\/wp-content\/uploads\/2019\/04\/Metropolitan-Museum-Abraham-Helmhack-object-50.211.195.jpg\" alt=\"Metropolitan Museum Abraham Helmhack object 50.211.195\" class=\"wp-image-5365\" width=\"165\" height=\"268\" srcset=\"https:\/\/www.fayence-steinzeug-vogt.de\/wp-content\/uploads\/2019\/04\/Metropolitan-Museum-Abraham-Helmhack-object-50.211.195.jpg 431w, https:\/\/www.fayence-steinzeug-vogt.de\/wp-content\/uploads\/2019\/04\/Metropolitan-Museum-Abraham-Helmhack-object-50.211.195-185x300.jpg 185w\" sizes=\"(max-width: 165px) 100vw, 165px\" \/><\/a><figcaption>\nMetropolitan Museum Abraham Helmhack late 17th century\nGerman, Hanau with Nuremberg Faience (tin-glazed earthenware);\nAccession Number: 50.211.195 <\/figcaption><\/figure><\/div>\n\n\n\n<p><em>English synopsis: Rare 17th century Nurnberg &#8220;Hausmaler&#8221; pear shaped jug Faience (tin-glazed earthenware) lid silver fire-gilded <\/em><em>painted by <span class=\"artwork__tombstone--value\">Abraham Helmhack (1654\u20131724) with bright colours <\/span>ca. 1690.<br><\/em><\/p>\n\n\n\n<p><strong>Die vielseitig begabten Hausmaler waren K\u00fcnstler in mehreren Handwerkszweigen:<\/strong><br><strong> So waren beispielsweise <a title=\"Johann Schaper\" href=\"https:\/\/de.wikipedia.org\/wiki\/Johann_Schaper\">Johann Schaper<\/a> und <a class=\"new\" title=\"Abraham Helmhack (Seite nicht vorhanden)\" href=\"https:\/\/de.wikipedia.org\/w\/index.php?title=Abraham_Helmhack&amp;action=edit&amp;redlink=1\">Abraham Helmhack<\/a> aus N\u00fcrnberg sowie <a title=\"Ignaz Preissler\" href=\"https:\/\/de.wikipedia.org\/wiki\/Ignaz_Preissler\">Ignaz Preissler<\/a> aus Breslau gleichzeitig Glasmaler und f\u00fcr die Technik der <a title=\"Schwarzlotmalerei\" href=\"https:\/\/de.wikipedia.org\/wiki\/Schwarzlotmalerei\">Schwarzlotmalerei<\/a> bekannt. <a title=\"Bartholom\u00e4us Seuter\" href=\"https:\/\/de.wikipedia.org\/wiki\/Bartholom%C3%A4us_Seuter\">Bartholom\u00e4us Seuter<\/a> (1678\u20131754) aus Augsburg war gleichzeitig Kupferstecher und Modellschneider, Goldschmied und Seidenf\u00e4rber.<\/strong><br><strong> Diese Vielseitigkeit erm\u00f6glichte es Ihnen sich nicht durch einen festen Vertrag an eine Manufaktur zu binden. Vielmehr f\u00fchrten sie selbst\u00e4ndig in eigener Werkstatt Auftragsarbeiten durch.<\/strong><br><strong> Quelle <a href=\"https:\/\/de.wikipedia.org\/wiki\/Hausmaler\" target=\"_blank\" rel=\"noopener noreferrer\">Wikipedia<\/a><\/strong><\/p>\n\n\n\n<p>Der <a href=\"https:\/\/de.wikipedia.org\/wiki\/Hausmaler\" target=\"_blank\" rel=\"noopener noreferrer\">Hausmaler <\/a><strong>Abraham Helmhack<\/strong> wurde am 29. M\u00e4rz 1654 in Regensburg geboren. als 14-j\u00e4hriger kam er zu <strong>Johann Jacob Behem<\/strong> in die Lehre um das Glasaerhandwerk zu erlernen und sich im Zeichnen zu \u00fcben. 1673 zog er nach N\u00fcrnberg und arbeitete dort bei F<strong>erdinand Wald<\/strong>. Anschlie\u00dfend wandte sich Helmhack der Bemalung von <strong>Gl\u00e4sern<\/strong> und <strong>Fayencekr\u00fcgen<\/strong> zu.<br>Im Gegensatz zu seinen Vorl\u00e4ufern <strong>Johann Schaper<\/strong> und <strong>Hermann Benckert<\/strong>, die f\u00fcr Ihre <strong>Schwarzlotmalerei<\/strong> bekannt waren, bevorzugte Helmhack &#8211; wie schon Johann Heel den <strong>plychromen Muffeldekor<\/strong>. Im Mai 1724 starb er kruz nach Vollendung seines siebzigsten Lebensjahres in N\u00fcrnberg.<\/p>\n\n\n\n<p><strong><a href=\"http:\/\/www.schloss-hoechstaedt.de\/deutsch\/fayence\/index.htm\" target=\"_blank\" rel=\"noopener noreferrer\">Vergleichsst\u00fccke im Museum Schloss H\u00f6chst\u00e4dt:<\/a><\/strong><\/p>\n\n\n\n<figure class=\"wp-block-image alignnone\"><a href=\"https:\/\/stage.fayence-steinzeug-vogt.de\/wp-content\/uploads\/2015\/06\/Helmhack_Hochsstadt.jpg\"><img loading=\"lazy\" decoding=\"async\" width=\"1024\" height=\"559\" src=\"https:\/\/stage.fayence-steinzeug-vogt.de\/wp-content\/uploads\/2015\/06\/Helmhack_Hochsstadt-1024x559.jpg\" alt=\"N\u00fcrnberger Hausmalerkrug von Abraham Helmhack um 1690 - Museum Schloss H\u00f6chstst\u00e4dt\" class=\"wp-image-987\" srcset=\"https:\/\/www.fayence-steinzeug-vogt.de\/wp-content\/uploads\/2015\/06\/Helmhack_Hochsstadt-1024x559.jpg 1024w, https:\/\/www.fayence-steinzeug-vogt.de\/wp-content\/uploads\/2015\/06\/Helmhack_Hochsstadt-300x164.jpg 300w, https:\/\/www.fayence-steinzeug-vogt.de\/wp-content\/uploads\/2015\/06\/Helmhack_Hochsstadt-768x419.jpg 768w, https:\/\/www.fayence-steinzeug-vogt.de\/wp-content\/uploads\/2015\/06\/Helmhack_Hochsstadt.jpg 1280w\" sizes=\"(max-width: 1024px) 100vw, 1024px\" \/><\/a><figcaption>N\u00fcrnberger Hausmalerkrug von Abraham Helmhack um 1690 &#8211; Museum Schloss H\u00f6chstst\u00e4dt<\/figcaption><\/figure>\n\n\n\n<h4 class=\"wp-block-heading\">Literaturquelle:<\/h4>\n\n\n\n<p>Abgebildet auf S. 233 Abb. 156<\/p>\n\n\n\n<figure class=\"wp-block-image\"><a href=\"https:\/\/stage.fayence-steinzeug-vogt.de\/wp-content\/uploads\/2015\/06\/Nurnberger-Hausmaler-Bosch.jpeg\"><img loading=\"lazy\" decoding=\"async\" width=\"197\" height=\"256\" src=\"https:\/\/stage.fayence-steinzeug-vogt.de\/wp-content\/uploads\/2015\/06\/Nurnberger-Hausmaler-Bosch.jpeg\" alt=\"Bosch, Helmut: Die N\u00fcrnberger Hausmaler. Emailfarbdekor auf Gl\u00e4sern und Fayencen der Barockzeit. M\u00fcnchen: Klinkhardt &amp; Biermann, 1984.\" class=\"wp-image-966\"\/><\/a><\/figure>\n\n\n\n<p><strong>Bosch, Helmut:<\/strong><br>Die N\u00fcrnberger Hausmaler. Emailfarbdekor auf Gl\u00e4sern und Fayencen der Barockzeit.<br>M\u00fcnchen: Klinkhardt &amp; Biermann, 1984.<\/p>\n","protected":false},"excerpt":{"rendered":"<p>N\u00fcrnberger Fayence Hausmalerkrug von Abraham Helmhack um 1690 N\u00fcrnberger Hausmalerkrug von Abraham Helmhack um 1690 &#8211; H. 24 cm Wei\u00df glasierter Birnkrug aus der Frankfurter oder Hanauer Manufaktur, mit leuchtend bunten Muffelfarben bemalt.Auf der Schauseite rundes Medaillon, gerahmt von Rosenzweigen mit drei gro\u00dfen roten Bl\u00fcten.Im Bildfeld die stimmungsvolle Darstellung eines wandernden Bauern mit seiner Frau [&hellip;]<\/p>\n","protected":false},"author":2,"featured_media":8603,"comment_status":"closed","ping_status":"closed","sticky":false,"template":"","format":"standard","meta":{"footnotes":""},"categories":[31,30],"tags":[38,39,40,49,261,406,407,430],"class_list":["post-961","post","type-post","status-publish","format-standard","has-post-thumbnail","hentry","category-faience","category-expert-knowledge","tag-17-jahrhundert","tag-17th-century-art","tag-17thcentury","tag-abraham-helmhack","tag-hausmalerkrug","tag-muffelfarben","tag-muffelmalerei","tag-nuernberg"],"_links":{"self":[{"href":"https:\/\/www.fayence-steinzeug-vogt.de\/en\/wp-json\/wp\/v2\/posts\/961","targetHints":{"allow":["GET"]}}],"collection":[{"href":"https:\/\/www.fayence-steinzeug-vogt.de\/en\/wp-json\/wp\/v2\/posts"}],"about":[{"href":"https:\/\/www.fayence-steinzeug-vogt.de\/en\/wp-json\/wp\/v2\/types\/post"}],"author":[{"embeddable":true,"href":"https:\/\/www.fayence-steinzeug-vogt.de\/en\/wp-json\/wp\/v2\/users\/2"}],"replies":[{"embeddable":true,"href":"https:\/\/www.fayence-steinzeug-vogt.de\/en\/wp-json\/wp\/v2\/comments?post=961"}],"version-history":[{"count":4,"href":"https:\/\/www.fayence-steinzeug-vogt.de\/en\/wp-json\/wp\/v2\/posts\/961\/revisions"}],"predecessor-version":[{"id":8610,"href":"https:\/\/www.fayence-steinzeug-vogt.de\/en\/wp-json\/wp\/v2\/posts\/961\/revisions\/8610"}],"wp:featuredmedia":[{"embeddable":true,"href":"https:\/\/www.fayence-steinzeug-vogt.de\/en\/wp-json\/wp\/v2\/media\/8603"}],"wp:attachment":[{"href":"https:\/\/www.fayence-steinzeug-vogt.de\/en\/wp-json\/wp\/v2\/media?parent=961"}],"wp:term":[{"taxonomy":"category","embeddable":true,"href":"https:\/\/www.fayence-steinzeug-vogt.de\/en\/wp-json\/wp\/v2\/categories?post=961"},{"taxonomy":"post_tag","embeddable":true,"href":"https:\/\/www.fayence-steinzeug-vogt.de\/en\/wp-json\/wp\/v2\/tags?post=961"}],"curies":[{"name":"wp","href":"https:\/\/api.w.org\/{rel}","templated":true}]}}