{"id":974,"date":"2020-06-26T12:40:00","date_gmt":"2020-06-26T10:40:00","guid":{"rendered":"http:\/\/www.fayence-steinzeug-vogt.de\/?p=974"},"modified":"2023-09-02T14:48:34","modified_gmt":"2023-09-02T12:48:34","slug":"hausmaler-krug-johann-schaper","status":"publish","type":"post","link":"https:\/\/www.fayence-steinzeug-vogt.de\/en\/hausmaler-krug-johann-schaper\/","title":{"rendered":"Hausmaler Krug | Johann Schaper"},"content":{"rendered":"\n<h3 class=\"wp-block-heading\">N\u00fcrnberger Hausmalerkrug von Johann Schaper datiert 1670<\/h3>\n\n\n\n<p>Wei\u00df glasierter <strong>Birnkrug<\/strong> aus der <strong>Delfter<\/strong> <strong>Manufaktur<\/strong>, der von<strong> <a rel=\"noopener\" href=\"https:\/\/de.wikipedia.org\/wiki\/Johann_Schaper\" target=\"_blank\">Johann Schaper <\/a>in N\u00fcrnberg<\/strong><br>in<strong> sepiabrauner Schwarzlotmalerei<\/strong> dekoriert wurde.<br>Die Wandung ist mit einem umlaufenden, nach unten begrenzten <strong>Bildfries<\/strong> nach<br>2 <strong>Radierungen<\/strong> von <strong><a rel=\"noopener\" href=\"https:\/\/de.wikipedia.org\/wiki\/Gabriel_Perelle\" target=\"_blank\">Gabriel Perelle<\/a><\/strong> (1603 &#8211; 1677) bemalt.<br>Am Ufer eines Flusses m\u00e4chtige Ruine einer Villa, die von Blattwerk \u00fcberwuchert ist.<br>Vor<strong> italienischer Landschaft<\/strong> mit weiteren Geb\u00e4uden und Tieren ein vor\u00fcberschreitender Herr mit Kind.<br>Am unteren <strong>Bildrand<\/strong>, die aus der Farbe gekratzte <strong>Datierung 1670<\/strong>.<\/p>\n\n\n\n<figure class=\"wp-block-image size-large\"><img loading=\"lazy\" decoding=\"async\" width=\"555\" height=\"1024\" src=\"https:\/\/stage.fayence-steinzeug-vogt.de\/wp-content\/uploads\/2015\/06\/Hausmaler_1.Katalog_Antike-e1553695045647-555x1024.jpg\" alt=\"1\/th century Nurnberg Faience Jug Johann Schaper dated 1670\" class=\"wp-image-977\" srcset=\"https:\/\/www.fayence-steinzeug-vogt.de\/wp-content\/uploads\/2015\/06\/Hausmaler_1.Katalog_Antike-e1553695045647-555x1024.jpg 555w, https:\/\/www.fayence-steinzeug-vogt.de\/wp-content\/uploads\/2015\/06\/Hausmaler_1.Katalog_Antike-e1553695045647-163x300.jpg 163w, https:\/\/www.fayence-steinzeug-vogt.de\/wp-content\/uploads\/2015\/06\/Hausmaler_1.Katalog_Antike-e1553695045647.jpg 695w\" sizes=\"(max-width: 555px) 100vw, 555px\" \/><figcaption class=\"wp-element-caption\">N\u00fcrnberger Hausmalerkrug von Johann Schaper 1670 datiert<\/figcaption><\/figure>\n\n\n<div class=\"wp-block-image\">\n<figure class=\"alignright\"><a href=\"https:\/\/stage.fayence-steinzeug-vogt.de\/wp-content\/uploads\/2015\/06\/Deckel_Schaber_1990_kl.jpg\"><img loading=\"lazy\" decoding=\"async\" width=\"300\" height=\"293\" src=\"https:\/\/stage.fayence-steinzeug-vogt.de\/wp-content\/uploads\/2015\/06\/Deckel_Schaber_1990_kl-300x293.jpg\" alt=\"Deckel N\u00fcrnberger Hausmalerkrug von Johann Schaper 1670 datiert - Kupfer feuervergoldet mit fein ziseliertem und graviertem Landschaftsdekor\" class=\"wp-image-979\" srcset=\"https:\/\/www.fayence-steinzeug-vogt.de\/wp-content\/uploads\/2015\/06\/Deckel_Schaber_1990_kl-300x293.jpg 300w, https:\/\/www.fayence-steinzeug-vogt.de\/wp-content\/uploads\/2015\/06\/Deckel_Schaber_1990_kl.jpg 517w\" sizes=\"(max-width: 300px) 100vw, 300px\" \/><\/a><figcaption class=\"wp-element-caption\">Deckel N\u00fcrnberger Hausmalerkrug von Johann Schaper 1670 datiert &#8211; Kupfer feuervergoldet mit fein ziseliertem und graviertem Landschaftsdekor<\/figcaption><\/figure>\n<\/div>\n\n\n<p><strong>Die vielseitig begabten Hausmaler waren K\u00fcnstler in mehreren Handwerkszweigen:<\/strong><br><strong> So waren beispielsweise <a title=\"Johann Schaper\" href=\"https:\/\/de.wikipedia.org\/wiki\/Johann_Schaper\">Johann Schaper<\/a> und <a class=\"new\" title=\"Abraham Helmhack (Seite nicht vorhanden)\" href=\"https:\/\/de.wikipedia.org\/w\/index.php?title=Abraham_Helmhack&amp;action=edit&amp;redlink=1\">Abraham Helmhack<\/a> aus N\u00fcrnberg sowie <a title=\"Ignaz Preissler\" href=\"https:\/\/de.wikipedia.org\/wiki\/Ignaz_Preissler\">Ignaz Preissler<\/a> aus Breslau gleichzeitig Glasmaler und f\u00fcr die Technik der <a title=\"Schwarzlotmalerei\" href=\"https:\/\/de.wikipedia.org\/wiki\/Schwarzlotmalerei\">Schwarzlotmalerei<\/a> bekannt. <a title=\"Bartholom\u00e4us Seuter\" href=\"https:\/\/de.wikipedia.org\/wiki\/Bartholom%C3%A4us_Seuter\">Bartholom\u00e4us Seuter<\/a> (1678\u20131754) aus Augsburg war gleichzeitig Kupferstecher und Modellschneider, Goldschmied und Seidenf\u00e4rber.<\/strong><br><strong> Diese Vielseitigkeit erm\u00f6glichte es Ihnen sich nicht durch einen festen Vertrag an eine Manufaktur zu binden. Vielmehr f\u00fchrten sie selbst\u00e4ndig in eigener Werkstatt Auftragsarbeiten durch.<\/strong><br><strong> Quelle <a href=\"https:\/\/de.wikipedia.org\/wiki\/Hausmaler\" target=\"_blank\" rel=\"noopener\">Wikipedia<\/a><\/strong><\/p>\n\n\n\n<p>Der <a href=\"https:\/\/de.wikipedia.org\/wiki\/Hausmaler\" target=\"_blank\" rel=\"noopener\">Hausmaler&nbsp; <\/a><strong>Johann Schaper&nbsp;<\/strong> wurde am 12. Juli 1635 in Harburg in der N\u00e4he von Hamburg getauft. 1654 d\u00fcrfte er sich auf Wanderschaft begeben haben und kommt \u00fc<strong>ber Prag und Augsburg am 23. August 1655 nach N\u00fcrnberg<\/strong>. Am 30. Januar <strong>1658<\/strong> erteilt der N\u00fcrnberger Rat J<strong>ohann Schaper<\/strong> das <strong>Meisterrecht<\/strong>. Er \u00fcbertrug als erster den <strong>Schwarzlotdekor<\/strong> auf Hohlglas und Fayence. Seine Technik der <strong>miniaturhaften Schwarzlotmalere<\/strong>i, verbunden mit feinster <strong>Nadelradierung<\/strong> sowie <strong>meisterliche Beherrschung der Perspektive<\/strong> wurde von keinem seiner Sch\u00fcler erreicht. Im Februar 1670 stirbt Johann Schaper in N\u00fcrnberg.<\/p>\n\n\n\n<h3 class=\"wp-block-heading\">Vergleichsst\u00fccke im Museum:<\/h3>\n\n\n\n<h4 class=\"wp-block-heading\"><a rel=\"noopener\" href=\"http:\/\/www.metmuseum.org\/art\/collection\/search\/200894\" target=\"_blank\">Metropolitan Museum New York<\/a><\/h4>\n\n\n\n<div class=\"wp-block-media-text alignwide is-stacked-on-mobile\"><figure class=\"wp-block-media-text__media\"><img loading=\"lazy\" decoding=\"async\" width=\"398\" height=\"625\" src=\"https:\/\/stage.fayence-steinzeug-vogt.de\/wp-content\/uploads\/2015\/06\/Johann-Schaper-Metropolitan-Museum.jpg\" alt=\"Johann Schaper Faience Jug ca. 1655 Metropolitan Museum http:\/\/www.metmuseum.org\/art\/collection\/search\/200894\" class=\"wp-image-3853 size-full\" srcset=\"https:\/\/www.fayence-steinzeug-vogt.de\/wp-content\/uploads\/2015\/06\/Johann-Schaper-Metropolitan-Museum.jpg 398w, https:\/\/www.fayence-steinzeug-vogt.de\/wp-content\/uploads\/2015\/06\/Johann-Schaper-Metropolitan-Museum-191x300.jpg 191w\" sizes=\"(max-width: 398px) 100vw, 398px\" \/><\/figure><div class=\"wp-block-media-text__content\">\n<p class=\"has-medium-font-size\">Johann Schaper Faience Jug ca. 1655 \u00a9Metropolitan Museum, New York<\/p>\n<\/div><\/div>\n\n\n\n<h4 class=\"wp-block-heading\"><a href=\"https:\/\/collections.vam.ac.uk\/item\/O70694\/tankard-schaper-johann\/\" target=\"_blank\" rel=\"noreferrer noopener\">Victoria &amp; Albert Museum, London<\/a><\/h4>\n\n\n\n<div class=\"wp-block-media-text alignwide is-stacked-on-mobile\"><figure class=\"wp-block-media-text__media\"><img loading=\"lazy\" decoding=\"async\" width=\"768\" height=\"1024\" src=\"https:\/\/stage.fayence-steinzeug-vogt.de\/wp-content\/uploads\/2022\/07\/Victoria-Albert-Museum-London-Johann-Schaper-Faience-Jug-ca.-1663-768x1024.jpg\" alt=\"\" class=\"wp-image-8383 size-full\" srcset=\"https:\/\/www.fayence-steinzeug-vogt.de\/wp-content\/uploads\/2022\/07\/Victoria-Albert-Museum-London-Johann-Schaper-Faience-Jug-ca.-1663-768x1024.jpg 768w, https:\/\/www.fayence-steinzeug-vogt.de\/wp-content\/uploads\/2022\/07\/Victoria-Albert-Museum-London-Johann-Schaper-Faience-Jug-ca.-1663-225x300.jpg 225w, https:\/\/www.fayence-steinzeug-vogt.de\/wp-content\/uploads\/2022\/07\/Victoria-Albert-Museum-London-Johann-Schaper-Faience-Jug-ca.-1663-1152x1536.jpg 1152w, https:\/\/www.fayence-steinzeug-vogt.de\/wp-content\/uploads\/2022\/07\/Victoria-Albert-Museum-London-Johann-Schaper-Faience-Jug-ca.-1663-1536x2048.jpg 1536w, https:\/\/www.fayence-steinzeug-vogt.de\/wp-content\/uploads\/2022\/07\/Victoria-Albert-Museum-London-Johann-Schaper-Faience-Jug-ca.-1663.jpg 1875w\" sizes=\"(max-width: 768px) 100vw, 768px\" \/><\/figure><div class=\"wp-block-media-text__content\">\n<p class=\"has-medium-font-size\">Tin-glazed earthenware tankard painted in enamel petit feu colours including monochrome black (Schwarzlot technique). Loop handle, cover and foot painted with festoons of fruit tied with blue ribbons. On either side of the landscape is painted a bunch of fruit suspended from a lion mask and inside the cover is a coat of arms. H. 22 cm<br><br><a href=\"https:\/\/collections.vam.ac.uk\/item\/O70694\/tankard-schaper-johann\/\">https:\/\/collections.vam.ac.uk\/item\/O70694\/tankard-schaper-johann\/<\/a><\/p>\n\n\n\n<p>\u00a9Victoria &amp; Albert Museum, London<\/p>\n<\/div><\/div>\n\n\n\n<h4 class=\"wp-block-heading\"><a href=\"https:\/\/www.bayerisches-nationalmuseum.de\/\" data-type=\"link\" data-id=\"https:\/\/www.bayerisches-nationalmuseum.de\/\">Bayerisches Nationalmuseum, M\u00fcnchen<\/a><\/h4>\n\n\n\n<div class=\"wp-block-media-text is-stacked-on-mobile\"><figure class=\"wp-block-media-text__media\"><img loading=\"lazy\" decoding=\"async\" width=\"765\" height=\"1024\" src=\"https:\/\/www.fayence-steinzeug-vogt.de\/wp-content\/uploads\/2023\/09\/BNM-Schaper-Fayence-Birnkrug-765x1024.jpg\" alt=\"\" class=\"wp-image-11407 size-full\" srcset=\"https:\/\/www.fayence-steinzeug-vogt.de\/wp-content\/uploads\/2023\/09\/BNM-Schaper-Fayence-Birnkrug-765x1024.jpg 765w, https:\/\/www.fayence-steinzeug-vogt.de\/wp-content\/uploads\/2023\/09\/BNM-Schaper-Fayence-Birnkrug-224x300.jpg 224w, https:\/\/www.fayence-steinzeug-vogt.de\/wp-content\/uploads\/2023\/09\/BNM-Schaper-Fayence-Birnkrug-768x1028.jpg 768w, https:\/\/www.fayence-steinzeug-vogt.de\/wp-content\/uploads\/2023\/09\/BNM-Schaper-Fayence-Birnkrug-1148x1536.jpg 1148w, https:\/\/www.fayence-steinzeug-vogt.de\/wp-content\/uploads\/2023\/09\/BNM-Schaper-Fayence-Birnkrug-1530x2048.jpg 1530w, https:\/\/www.fayence-steinzeug-vogt.de\/wp-content\/uploads\/2023\/09\/BNM-Schaper-Fayence-Birnkrug-scaled.jpg 1913w\" sizes=\"(max-width: 765px) 100vw, 765px\" \/><\/figure><div class=\"wp-block-media-text__content\">\n<p>Johann Schaper (Hausmaler)<br>Hanau (Fayence), N\u00fcrnberg (Bemalung)<br>Datierung<br>Fayence: um 1660-1670; <br>Bemalung: zwischen 1663 und 1665<\/p>\n\n\n\n<p>BIRNKRUG MIT ANSICHT VON SS. GIOVANNI E PAOLO IN ROM<\/p>\n\n\n\n<p>Birnkrug mit Ruinenlandschaft <br>Dekor: Schwarzlot und Gold.<\/p>\n\n\n\n<p>\u00a9BNM, M\u00fcnchen<\/p>\n\n\n\n<p><a href=\"https:\/\/www.bayerisches-nationalmuseum.de\/sammlung\/00052957\">https:\/\/www.bayerisches-nationalmuseum.de\/sammlung\/00052957<\/a><\/p>\n<\/div><\/div>\n\n\n\n<h3 class=\"wp-block-heading\">Literaturquelle:<\/h3>\n\n\n\n<div class=\"wp-block-media-text alignwide is-stacked-on-mobile\" style=\"grid-template-columns:25% auto\"><figure class=\"wp-block-media-text__media\"><img loading=\"lazy\" decoding=\"async\" width=\"197\" height=\"256\" src=\"https:\/\/stage.fayence-steinzeug-vogt.de\/wp-content\/uploads\/2015\/06\/Nurnberger-Hausmaler-Bosch.jpeg\" alt=\"\" class=\"wp-image-966 size-full\"\/><\/figure><div class=\"wp-block-media-text__content\">\n<p class=\"has-medium-font-size\">Abgebildet auf S. 132 und 133<br><strong>Bosch, Helmut:<\/strong><br>Die N\u00fcrnberger Hausmaler. Emailfarbdekor auf Gl\u00e4sern und Fayencen der Barockzeit.<br>M\u00fcnchen: Klinkhardt &amp; Biermann, 1984.<\/p>\n<\/div><\/div>\n","protected":false},"excerpt":{"rendered":"<p>N\u00fcrnberger Hausmalerkrug von Johann Schaper datiert 1670 Wei\u00df glasierter Birnkrug aus der Delfter Manufaktur, der von Johann Schaper in N\u00fcrnbergin sepiabrauner Schwarzlotmalerei dekoriert wurde.Die Wandung ist mit einem umlaufenden, nach unten begrenzten Bildfries nach2 Radierungen von Gabriel Perelle (1603 &#8211; 1677) bemalt.Am Ufer eines Flusses m\u00e4chtige Ruine einer Villa, die von Blattwerk \u00fcberwuchert ist.Vor italienischer [&hellip;]<\/p>\n","protected":false},"author":2,"featured_media":976,"comment_status":"closed","ping_status":"closed","sticky":false,"template":"","format":"standard","meta":{"footnotes":""},"categories":[31,30],"tags":[38,210,260,261,316,400,430,548],"class_list":["post-974","post","type-post","status-publish","format-standard","has-post-thumbnail","hentry","category-faience","category-expert-knowledge","tag-17-jahrhundert","tag-fayence","tag-hausmaler","tag-hausmalerkrug","tag-johann-schaper","tag-metropolitan-museum","tag-nuernberg","tag-schwarzlotmalerei"],"_links":{"self":[{"href":"https:\/\/www.fayence-steinzeug-vogt.de\/en\/wp-json\/wp\/v2\/posts\/974","targetHints":{"allow":["GET"]}}],"collection":[{"href":"https:\/\/www.fayence-steinzeug-vogt.de\/en\/wp-json\/wp\/v2\/posts"}],"about":[{"href":"https:\/\/www.fayence-steinzeug-vogt.de\/en\/wp-json\/wp\/v2\/types\/post"}],"author":[{"embeddable":true,"href":"https:\/\/www.fayence-steinzeug-vogt.de\/en\/wp-json\/wp\/v2\/users\/2"}],"replies":[{"embeddable":true,"href":"https:\/\/www.fayence-steinzeug-vogt.de\/en\/wp-json\/wp\/v2\/comments?post=974"}],"version-history":[{"count":20,"href":"https:\/\/www.fayence-steinzeug-vogt.de\/en\/wp-json\/wp\/v2\/posts\/974\/revisions"}],"predecessor-version":[{"id":11411,"href":"https:\/\/www.fayence-steinzeug-vogt.de\/en\/wp-json\/wp\/v2\/posts\/974\/revisions\/11411"}],"wp:featuredmedia":[{"embeddable":true,"href":"https:\/\/www.fayence-steinzeug-vogt.de\/en\/wp-json\/wp\/v2\/media\/976"}],"wp:attachment":[{"href":"https:\/\/www.fayence-steinzeug-vogt.de\/en\/wp-json\/wp\/v2\/media?parent=974"}],"wp:term":[{"taxonomy":"category","embeddable":true,"href":"https:\/\/www.fayence-steinzeug-vogt.de\/en\/wp-json\/wp\/v2\/categories?post=974"},{"taxonomy":"post_tag","embeddable":true,"href":"https:\/\/www.fayence-steinzeug-vogt.de\/en\/wp-json\/wp\/v2\/tags?post=974"}],"curies":[{"name":"wp","href":"https:\/\/api.w.org\/{rel}","templated":true}]}}